{"id":19152,"date":"2014-01-02T17:07:19","date_gmt":"2014-01-02T23:07:19","guid":{"rendered":"http:\/\/www.eloriente.net\/home\/?p=19152"},"modified":"2014-01-02T17:08:48","modified_gmt":"2014-01-02T23:08:48","slug":"sat-publicara-lista-de-contribuyentes-incumplidos","status":"publish","type":"post","link":"http:\/\/www.eloriente.net\/home\/2014\/01\/02\/sat-publicara-lista-de-contribuyentes-incumplidos\/","title":{"rendered":"SAT publica lista de contribuyentes incumplidos"},"content":{"rendered":"<p>eloriente.net<\/p>\n<p>2 de enero de 2014<\/p>\n<p>A partir de ayer 1 de enero de 2014, el Sistema de Administraci\u00f3n Tributaria (SAT) hizo p\u00fablico los datos de los contribuyentes que incumplen con sus obligaciones fiscales\u00a0a trav\u00e9s de su p\u00e1gina web; de igual forma el 8 de enero tambi\u00e9n se tendr\u00e1 acceso a la informaci\u00f3n de las empresas que simulan operaciones y emiten facturas ap\u00f3crifas.<\/p>\n<p>Estas acciones son consecuentes de la Reforma Hacendaria, en la cual se estipul\u00f3 modificaciones al art\u00edculo 69\u00a0 del C\u00f3digo Fiscal de la Federaci\u00f3n, estableciendo excepciones a la reserva fiscal; en la que se permite que a partir de enero 2014 se d\u00e9 a conocer nombre, raz\u00f3n social y RFC de los contribuyentes incumplidos que se encuentren en los siguientes supuestos:<\/p>\n<ul>\n<li>Que tengan cr\u00e9ditos fiscales firmes<\/li>\n<li>Que tengan cr\u00e9ditos fiscales que no han pagado o no han sido garantizados<\/li>\n<li>Que no sea posible localizarlos en su domicilio fiscal<\/li>\n<li>Que tengan sentencia condenatoria por haber cometido un delito fiscal<\/li>\n<li>Que se les haya cancelado o condonado alg\u00fan adeudo fiscal, a partir del 1 de enero de 2014<\/li>\n<\/ul>\n<p>Esta medida obedece al inter\u00e9s prioritario del SAT de informar a los contribuyentes y a la opini\u00f3n p\u00fablica en general la relaci\u00f3n de datos de contribuyentes incumplidos para que tengan elementos de decisi\u00f3n al momento de realizar cualquier transacci\u00f3n comercial.<\/p>\n<p>Los contribuyentes que est\u00e9n inconformes con la publicaci\u00f3n de sus datos, en la misma aplicaci\u00f3n donde se da a conocer la lista pueden generar su l\u00ednea de captura para pagar o bien presentar una aclaraci\u00f3n.<\/p>\n<p>El SAT resolver\u00e1 la solicitud de aclaraci\u00f3n en tres d\u00edas h\u00e1biles y en caso de resultar procedente, se eliminar\u00e1n los datos publicados en la siguiente actualizaci\u00f3n de la informaci\u00f3n, misma que se efectuar\u00e1 cada 15 d\u00edas.<\/p>\n<p>Da click a la liga de enlace para consultar la <a href=\"https:\/\/siat.sat.gob.mx\/PTSC\/index.jsp?opcion=4\" target=\"_blank\">relaci\u00f3n de contribuyentes incumplidos<\/a>.<\/p>\n<p>&nbsp;<\/p>\n<p><a href=\"http:\/\/www.eloriente.net\/home\/wp-content\/uploads\/2014\/01\/SAT.png\"><img loading=\"lazy\" decoding=\"async\" class=\"alignnone size-medium wp-image-19155\" title=\"SAT\" src=\"http:\/\/www.eloriente.net\/home\/wp-content\/uploads\/2014\/01\/SAT-300x223.png\" alt=\"\" width=\"300\" height=\"223\" srcset=\"http:\/\/www.eloriente.net\/home\/wp-content\/uploads\/2014\/01\/SAT-300x223.png 300w, http:\/\/www.eloriente.net\/home\/wp-content\/uploads\/2014\/01\/SAT.png 1009w\" sizes=\"(max-width: 300px) 100vw, 300px\" \/><\/a><\/p>\n<p>Imagen: sat.gob.mx<\/p>\n<p>&nbsp;<\/p>\n<p><strong>Entradas relacionadas:\u00a0<\/strong><\/p>\n<p><a title=\"Permalink to Aprob\u00f3 Senado Miscel\u00e1nea Fiscal 2014; devuelve proyecto a Diputados\" href=\"http:\/\/www.eloriente.net\/home\/2013\/10\/31\/aprobo-senado-en-lo-general-miscelanea-fiscal-2014-aun-se-discutiran-reservas\/\" rel=\"bookmark\">Aprob\u00f3 Senado Miscel\u00e1nea Fiscal 2014; devuelve proyecto a Diputados<\/a><\/p>\n<p><a href=\"http:\/\/www.eloriente.net\/home\/2013\/10\/31\/aprobo-senado-en-lo-general-miscelanea-fiscal-2014-aun-se-discutiran-reservas\/\" rel=\"bookmark\"><img decoding=\"async\" title=\"Aprob\u00f3 Senado Miscel\u00e1nea Fiscal 2014; devuelve proyecto a Diputados\" src=\"http:\/\/www.eloriente.net\/home\/wp-content\/themes\/city-desk\/timthumb.php?src=http%3A%2F%2Fwww.eloriente.net%2Fhome%2Fwp-content%2Fuploads%2F2013%2F10%2FSenado-miscelanea.jpg&amp;q=90&amp;w=160&amp;h=106&amp;zc=1\" alt=\"Aprob\u00f3 Senado Miscel\u00e1nea Fiscal 2014; devuelve proyecto a Diputados\" \/><\/a><\/p>\n<p>eloriente.net\/C\u00e1mara de Senadores Actualizaci\u00f3n 31 de octubre de 2013 El Pleno del Senado aprob\u00f3 en lo general y en lo particular el proyecto de decreto que reforma diversas disposiciones de las leyes del Impuesto al Valor Agregado (IVA), del Impuesto Especial Sobre Producci\u00f3n y Servicios (IEPS) y Federal de Derechos, que expide la Ley del [&#8230;]<\/p>\n<p>October 31, 2013<\/p>\n<p><a title=\"Permalink to A prop\u00f3sito de Reforma Fiscal: \u00bfQu\u00e9 es el balance estructural?: CIDE\" href=\"http:\/\/www.eloriente.net\/home\/2013\/10\/19\/a-proposito-de-reforma-fiscal-que-es-el-balance-estructural-cide\/\" rel=\"bookmark\">A prop\u00f3sito de Reforma Fiscal: \u00bfQu\u00e9 es el balance estructural?: CIDE<\/a><\/p>\n<p><a href=\"http:\/\/www.eloriente.net\/home\/2013\/10\/19\/a-proposito-de-reforma-fiscal-que-es-el-balance-estructural-cide\/\" rel=\"bookmark\"><img decoding=\"async\" title=\"A prop\u00f3sito de Reforma Fiscal: \u00bfQu\u00e9 es el balance estructural?: CIDE\" src=\"http:\/\/www.eloriente.net\/home\/wp-content\/themes\/city-desk\/timthumb.php?src=http%3A%2F%2Fwww.eloriente.net%2Fhome%2Fwp-content%2Fuploads%2F2013%2F10%2FInvestigador-CIDE.png&amp;q=90&amp;w=160&amp;h=106&amp;zc=1\" alt=\"A prop\u00f3sito de Reforma Fiscal: \u00bfQu\u00e9 es el balance estructural?: CIDE\" \/><\/a><\/p>\n<p>eloriente.net\/CIDE 19 de octubre de 2013 El Centro de Investigaci\u00f3n y Docencia Econ\u00f3mica produce estos videos de orientaci\u00f3n que por su sencillez y adecuada planeaci\u00f3n resultan muy \u00fatiles para entender los tiempos que vivimos. En este caso, Alejandro Villag\u00f3mez explica \u201cbrevemente el concepto de una regla fiscal de balance estructural. \u00c9ste es un instrumento de [&#8230;]<\/p>\n<p>October 19, 2013<\/p>\n<p><a title=\"Permalink to 10 posturas sobre Reforma Hacendaria en M\u00e9xico\" href=\"http:\/\/www.eloriente.net\/home\/2013\/09\/09\/10-posturas-sobre-reforma-hacendaria-en-mexico\/\" rel=\"bookmark\">10 posturas sobre Reforma Hacendaria en M\u00e9xico<\/a><\/p>\n<p><a href=\"http:\/\/www.eloriente.net\/home\/2013\/09\/09\/10-posturas-sobre-reforma-hacendaria-en-mexico\/\" rel=\"bookmark\"><img decoding=\"async\" title=\"10 posturas sobre Reforma Hacendaria en M\u00e9xico\" src=\"http:\/\/www.eloriente.net\/home\/wp-content\/themes\/city-desk\/timthumb.php?src=http%3A%2F%2Fwww.eloriente.net%2Fhome%2Fwp-content%2Fuploads%2F2013%2F05%2FAlgunos-derechos-reservados-por-emanuel-balanzategu-justicia.jpg&amp;q=90&amp;w=160&amp;h=106&amp;zc=1\" alt=\"10 posturas sobre Reforma Hacendaria en M\u00e9xico\" \/><\/a><\/p>\n<p>eloriente.net 9 de septiembre de 2013 eloriente.net (Oaxaca, Oax. a 9 de septiembre de 2013).- Ante la Reforma Hacendaria presentada ayer por el gobierno federal, diversos actores y analistas en M\u00e9xico han publicado posicionamientos y opiniones con respecto a los contenidos de esta Reforma. Con el objeto de dar seguimiento a las mismas, ELORIENTE.NET presenta [&#8230;]<\/p>\n<p>September 9, 2013<\/p>\n\n\t\t\t  <div \n\t\t\t  \tclass = \"fb-comments\" \n\t\t\t  \tdata-href = \"http:\/\/www.eloriente.net\/home\/2014\/01\/02\/sat-publicara-lista-de-contribuyentes-incumplidos\/\"\n\t\t\t  \tdata-numposts = \"10\"\n\t\t\t\tdata-colorscheme = \"dark\"\n\t\t\t\tdata-order-by = \"social\"\n\t\t\t\tdata-mobile=true>\n\t\t\t  <\/div>\n\t\t  <style>\n\t\t\t.fb_iframe_widget_fluid_desktop iframe {\n\t\t\t    width: 100% !important;\n\t\t\t}\n\t\t  <\/style>\n\t\t  ","protected":false},"excerpt":{"rendered":"<p>eloriente.net 2 de enero de 2014 A partir de ayer 1 de enero de 2014, el Sistema de Administraci\u00f3n Tributaria (SAT) hizo p\u00fablico los datos de los contribuyentes que incumplen con sus obligaciones fiscales\u00a0a trav\u00e9s de su p\u00e1gina web; de igual forma el 8 de enero tambi\u00e9n se tendr\u00e1 acceso a la informaci\u00f3n de las [&hellip;]<\/p>\n","protected":false},"author":26,"featured_media":19155,"comment_status":"open","ping_status":"open","sticky":false,"template":"","format":"standard","meta":{"_jetpack_memberships_contains_paid_content":false,"footnotes":""},"categories":[32,10,23,21],"tags":[],"class_list":["post-19152","post","type-post","status-publish","format-standard","has-post-thumbnail","hentry","category-entradas","category-lo-mas-reciente","category-municipios","category-politica-y-gobierno"],"jetpack_featured_media_url":"http:\/\/www.eloriente.net\/home\/wp-content\/uploads\/2014\/01\/SAT.png","jetpack_sharing_enabled":true,"_links":{"self":[{"href":"http:\/\/www.eloriente.net\/home\/wp-json\/wp\/v2\/posts\/19152"}],"collection":[{"href":"http:\/\/www.eloriente.net\/home\/wp-json\/wp\/v2\/posts"}],"about":[{"href":"http:\/\/www.eloriente.net\/home\/wp-json\/wp\/v2\/types\/post"}],"author":[{"embeddable":true,"href":"http:\/\/www.eloriente.net\/home\/wp-json\/wp\/v2\/users\/26"}],"replies":[{"embeddable":true,"href":"http:\/\/www.eloriente.net\/home\/wp-json\/wp\/v2\/comments?post=19152"}],"version-history":[{"count":4,"href":"http:\/\/www.eloriente.net\/home\/wp-json\/wp\/v2\/posts\/19152\/revisions"}],"predecessor-version":[{"id":19157,"href":"http:\/\/www.eloriente.net\/home\/wp-json\/wp\/v2\/posts\/19152\/revisions\/19157"}],"wp:featuredmedia":[{"embeddable":true,"href":"http:\/\/www.eloriente.net\/home\/wp-json\/wp\/v2\/media\/19155"}],"wp:attachment":[{"href":"http:\/\/www.eloriente.net\/home\/wp-json\/wp\/v2\/media?parent=19152"}],"wp:term":[{"taxonomy":"category","embeddable":true,"href":"http:\/\/www.eloriente.net\/home\/wp-json\/wp\/v2\/categories?post=19152"},{"taxonomy":"post_tag","embeddable":true,"href":"http:\/\/www.eloriente.net\/home\/wp-json\/wp\/v2\/tags?post=19152"}],"curies":[{"name":"wp","href":"https:\/\/api.w.org\/{rel}","templated":true}]}}