{"id":19159,"date":"2014-01-02T18:17:51","date_gmt":"2014-01-03T00:17:51","guid":{"rendered":"http:\/\/www.eloriente.net\/home\/?p=19159"},"modified":"2014-01-02T18:18:45","modified_gmt":"2014-01-03T00:18:45","slug":"coleccion-las-quince-letras-busca-generar-el-interes-de-los-jovenes-en-la-literatura","status":"publish","type":"post","link":"http:\/\/www.eloriente.net\/home\/2014\/01\/02\/coleccion-las-quince-letras-busca-generar-el-interes-de-los-jovenes-en-la-literatura\/","title":{"rendered":"Colecci\u00f3n \u201cLas quince letras\u201d busca generar inter\u00e9s de los j\u00f3venes en la literatura"},"content":{"rendered":"<p>eloriente.net\/<a href=\"http:\/\/www.uabjo.mx\" target=\"_blank\">UABJO<\/a><\/p>\n<p>2 de enero de 2014<\/p>\n<p>Con el objetivo de fomentar el inter\u00e9s por la lectura entre estudiantes de nivel medio superior, el Instituto de Investigaciones en Humanidades de la Universidad Aut\u00f3noma \u201cBenito Ju\u00e1rez\u201d de Oaxaca (IIHUABJO), present\u00f3 tres nuevos t\u00edtulos de la colecci\u00f3n \u201cLas quince letras\u201d, como cierre de la Segunda Jornada Acad\u00e9mica de Oto\u00f1o, organizada por la misma instituci\u00f3n.<\/p>\n<p>La presentaci\u00f3n de las obras corri\u00f3 a cargo de Claudio S\u00e1nchez Islas, Iskra Villalobos Audiffred y Francisco Jos\u00e9 Ru\u00edz Hern\u00e1ndez, quienes comentaron los t\u00edtulos correspondientes a las letras \u201cD\u201d, \u201cE\u201d y \u201cF\u201d, bajo los t\u00edtulos \u201cOaxaca\u201d de Manuel Toussaint, \u201cLa Monta\u00f1a Virgen\u201d de Enrique Oth\u00f3n D\u00edaz y \u201cEl Mercurio Indiano\u201d de Patricio L\u00f3pez.<\/p>\n<p>En su mensaje, Franco Gabriel Hern\u00e1ndez, Director del IIHUABJO, se\u00f1al\u00f3 que con esta colecci\u00f3n se busca generar el inter\u00e9s de los j\u00f3venes en la literatura, a fin de que adquieran el h\u00e1bito de la lectura y encuentren en las letras una forma entretenida de acercarse a la cultura y el conocimiento.<\/p>\n<p>Asimismo, el funcionario universitario adelant\u00f3 que algunos de los t\u00edtulos que se tiene contemplados incluir en la colecci\u00f3n son \u201cLos Laureles de Oaxaca\u201d de Francisco Giner de Los R\u00edos y \u201cMayordom\u00eda, farolito y otros relatos\u201d de Rogelio Barriga Rivas.<\/p>\n<p>Actualmente, el programa de difusi\u00f3n y entrega de bibliograf\u00eda se ha realizado en las preparatorias 3,6 y 7, con el apoyo de alumnos de Historia y Literatura, as\u00ed como maestros integrantes del Cuerpo Acad\u00e9mico Historia, Literatura y Cultura de Oaxaca, conformando c\u00edrculos de lectura donde han participado animosamente los alumnos preparatorianos.<\/p>\n<p>&nbsp;<\/p>\n<p><a href=\"http:\/\/www.eloriente.net\/home\/wp-content\/uploads\/2014\/01\/uabjo.jpg\"><img loading=\"lazy\" decoding=\"async\" class=\"alignnone size-medium wp-image-19160\" title=\"uabjo\" src=\"http:\/\/www.eloriente.net\/home\/wp-content\/uploads\/2014\/01\/uabjo-300x200.jpg\" alt=\"\" width=\"300\" height=\"200\" srcset=\"http:\/\/www.eloriente.net\/home\/wp-content\/uploads\/2014\/01\/uabjo-300x200.jpg 300w, http:\/\/www.eloriente.net\/home\/wp-content\/uploads\/2014\/01\/uabjo-1024x682.jpg 1024w, http:\/\/www.eloriente.net\/home\/wp-content\/uploads\/2014\/01\/uabjo.jpg 1126w\" sizes=\"(max-width: 300px) 100vw, 300px\" \/><\/a><\/p>\n<p>Foto:UABJO<\/p>\n<p>&nbsp;<\/p>\n<p><strong>Entradas relacionadas:\u00a0<\/strong><\/p>\n<p><a title=\"Permalink to Centro de Educaci\u00f3n Continua ofrece diversos cursos acad\u00e9micos\" href=\"http:\/\/www.eloriente.net\/home\/2013\/12\/31\/centro-de-educacion-continua-ofrece-diversos-cursos-academicos\/\" rel=\"bookmark\">Centro de Educaci\u00f3n Continua ofrece diversos cursos acad\u00e9micos<\/a><\/p>\n<p><a href=\"http:\/\/www.eloriente.net\/home\/2013\/12\/31\/centro-de-educacion-continua-ofrece-diversos-cursos-academicos\/\" rel=\"bookmark\"><img decoding=\"async\" title=\"Centro de Educaci\u00f3n Continua ofrece diversos cursos acad\u00e9micos\" src=\"http:\/\/www.eloriente.net\/home\/wp-content\/themes\/city-desk\/timthumb.php?src=http%3A%2F%2Fwww.eloriente.net%2Fhome%2Fwp-content%2Fuploads%2F2013%2F12%2FUABJO-continua.jpg&amp;q=90&amp;w=160&amp;h=106&amp;zc=1\" alt=\"Centro de Educaci\u00f3n Continua ofrece diversos cursos acad\u00e9micos\" \/><\/a><\/p>\n<p>eloriente.net\/UABJO 31 de diciembre de 2013 El Centro de Educaci\u00f3n Continua, Abierta y a Distancia de la Universidad Aut\u00f3noma \u201cBenito Ju\u00e1rez\u201d de Oaxaca (CECAD-UABJO) iniciar\u00e1 el curso de Estrategias de Motivaci\u00f3n en el Aula y el Curso de Preparaci\u00f3n, Asesor\u00eda para el Examen de Admisi\u00f3n a la UNAM Febrero 2014 y Herramientas inform\u00e1ticas para la [&#8230;]<\/p>\n<p>December 31, 2013<\/p>\n<div id=\"post-19058\">\n<p><a title=\"Permalink to Programa de Fomento a la Investigaci\u00f3n apoya a proyectos en ciencias\" href=\"http:\/\/www.eloriente.net\/home\/2013\/12\/30\/programa-de-fomento-a-la-investigacion-apoya-a-proyectos-en-ciencias\/\" rel=\"bookmark\">Programa de Fomento a la Investigaci\u00f3n apoya a proyectos en ciencias<\/a><\/p>\n<p><a href=\"http:\/\/www.eloriente.net\/home\/2013\/12\/30\/programa-de-fomento-a-la-investigacion-apoya-a-proyectos-en-ciencias\/\" rel=\"bookmark\"><img decoding=\"async\" title=\"Programa de Fomento a la Investigaci\u00f3n apoya a proyectos en ciencias\" src=\"http:\/\/www.eloriente.net\/home\/wp-content\/themes\/city-desk\/timthumb.php?src=http%3A%2F%2Fwww.eloriente.net%2Fhome%2Fwp-content%2Fuploads%2F2013%2F12%2Fciencias-UABJO.jpg&amp;q=90&amp;w=160&amp;h=106&amp;zc=1\" alt=\"Programa de Fomento a la Investigaci\u00f3n apoya a proyectos en ciencias\" \/><\/a>eloriente.net\/UABJO 30 de diciembre de 2013 La Universidad Aut\u00f3noma \u201cBenito Ju\u00e1rez\u201d de Oaxaca (UABJO) a trav\u00e9s de su Programa de Fomento a la Investigaci\u00f3n, apoya seis proyectos en la Escuela de Ciencias, mismos que se encuentran ya en proceso, con la participaci\u00f3n de docentes, estudiantes y tesistas. Cabe mencionar que para fomentar la inversi\u00f3n en [&#8230;]<\/p>\n<p>December 30, 2013<\/p>\n<\/div>\n<div id=\"post-18995\">\n<p><a title=\"Permalink to Se presenta \u201cTierra Adentro\u201d en Encuentro Nacional de Escritores\" href=\"http:\/\/www.eloriente.net\/home\/2013\/12\/27\/se-presenta-tierra-adentro-en-encuentro-nacional-de-escritores\/\" rel=\"bookmark\">Se presenta \u201cTierra Adentro\u201d en Encuentro Nacional de Escritores<\/a><\/p>\n<p><a href=\"http:\/\/www.eloriente.net\/home\/2013\/12\/27\/se-presenta-tierra-adentro-en-encuentro-nacional-de-escritores\/\" rel=\"bookmark\"><img decoding=\"async\" title=\"Se presenta \u201cTierra Adentro\u201d en Encuentro Nacional de Escritores\" src=\"http:\/\/www.eloriente.net\/home\/wp-content\/themes\/city-desk\/timthumb.php?src=http%3A%2F%2Fwww.eloriente.net%2Fhome%2Fwp-content%2Fuploads%2F2013%2F12%2FUABJO.jpg&amp;q=90&amp;w=160&amp;h=106&amp;zc=1\" alt=\"Se presenta \u201cTierra Adentro\u201d en Encuentro Nacional de Escritores\" \/><\/a>eloriente.net\/UABJO 27 de noviembre de 2013 Con el objetivo de crear un espacio para la reflexi\u00f3n, el an\u00e1lisis y la convivencia entre autores y lectores, el Instituto de Investigaciones en Humanidades de la Universidad Aut\u00f3noma \u201cBenito Ju\u00e1rez\u201d de Oaxaca (IIHUABJO) fue sede del XIII Encuentro Nacional de escritores \u201cTierra Adentro\u201d, organizado en coordinaci\u00f3n con el [&#8230;]<\/p>\n<p>December 27, 2013<\/p>\n<\/div>\n\n\t\t\t  <div \n\t\t\t  \tclass = \"fb-comments\" \n\t\t\t  \tdata-href = \"http:\/\/www.eloriente.net\/home\/2014\/01\/02\/coleccion-las-quince-letras-busca-generar-el-interes-de-los-jovenes-en-la-literatura\/\"\n\t\t\t  \tdata-numposts = \"10\"\n\t\t\t\tdata-colorscheme = \"dark\"\n\t\t\t\tdata-order-by = \"social\"\n\t\t\t\tdata-mobile=true>\n\t\t\t  <\/div>\n\t\t  <style>\n\t\t\t.fb_iframe_widget_fluid_desktop iframe {\n\t\t\t    width: 100% !important;\n\t\t\t}\n\t\t  <\/style>\n\t\t  ","protected":false},"excerpt":{"rendered":"<p>eloriente.net\/UABJO 2 de enero de 2014 Con el objetivo de fomentar el inter\u00e9s por la lectura entre estudiantes de nivel medio superior, el Instituto de Investigaciones en Humanidades de la Universidad Aut\u00f3noma \u201cBenito Ju\u00e1rez\u201d de Oaxaca (IIHUABJO), present\u00f3 tres nuevos t\u00edtulos de la colecci\u00f3n \u201cLas quince letras\u201d, como cierre de la Segunda Jornada Acad\u00e9mica de [&hellip;]<\/p>\n","protected":false},"author":26,"featured_media":19160,"comment_status":"open","ping_status":"open","sticky":false,"template":"","format":"standard","meta":{"_jetpack_memberships_contains_paid_content":false,"footnotes":""},"categories":[18,32,10,23,84],"tags":[],"class_list":["post-19159","post","type-post","status-publish","format-standard","has-post-thumbnail","hentry","category-educacion-y-cultura","category-entradas","category-lo-mas-reciente","category-municipios","category-universidades"],"jetpack_featured_media_url":"http:\/\/www.eloriente.net\/home\/wp-content\/uploads\/2014\/01\/uabjo.jpg","jetpack_sharing_enabled":true,"_links":{"self":[{"href":"http:\/\/www.eloriente.net\/home\/wp-json\/wp\/v2\/posts\/19159"}],"collection":[{"href":"http:\/\/www.eloriente.net\/home\/wp-json\/wp\/v2\/posts"}],"about":[{"href":"http:\/\/www.eloriente.net\/home\/wp-json\/wp\/v2\/types\/post"}],"author":[{"embeddable":true,"href":"http:\/\/www.eloriente.net\/home\/wp-json\/wp\/v2\/users\/26"}],"replies":[{"embeddable":true,"href":"http:\/\/www.eloriente.net\/home\/wp-json\/wp\/v2\/comments?post=19159"}],"version-history":[{"count":2,"href":"http:\/\/www.eloriente.net\/home\/wp-json\/wp\/v2\/posts\/19159\/revisions"}],"predecessor-version":[{"id":19162,"href":"http:\/\/www.eloriente.net\/home\/wp-json\/wp\/v2\/posts\/19159\/revisions\/19162"}],"wp:featuredmedia":[{"embeddable":true,"href":"http:\/\/www.eloriente.net\/home\/wp-json\/wp\/v2\/media\/19160"}],"wp:attachment":[{"href":"http:\/\/www.eloriente.net\/home\/wp-json\/wp\/v2\/media?parent=19159"}],"wp:term":[{"taxonomy":"category","embeddable":true,"href":"http:\/\/www.eloriente.net\/home\/wp-json\/wp\/v2\/categories?post=19159"},{"taxonomy":"post_tag","embeddable":true,"href":"http:\/\/www.eloriente.net\/home\/wp-json\/wp\/v2\/tags?post=19159"}],"curies":[{"name":"wp","href":"https:\/\/api.w.org\/{rel}","templated":true}]}}