{"id":19163,"date":"2014-01-02T18:23:34","date_gmt":"2014-01-03T00:23:34","guid":{"rendered":"http:\/\/www.eloriente.net\/home\/?p=19163"},"modified":"2014-01-02T18:23:34","modified_gmt":"2014-01-03T00:23:34","slug":"inaugura-el-poder-judicial-primer-periodo-ordinario-de-sesiones-2014","status":"publish","type":"post","link":"http:\/\/www.eloriente.net\/home\/2014\/01\/02\/inaugura-el-poder-judicial-primer-periodo-ordinario-de-sesiones-2014\/","title":{"rendered":"Inaugura el Poder Judicial primer periodo ordinario de sesiones 2014"},"content":{"rendered":"<p>eloriente.net\/<a href=\"http:\/\/www.tribunaloax.gob.mx \" target=\"_blank\">TSJ<\/a><\/p>\n<p>2 de enero de 2014<\/p>\n<p><strong>En sesiones de Pleno presididas por el magistrado presidente Alfredo Lagunas Rivera, el Honorable Tribunal Superior de Justicia y el Consejo de la Judicatura iniciaron labores.<\/strong><\/p>\n<p>En cumplimiento a lo establecido en la Ley Org\u00e1nica del Poder Judicial, este jueves 2 de enero el Honorable Tribunal Superior de Justicia del Estado y el Consejo de la Judicatura inauguraron el primer per\u00edodo ordinario de sesiones correspondiente al a\u00f1o 2014, en sesiones de Pleno encabezadas por el magistrado presidente, Alfredo Lagunas Rivera.<\/p>\n<p>En su mensaje, el magistrado Lagunas Rivera se\u00f1al\u00f3 que los resultados obtenidos hasta ahora se han logrado con la convicci\u00f3n y esfuerzo de todos los que integran el Poder Judicial para hacer frente a las exigencias de la sociedad, desarrollar proyectos de fortalecimiento institucional y consolidar una administraci\u00f3n de justicia de puertas abiertas, pronta, expedita y transparente.<\/p>\n<p>Durante la sesi\u00f3n del Pleno del Tribunal Superior de Justicia, el Magistrado Presidente afirm\u00f3 que inicia una nueva jornada de labores que este a\u00f1o tiene entre sus prioridades la consolidaci\u00f3n de reformas en materia judicial, control constitucional y Derechos Humanos, justicia administrativa, fiscalizaci\u00f3n, as\u00ed como el Sistema Penal Acusatorio Adversarial para los Valles Centrales y la oralidad en materia mercantil, entre otros temas.<\/p>\n<p>Ante los magistrados integrantes de las tres Salas Penales, dos Civiles, una Familiar y una Constitucional, Lagunas Rivera les hizo un llamado a seguir desempe\u00f1\u00e1ndose con la probidad y \u00e9tica que hasta ahora han demostrado desde cada una de sus responsabilidades.<\/p>\n<p>Posteriormente, \u00a0en sesi\u00f3n de Pleno del Consejo de la Judicatura, el titular del Poder Judicial declar\u00f3 abiertos los trabajos correspondientes al primer per\u00edodo ordinario del 2014 de la instancia encargada de la administraci\u00f3n, vigilancia y disciplina.<\/p>\n<p>Ah\u00ed, pidi\u00f3 a los integrantes de las diferentes comisiones de este \u00f3rgano jurisdiccional, fortalecer de manera conjunta las acciones encaminadas a mejorar el servicio que se ofrece a la poblaci\u00f3n en los 99 juzgados en materia Civil, Familiar, Mercantil y Penal, as\u00ed como en los juzgados del Sistema Acusatorio Adversarial Penal en las regiones del Istmo, Mixteca, Costa y Cuenca.<\/p>\n<p>Por otra parte, instruy\u00f3 a los consejeros continuar impulsando la capacitaci\u00f3n y preparaci\u00f3n de los servidores p\u00fablicos judiciales adem\u00e1s del personal que\u00a0 este a\u00f1o desempe\u00f1ar\u00e1 sus funciones bajo el modelo del Nuevo Sistema de Justicia Penal en los Valles Centrales.<\/p>\n<p>El titular del Poder Judicial destac\u00f3 los logros obtenidos durante el 2013; sin embargo, recalc\u00f3, es indispensable redoblar esfuerzos y caminar por la ruta de la legalidad.<\/p>\n<p>&nbsp;<\/p>\n<p><a href=\"http:\/\/www.eloriente.net\/home\/wp-content\/uploads\/2014\/01\/tribunal.jpg\"><img loading=\"lazy\" decoding=\"async\" class=\"alignnone size-medium wp-image-19164\" title=\"tribunal\" src=\"http:\/\/www.eloriente.net\/home\/wp-content\/uploads\/2014\/01\/tribunal-300x137.jpg\" alt=\"\" width=\"300\" height=\"137\" srcset=\"http:\/\/www.eloriente.net\/home\/wp-content\/uploads\/2014\/01\/tribunal-300x137.jpg 300w, http:\/\/www.eloriente.net\/home\/wp-content\/uploads\/2014\/01\/tribunal.jpg 1024w\" sizes=\"(max-width: 300px) 100vw, 300px\" \/><\/a><\/p>\n<p>Foto: Tribunal Superior de Justicia<\/p>\n<p>&nbsp;<\/p>\n<p><strong>Entradas relacionadas:\u00a0<\/strong><\/p>\n<p><a title=\"Permalink to Imputados podr\u00edan seguir proceso penal en libertad\" href=\"http:\/\/www.eloriente.net\/home\/2013\/12\/30\/otorga-nsjp-a-imputados-posibilidad-de-seguir-proceso-penal-en-libertad\/\" rel=\"bookmark\">Imputados podr\u00edan seguir proceso penal en libertad<\/a><\/p>\n<p><a href=\"http:\/\/www.eloriente.net\/home\/2013\/12\/30\/otorga-nsjp-a-imputados-posibilidad-de-seguir-proceso-penal-en-libertad\/\" rel=\"bookmark\"><img decoding=\"async\" title=\"Imputados podr\u00edan seguir proceso penal en libertad\" src=\"http:\/\/www.eloriente.net\/home\/wp-content\/themes\/city-desk\/timthumb.php?src=http%3A%2F%2Fwww.eloriente.net%2Fhome%2Fwp-content%2Fuploads%2F2013%2F12%2FNSJP.jpg&amp;q=90&amp;w=160&amp;h=106&amp;zc=1\" alt=\"Imputados podr\u00edan seguir proceso penal en libertad\" \/><\/a><\/p>\n<p>eloriente.net\/NSJP 30 de diciembre de 2013 El magistrado Alfredo Lagunas indic\u00f3 que el Sistema Acusatorio Adversarial inhibe la impunidad. El titular del Poder Judicial del Estado, magistrado Alfredo Lagunas Rivera, afirm\u00f3 que a seis a\u00f1os de la implementaci\u00f3n del Sistema Acusatorio Adversarial en Oaxaca, a\u00fan se percibe resistencia por parte de abogados litigantes y de [&#8230;]<\/p>\n<p>December 30, 2013<\/p>\n<div id=\"post-18989\">\n<p><a title=\"Permalink to Poder Judicial realiza 53 visitas de inspecci\u00f3n a Juzgados\" href=\"http:\/\/www.eloriente.net\/home\/2013\/12\/27\/poder-judicial-realiza-53-visitas-de-inspeccion-a-juzgados\/\" rel=\"bookmark\">Poder Judicial realiza 53 visitas de inspecci\u00f3n a Juzgados<\/a><\/p>\n<p><a href=\"http:\/\/www.eloriente.net\/home\/2013\/12\/27\/poder-judicial-realiza-53-visitas-de-inspeccion-a-juzgados\/\" rel=\"bookmark\"><img decoding=\"async\" title=\"Poder Judicial realiza 53 visitas de inspecci\u00f3n a Juzgados\" src=\"http:\/\/www.eloriente.net\/home\/wp-content\/themes\/city-desk\/timthumb.php?src=http%3A%2F%2Fwww.eloriente.net%2Fhome%2Fwp-content%2Fuploads%2F2013%2F12%2FTSJ2.jpg&amp;q=90&amp;w=160&amp;h=106&amp;zc=1\" alt=\"Poder Judicial realiza 53 visitas de inspecci\u00f3n a Juzgados\" \/><\/a>eloriente.net\/TSJ 27 de diciembre de 2013 El magistrado presidente Alfredo Lagunas Rivera inform\u00f3 que a trav\u00e9s de la Visitadur\u00eda General se eval\u00faan las funciones jurisdiccionales y atenci\u00f3n a la ciudadan\u00eda. Una instituci\u00f3n transparente y confiable, como lo requieren los tiempos actuales, debe vigilar y supervisar el desempe\u00f1o\u00a0 de los funcionarios y lograr as\u00ed que el [&#8230;]<\/p>\n<p>December 27, 2013<\/p>\n<p><a title=\"Permalink to Capacita PRODI a defensores p\u00fablicos sobre el Sistema Acusatorio Adversarial\" href=\"http:\/\/www.eloriente.net\/home\/2013\/12\/23\/capacita-prodi-a-defensores-publicos-sobre-el-sistema-acusatorio-adversarial\/\" rel=\"bookmark\">Capacita PRODI a defensores p\u00fablicos sobre el Sistema Acusatorio Adversarial<\/a><\/p>\n<p><a href=\"http:\/\/www.eloriente.net\/home\/2013\/12\/23\/capacita-prodi-a-defensores-publicos-sobre-el-sistema-acusatorio-adversarial\/\" rel=\"bookmark\"><img decoding=\"async\" title=\"Capacita PRODI a defensores p\u00fablicos sobre el Sistema Acusatorio Adversarial\" src=\"http:\/\/www.eloriente.net\/home\/wp-content\/themes\/city-desk\/timthumb.php?src=http%3A%2F%2Fwww.eloriente.net%2Fhome%2Fwp-content%2Fuploads%2F2013%2F12%2Fjuicio-oral.jpg&amp;q=90&amp;w=160&amp;h=106&amp;zc=1\" alt=\"Capacita PRODI a defensores p\u00fablicos sobre el Sistema Acusatorio Adversarial\" \/><\/a><\/p>\n<p>eloriente.net\/NSJP 23 de diciembre de 2013 En el nuevo modelo de justicia penal, el defensor p\u00fablico toma un rol de mayor relevancia al asistir, representar y asesorar legalmente a quien enfrenta un proceso penal. Conforme al nuevo texto del art\u00edculo 17 de la Constituci\u00f3n Pol\u00edtica de los Estados Unidos Mexicanos que obliga a las entidades [&#8230;]<\/p>\n<p>December 23, 2013<\/p>\n<\/div>\n<p>&nbsp;<\/p>\n\n\t\t\t  <div \n\t\t\t  \tclass = \"fb-comments\" \n\t\t\t  \tdata-href = \"http:\/\/www.eloriente.net\/home\/2014\/01\/02\/inaugura-el-poder-judicial-primer-periodo-ordinario-de-sesiones-2014\/\"\n\t\t\t  \tdata-numposts = \"10\"\n\t\t\t\tdata-colorscheme = \"dark\"\n\t\t\t\tdata-order-by = \"social\"\n\t\t\t\tdata-mobile=true>\n\t\t\t  <\/div>\n\t\t  <style>\n\t\t\t.fb_iframe_widget_fluid_desktop iframe {\n\t\t\t    width: 100% !important;\n\t\t\t}\n\t\t  <\/style>\n\t\t  ","protected":false},"excerpt":{"rendered":"<p>eloriente.net\/TSJ 2 de enero de 2014 En sesiones de Pleno presididas por el magistrado presidente Alfredo Lagunas Rivera, el Honorable Tribunal Superior de Justicia y el Consejo de la Judicatura iniciaron labores. En cumplimiento a lo establecido en la Ley Org\u00e1nica del Poder Judicial, este jueves 2 de enero el Honorable Tribunal Superior de Justicia [&hellip;]<\/p>\n","protected":false},"author":26,"featured_media":19164,"comment_status":"open","ping_status":"open","sticky":false,"template":"","format":"standard","meta":{"_jetpack_memberships_contains_paid_content":false,"footnotes":""},"categories":[32,10,23,21],"tags":[],"class_list":["post-19163","post","type-post","status-publish","format-standard","has-post-thumbnail","hentry","category-entradas","category-lo-mas-reciente","category-municipios","category-politica-y-gobierno"],"jetpack_featured_media_url":"http:\/\/www.eloriente.net\/home\/wp-content\/uploads\/2014\/01\/tribunal.jpg","jetpack_sharing_enabled":true,"_links":{"self":[{"href":"http:\/\/www.eloriente.net\/home\/wp-json\/wp\/v2\/posts\/19163"}],"collection":[{"href":"http:\/\/www.eloriente.net\/home\/wp-json\/wp\/v2\/posts"}],"about":[{"href":"http:\/\/www.eloriente.net\/home\/wp-json\/wp\/v2\/types\/post"}],"author":[{"embeddable":true,"href":"http:\/\/www.eloriente.net\/home\/wp-json\/wp\/v2\/users\/26"}],"replies":[{"embeddable":true,"href":"http:\/\/www.eloriente.net\/home\/wp-json\/wp\/v2\/comments?post=19163"}],"version-history":[{"count":1,"href":"http:\/\/www.eloriente.net\/home\/wp-json\/wp\/v2\/posts\/19163\/revisions"}],"predecessor-version":[{"id":19165,"href":"http:\/\/www.eloriente.net\/home\/wp-json\/wp\/v2\/posts\/19163\/revisions\/19165"}],"wp:featuredmedia":[{"embeddable":true,"href":"http:\/\/www.eloriente.net\/home\/wp-json\/wp\/v2\/media\/19164"}],"wp:attachment":[{"href":"http:\/\/www.eloriente.net\/home\/wp-json\/wp\/v2\/media?parent=19163"}],"wp:term":[{"taxonomy":"category","embeddable":true,"href":"http:\/\/www.eloriente.net\/home\/wp-json\/wp\/v2\/categories?post=19163"},{"taxonomy":"post_tag","embeddable":true,"href":"http:\/\/www.eloriente.net\/home\/wp-json\/wp\/v2\/tags?post=19163"}],"curies":[{"name":"wp","href":"https:\/\/api.w.org\/{rel}","templated":true}]}}