{"id":19205,"date":"2014-01-03T13:49:00","date_gmt":"2014-01-03T19:49:00","guid":{"rendered":"http:\/\/www.eloriente.net\/home\/?p=19205"},"modified":"2014-01-03T13:49:00","modified_gmt":"2014-01-03T19:49:00","slug":"editorial-03-01-14-hacia-donde-van-los-nuevos-gobiernos-municipales","status":"publish","type":"post","link":"http:\/\/www.eloriente.net\/home\/2014\/01\/03\/editorial-03-01-14-hacia-donde-van-los-nuevos-gobiernos-municipales\/","title":{"rendered":"Editorial #03.01.14 \u00bfHacia d\u00f3nde van los nuevos gobiernos municipales?"},"content":{"rendered":"<p>eloriente.net<\/p>\n<p>3 de enero de 2014<\/p>\n<p>Comparte esta editorial en <a href=\"https:\/\/twitter.com\/El_Oriente\" target=\"_blank\">Twitter:<\/a><\/p>\n<p style=\"text-align: center;\"><a href=\"http:\/\/www.eloriente.net\/home\/wp-content\/uploads\/2014\/01\/Captura-de-pantalla-2014-01-03-a-las-13.45.35.png\"><img loading=\"lazy\" decoding=\"async\" class=\"alignnone size-medium wp-image-19206\" title=\"\u00bfHacia d\u00f3nde van los nuevos gobiernos municipales? eloriente.net\" src=\"http:\/\/www.eloriente.net\/home\/wp-content\/uploads\/2014\/01\/Captura-de-pantalla-2014-01-03-a-las-13.45.35-300x130.png\" alt=\"\" width=\"300\" height=\"130\" srcset=\"http:\/\/www.eloriente.net\/home\/wp-content\/uploads\/2014\/01\/Captura-de-pantalla-2014-01-03-a-las-13.45.35-300x130.png 300w, http:\/\/www.eloriente.net\/home\/wp-content\/uploads\/2014\/01\/Captura-de-pantalla-2014-01-03-a-las-13.45.35-1024x445.png 1024w, http:\/\/www.eloriente.net\/home\/wp-content\/uploads\/2014\/01\/Captura-de-pantalla-2014-01-03-a-las-13.45.35.png 1065w\" sizes=\"(max-width: 300px) 100vw, 300px\" \/><\/a><\/p>\n<p style=\"text-align: right;\"><strong>ORIENTE UNO:<\/strong><\/p>\n<p>La madurez de la pol\u00edtica y la sociedad oaxaque\u00f1a puede medirse por el grado de conocimiento o desconocimiento de <strong>los planes de gobierno municipales<\/strong>, los proyectos, estrategias y l\u00edneas de acci\u00f3n que las nuevas administraciones han de implementar en sus respectivas demarcaciones.<\/p>\n<p><strong>\u00bfCu\u00e1l es ese mayor o menor grado de conocimiento de los planes en tu municipio?<\/strong> \u00bfSabes cu\u00e1les son las prioridades del presidente municipal y del cabildo en turno? \u00bfYa te enteraste qui\u00e9nes conforman sus equipos de trabajo?<\/p>\n<p style=\"text-align: right;\"><strong> ORIENTE DOS:<\/strong><\/p>\n<p>En teor\u00eda, el tiempo que pasa entre que se declara electo a un presidente municipal y el d\u00eda que toma posesi\u00f3n del cargo (1 de enero), es un tiempo para planear, acomodar, formar grupo, establecer los primeros contactos administrativos y pol\u00edticos.<\/p>\n<p>Por lo tanto, resulta innecesario e inaceptable que una administraci\u00f3n gaste d\u00edas de enero y hasta de otros meses de inicio del a\u00f1o, apenas para verificar qu\u00e9 es lo har\u00e1, c\u00f3mo lo har\u00e1 y con qui\u00e9nes lo har\u00e1.<\/p>\n<p>Tambi\u00e9n esta actitud sirve para ir evaluando las administraciones municipales. <strong>El mayor o menor grado de preparaci\u00f3n para el cargo que se demuestre ya en funciones.<\/strong><\/p>\n<p>El periodo de gobierno es cort\u00edsimo. Tres a\u00f1os para responder a todas las expectativas creadas es casi una tarea de titanes. Por ello, no hay tiempo que perder. Los proyectos de los nuevos gobiernos debieron comenzar el primero de enero, m\u00e1s a\u00fan ante las circunstancias de una elecci\u00f3n federal para 2015.<\/p>\n<p style=\"text-align: right;\"><strong>ORIENTE TRES:<\/strong><\/p>\n<p>La circunstancia pol\u00edtica que vivimos reclama a las nuevas autoridades municipales a actuar con prudencia y profesionalismo, haciendo caso de la estatura moral requerida por las autoridades para crear eso tan anhelado y tan dif\u00edcil de lograr en nuestro medio: consenso y legitimidad.<\/p>\n<p>En ello,<strong> el nombramiento de los equipos de trabajo es fundamental.<\/strong> La imposici\u00f3n de personajes non gratos, poco provistos de una trayectoria transparente y honesta, es un elemento que merma de manera insalvable la imagen de un gobierno en ciernes. Por ello, la calificaci\u00f3n, el mayor o menor grado de aceptaci\u00f3n de un gabinete o equipo de trabajo es tambi\u00e9n un factor de evaluaci\u00f3n p\u00fablica que debe considerarse en los nuevos gobiernos.<\/p>\n<p><strong>ORIENTE CUATRO:<\/strong><\/p>\n<p>Entre m\u00e1s incluyente, una administraci\u00f3n ser\u00e1 mucho mejor reconocida por la sociedad. Por ello, los mecanismos de participaci\u00f3n ciudadana, aut\u00e9nticos y plurales, se han hecho b\u00e1sicos para cualquier administraci\u00f3n p\u00fablica.<\/p>\n<p>En el mayor o menor grado de participaci\u00f3n ciudadana, y en la eficiacia de los ejercicios de participaci\u00f3n, hay otro oriente para evaluar hacia d\u00f3nde van los nuevos gobiernos.<\/p>\n<p><strong>POR ESO ESTE MES\u00a0 NUESTRO TEMA: \u00bfHACIA D\u00d3NDE VAN LOS NUEVOS GOBIERNOS MUNICIPALES?<\/strong><\/p>\n<p>Por los Orientes anteriores, en ELORIENTE.NET dedicaremos este mes de enero a reflexionar sobre una preguntar expec\u00edfica: \u00bfHacia d\u00f3nde van los nuevos gobiernos municipales?<\/p>\n<p>Vamos a invitar y a preguntar a actores, conocedores, ciudadanas, l\u00edderes, qu\u00e9 piensan sobre el tema y cu\u00e1les son sus argumentos para delinear el camino de los nuevos gobiernos.<\/p>\n<p>Evitaremos personalismos pero nos daremos algunas licencias para reconocer liderazgos. Y lo m\u00e1s importante: reconocer a los municipios como el espacio donde se nos va la vida a todos y cada uno de nosotros, ese lugar b\u00e1sico donde transcurre nuestro tiempo y nuestra esperanza.<\/p>\n<p>As\u00ed, en ese tono, desgranaremos durante el mes posibles respuestas a esta pregunta.<\/p>\n<p>Si tienes opiniones, escritos u opiniones sobre el tema, escr\u00edbenos: direcciongeneral@eloriente.net<\/p>\n<p><strong>Entradas Anteriores:<\/strong><\/p>\n<div id=\"post-18630\">\n<h2><a title=\"Permalink to Comparte Editorial: Contra el crimen en regiones de Oaxaca #16.12.13; Actualizaci\u00f3n 21.12.13\" href=\"http:\/\/www.eloriente.net\/home\/2013\/12\/16\/comparte-editorial-contra-el-crimen-en-regiones-de-oaxaca-16-12-13\/\" rel=\"bookmark\">Comparte Editorial: Contra el crimen en regiones de Oaxaca #16.12.13; Actualizaci\u00f3n 21.12.13<\/a><\/h2>\n<p><a href=\"http:\/\/www.eloriente.net\/home\/2013\/12\/16\/comparte-editorial-contra-el-crimen-en-regiones-de-oaxaca-16-12-13\/\" rel=\"bookmark\"><img decoding=\"async\" title=\"Comparte Editorial: Contra el crimen en regiones de Oaxaca #16.12.13; Actualizaci\u00f3n 21.12.13\" src=\"http:\/\/www.eloriente.net\/home\/wp-content\/themes\/city-desk\/timthumb.php?src=http%3A%2F%2Fwww.eloriente.net%2Fhome%2Fwp-content%2Fuploads%2F2013%2F12%2FContraElCrimenEnRegionesdeOaxaca-editorial-eloriente.net_.png&amp;q=90&amp;w=160&amp;h=106&amp;zc=1\" alt=\"Comparte Editorial: Contra el crimen en regiones de Oaxaca #16.12.13; Actualizaci\u00f3n 21.12.13\" \/><\/a>eloriente.net Actualizaci\u00f3n 21 de diciembre de 2013 La tarde del viernes 20 de diciembre de 2013, el presidente municipal electo de Santa Catarina Juquila, Manuel L\u00e9on, result\u00f3 herido tras el disparo de una persona no identificada en la poblaci\u00f3n conurbada de la capital de Oaxaca, San Jacinto Amilpas. Le\u00f3n se encontraba, seg\u00fan versiones, fuera de [&#8230;]<\/p>\n<p>December 16, 2013<\/p>\n<\/div>\n<div id=\"post-17858\">\n<p><a title=\"Permalink to Comparte Editorial #29.11.13\" href=\"http:\/\/www.eloriente.net\/home\/2013\/11\/29\/comparte-editorial-29-11-13\/\" rel=\"bookmark\">Comparte Editorial #29.11.13<\/a><\/p>\n<p><a href=\"http:\/\/www.eloriente.net\/home\/2013\/11\/29\/comparte-editorial-29-11-13\/\" rel=\"bookmark\"><img decoding=\"async\" title=\"Comparte Editorial #29.11.13\" src=\"http:\/\/www.eloriente.net\/home\/wp-content\/themes\/city-desk\/timthumb.php?src=http%3A%2F%2Fwww.eloriente.net%2Fhome%2Fwp-content%2Fuploads%2F2013%2F11%2FPorBanderaBlancaEnOaxaca-Editorial-29.11.13.png&amp;q=90&amp;w=160&amp;h=106&amp;zc=1\" alt=\"Comparte Editorial #29.11.13\" \/><\/a>eloriente.net 29 de noviembre de 2013 Comp\u00e1rtelo en twitter: #PorBanderaBlancaEnOaxaca 4 Orientes Opiniones a: direcciongeneral@eloriente.net UNO: Los enfrentamientos sucedidos en diversas escuelas de la entidad, en particular en la primaria \u201cHermanos Flores Mag\u00f3n\u201d, la Secundaria T\u00e9cnica n\u00famero 80 y el jard\u00edn de ni\u00f1os \u201cDonaj\u00ed\u201d en el municipio de San Jacinto Amilpas, donde la Secci\u00f3n 22 [&#8230;]<\/p>\n<p>November 29, 2013<\/p>\n<\/div>\n<div id=\"post-17464\">\n<p><a title=\"Permalink to Comparte Editorial #14.11.13\" href=\"http:\/\/www.eloriente.net\/home\/2013\/11\/14\/comparte-editorial-14-11-13\/\" rel=\"bookmark\">Comparte Editorial #14.11.13<\/a><\/p>\n<p><a href=\"http:\/\/www.eloriente.net\/home\/2013\/11\/14\/comparte-editorial-14-11-13\/\" rel=\"bookmark\"><img decoding=\"async\" title=\"Comparte Editorial #14.11.13\" src=\"http:\/\/www.eloriente.net\/home\/wp-content\/themes\/city-desk\/timthumb.php?src=http%3A%2F%2Fwww.eloriente.net%2Fhome%2Fwp-content%2Fuploads%2F2013%2F11%2FPorUnCongresoQueDejeLaPrehistoria-eloriente.net_.png&amp;q=90&amp;w=160&amp;h=106&amp;zc=1\" alt=\"Comparte Editorial #14.11.13\" \/><\/a>eloriente.net 14 de noviembre de 2013 Comp\u00e1rtelo en Twitter: #PorUnCongresoQueDejeLaPrehistoria 4 Orientes: PRIMERO: Oaxaca requiere un Congreso con Adjetivos: Corresponsable, Moderno, Profesional, Cercano y Transparente. Es un Poder que debe emparejarse en asuntos como rendici\u00f3n de cuentas y visi\u00f3n de estado, con el resto de los Poderes en Oaxaca y en el pa\u00eds. El Congreso [&#8230;]<\/p>\n<p>November 14, 2013<\/p>\n<\/div>\n<p><a title=\"Permalink to Comparte Editorial #06.11.13\" href=\"http:\/\/www.eloriente.net\/home\/2013\/11\/06\/comparte-editorial-06-11-13\/\" rel=\"bookmark\">Comparte Editorial #06.11.13<\/a><\/p>\n<p><a href=\"http:\/\/www.eloriente.net\/home\/2013\/11\/06\/comparte-editorial-06-11-13\/\" rel=\"bookmark\"><img decoding=\"async\" title=\"Comparte Editorial #06.11.13\" src=\"http:\/\/www.eloriente.net\/home\/wp-content\/themes\/city-desk\/timthumb.php?src=http%3A%2F%2Fwww.eloriente.net%2Fhome%2Fwp-content%2Fuploads%2F2013%2F11%2FEditorial-061113-AfavordelImpuestoaComidaChatarra.png&amp;q=90&amp;w=160&amp;h=106&amp;zc=1\" alt=\"Comparte Editorial #06.11.13\" \/><\/a><\/p>\n<p>eloriente.net 6 de noviembre de 2013 Comp\u00e1rtelo en Twitter: #AFavordelImpuestoaComidaChatarra 4 Orientes: PRIMERO: El Senado de la Rep\u00fablica hace algunos d\u00edas aprob\u00f3, entre otros, los impuestos especiales: Un peso por cada litro a las bebidas saborizadas que contengan cualquier tipo de az\u00facares a\u00f1adidas Tasa de 8% a la enajenaci\u00f3n e importaci\u00f3n de alimentos no b\u00e1sicos [&#8230;]<\/p>\n<p>November 6, 2013<\/p>\n<p>&nbsp;<\/p>\n\n\t\t\t  <div \n\t\t\t  \tclass = \"fb-comments\" \n\t\t\t  \tdata-href = \"http:\/\/www.eloriente.net\/home\/2014\/01\/03\/editorial-03-01-14-hacia-donde-van-los-nuevos-gobiernos-municipales\/\"\n\t\t\t  \tdata-numposts = \"10\"\n\t\t\t\tdata-colorscheme = \"dark\"\n\t\t\t\tdata-order-by = \"social\"\n\t\t\t\tdata-mobile=true>\n\t\t\t  <\/div>\n\t\t  <style>\n\t\t\t.fb_iframe_widget_fluid_desktop iframe {\n\t\t\t    width: 100% !important;\n\t\t\t}\n\t\t  <\/style>\n\t\t  ","protected":false},"excerpt":{"rendered":"<p>eloriente.net 3 de enero de 2014 Comparte esta editorial en Twitter: ORIENTE UNO: La madurez de la pol\u00edtica y la sociedad oaxaque\u00f1a puede medirse por el grado de conocimiento o desconocimiento de los planes de gobierno municipales, los proyectos, estrategias y l\u00edneas de acci\u00f3n que las nuevas administraciones han de implementar en sus respectivas demarcaciones. [&hellip;]<\/p>\n","protected":false},"author":1,"featured_media":19206,"comment_status":"open","ping_status":"open","sticky":false,"template":"","format":"standard","meta":{"_jetpack_memberships_contains_paid_content":false,"footnotes":""},"categories":[49,9,32,23,21],"tags":[],"class_list":["post-19205","post","type-post","status-publish","format-standard","has-post-thumbnail","hentry","category-destacadas","category-editorial","category-entradas","category-municipios","category-politica-y-gobierno"],"jetpack_featured_media_url":"http:\/\/www.eloriente.net\/home\/wp-content\/uploads\/2014\/01\/Captura-de-pantalla-2014-01-03-a-las-13.45.35.png","jetpack_sharing_enabled":true,"_links":{"self":[{"href":"http:\/\/www.eloriente.net\/home\/wp-json\/wp\/v2\/posts\/19205"}],"collection":[{"href":"http:\/\/www.eloriente.net\/home\/wp-json\/wp\/v2\/posts"}],"about":[{"href":"http:\/\/www.eloriente.net\/home\/wp-json\/wp\/v2\/types\/post"}],"author":[{"embeddable":true,"href":"http:\/\/www.eloriente.net\/home\/wp-json\/wp\/v2\/users\/1"}],"replies":[{"embeddable":true,"href":"http:\/\/www.eloriente.net\/home\/wp-json\/wp\/v2\/comments?post=19205"}],"version-history":[{"count":2,"href":"http:\/\/www.eloriente.net\/home\/wp-json\/wp\/v2\/posts\/19205\/revisions"}],"predecessor-version":[{"id":19208,"href":"http:\/\/www.eloriente.net\/home\/wp-json\/wp\/v2\/posts\/19205\/revisions\/19208"}],"wp:featuredmedia":[{"embeddable":true,"href":"http:\/\/www.eloriente.net\/home\/wp-json\/wp\/v2\/media\/19206"}],"wp:attachment":[{"href":"http:\/\/www.eloriente.net\/home\/wp-json\/wp\/v2\/media?parent=19205"}],"wp:term":[{"taxonomy":"category","embeddable":true,"href":"http:\/\/www.eloriente.net\/home\/wp-json\/wp\/v2\/categories?post=19205"},{"taxonomy":"post_tag","embeddable":true,"href":"http:\/\/www.eloriente.net\/home\/wp-json\/wp\/v2\/tags?post=19205"}],"curies":[{"name":"wp","href":"https:\/\/api.w.org\/{rel}","templated":true}]}}