{"id":19213,"date":"2014-01-03T18:37:22","date_gmt":"2014-01-04T00:37:22","guid":{"rendered":"http:\/\/www.eloriente.net\/home\/?p=19213"},"modified":"2014-01-13T22:47:39","modified_gmt":"2014-01-14T04:47:39","slug":"naufragos-de-ninos-mutantes-por-canal-3","status":"publish","type":"post","link":"http:\/\/www.eloriente.net\/home\/2014\/01\/03\/naufragos-de-ninos-mutantes-por-canal-3\/","title":{"rendered":"\u00abN\u00e1ufragos\u00bb de Ni\u00f1os Mutantes, ganadores del Premio de la M\u00fasica Independiente, por Canal 3"},"content":{"rendered":"<p>eloriente.net<\/p>\n<p>3 de enero de 2014<\/p>\n<p><a href=\"http:\/\/www.eloriente.net\/home\/wp-content\/uploads\/2014\/01\/mutantes.jpg\"><img loading=\"lazy\" decoding=\"async\" class=\"alignnone size-medium wp-image-19216\" title=\"mutantes\" src=\"http:\/\/www.eloriente.net\/home\/wp-content\/uploads\/2014\/01\/mutantes-300x200.jpg\" alt=\"\" width=\"300\" height=\"200\" srcset=\"http:\/\/www.eloriente.net\/home\/wp-content\/uploads\/2014\/01\/mutantes-300x200.jpg 300w, http:\/\/www.eloriente.net\/home\/wp-content\/uploads\/2014\/01\/mutantes.jpg 850w\" sizes=\"(max-width: 300px) 100vw, 300px\" \/><\/a><\/p>\n<p>Foto: nmutantes<\/p>\n<p>&nbsp;<\/p>\n<p>\u00abN\u00e1ufragos\u00bb es la octava producci\u00f3n discogr\u00e1fica de la banda espa\u00f1ola de m\u00fasica indie Ni\u00f1os Mutantes, quien a finales de 2013 recibi\u00f3 el reconocimiento como &#8216;\u00c1lbum del a\u00f1o&#8217; de los Premios de la M\u00fasica Independiente, organizado por la Uni\u00f3n Fonogr\u00e1fica Independiente en Espa\u00f1a.<\/p>\n<p>N\u00e1ufragos es un material en el proyectan a trav\u00e9s de su m\u00fasica un mensaje de enfado con el mundo, en las que exponen diferentes sentimientos como\u00a0miedo, rabia, desilusi\u00f3n y tristeza.<\/p>\n<p>La banda originaria de Granada, Espa\u00f1a, est\u00e1 formada por Nani Casta\u00f1eda en la bater\u00eda, Miguel Haro en el bajo, Andr\u00e9s L\u00f3pez en la guitarra y coros; y Juan Alberto Mart\u00ednez en la guitarra y voz. Su m\u00fasica tiene\u00a0influencias en grupos como Pixies, Sonic Youth, The Beatles, RadioHead, Stone Roses, Pavement, Wilco, Midlake, Mumford &amp; Sons, Los Brincos, Los Pekenikes, Triana y muchos otros m\u00e1s.<\/p>\n<p>Los Premios de la M\u00fasica Independiente nacen en 2009 para reconocer la creaci\u00f3n, la diversidad y la calidad art\u00edstica de las producciones independientes realizadas en Espa\u00f1a. Es objetivo de los premios tambi\u00e9n, acercar la m\u00fasica y el proceso de producci\u00f3n al p\u00fablico.<\/p>\n<p>Escucha la lista de reproducci\u00f3n de los \u00e9xitos del \u00e1lbum N\u00e1ufragos:<\/p>\n<p>&nbsp;<\/p>\n<p><iframe loading=\"lazy\" src=\"\/\/www.youtube.com\/embed\/D6qTJrVwExw?list=PL33E5859152129BA8\" frameborder=\"0\" width=\"560\" height=\"315\"><\/iframe><\/p>\n<p>&nbsp;<\/p>\n<p><strong>Entradas relacionadas:\u00a0<\/strong><\/p>\n<p><a title=\"Permalink to Concierto Navide\u00f1o de la Orquesta Sinf\u00f3nica de Miner\u00eda\" href=\"http:\/\/www.eloriente.net\/home\/2013\/12\/20\/concierto-navideno-de-la-orquesta-sinfonica-de-mineria\/\" rel=\"bookmark\">Concierto Navide\u00f1o de la Orquesta Sinf\u00f3nica de Miner\u00eda<\/a><\/p>\n<p><a href=\"http:\/\/www.eloriente.net\/home\/2013\/12\/20\/concierto-navideno-de-la-orquesta-sinfonica-de-mineria\/\" rel=\"bookmark\"><img decoding=\"async\" title=\"Concierto Navide\u00f1o de la Orquesta Sinf\u00f3nica de Miner\u00eda\" src=\"http:\/\/www.eloriente.net\/home\/wp-content\/themes\/city-desk\/timthumb.php?src=http%3A%2F%2Fwww.eloriente.net%2Fhome%2Fwp-content%2Fuploads%2F2013%2F12%2FConcierto-de-Navidad-Foto-Fernando-Aceves-17.jpg&amp;q=90&amp;w=160&amp;h=106&amp;zc=1\" alt=\"Concierto Navide\u00f1o de la Orquesta Sinf\u00f3nica de Miner\u00eda\" \/><\/a><\/p>\n<p>eloriente.com\/UNAM 20 de diciembre de 2013 Foto: Fernando Aceves \u00a0 Estamos a unos d\u00edas de recibir la navidad, es por ello que el d\u00eda de hoy ELORIENTE.NET pone a tu alcance el\u00a0Concierto Navide\u00f1o de la Orquesta Sinf\u00f3nica de Miner\u00eda de 2011, un programa especial integrado con villancicos y selecciones de la m\u00fasica de H\u00e4ndel, Chaikovski, [&#8230;]<\/p>\n<p>December 20, 2013<\/p>\n<p><a title=\"Permalink to Las 10 canciones latinas m\u00e1s populares del 2013\" href=\"http:\/\/www.eloriente.net\/home\/2013\/12\/09\/las-10-canciones-latinas-mas-populares-del-2013\/\" rel=\"bookmark\">Las 10 canciones latinas m\u00e1s populares del 2013<\/a><\/p>\n<p><a href=\"http:\/\/www.eloriente.net\/home\/2013\/12\/09\/las-10-canciones-latinas-mas-populares-del-2013\/\" rel=\"bookmark\"><img decoding=\"async\" title=\"Las 10 canciones latinas m\u00e1s populares del 2013\" src=\"http:\/\/www.eloriente.net\/home\/wp-content\/themes\/city-desk\/timthumb.php?src=http%3A%2F%2Fwww.eloriente.net%2Fhome%2Fwp-content%2Fuploads%2F2013%2F12%2Fmusica-prince-royce.jpg&amp;q=90&amp;w=160&amp;h=106&amp;zc=1\" alt=\"Las 10 canciones latinas m\u00e1s populares del 2013\" \/><\/a><\/p>\n<p>eloriente.net 9 de diciembre de 2013 El final del a\u00f1o se acerca, ELORIENTE.NET te da a conocer diez canciones que han estado en la cima de las listas de popularidad en Latinoam\u00e9rica en el transcurso del 2013 y que tienen altas posibilidades de ser galardonadas como los mejores \u00e9xitos musicales de este 2013. \u00a0 1. [&#8230;]<\/p>\n<p>December 9, 2013<\/p>\n<p><a title=\"Permalink to Todo El Concierto: Ennio Morricone en la Arena de Verona, en Canal 3 @El_Oriente\" href=\"http:\/\/www.eloriente.net\/home\/2013\/11\/09\/todo-el-concierto-ennio-morricone-en-la-arena-de-verona-en-canal-3-el_oriente\/\" rel=\"bookmark\">Todo El Concierto: Ennio Morricone en la Arena de Verona, en Canal 3 @El_Oriente<\/a><\/p>\n<p><a href=\"http:\/\/www.eloriente.net\/home\/2013\/11\/09\/todo-el-concierto-ennio-morricone-en-la-arena-de-verona-en-canal-3-el_oriente\/\" rel=\"bookmark\"><img decoding=\"async\" title=\"Todo El Concierto: Ennio Morricone en la Arena de Verona, en Canal 3 @El_Oriente\" src=\"http:\/\/www.eloriente.net\/home\/wp-content\/themes\/city-desk\/timthumb.php?src=http%3A%2F%2Fwww.eloriente.net%2Fhome%2Fwp-content%2Fuploads%2F2013%2F11%2F%40EnnioMorricone.jpg&amp;q=90&amp;w=160&amp;h=106&amp;zc=1\" alt=\"Todo El Concierto: Ennio Morricone en la Arena de Verona, en Canal 3 @El_Oriente\" \/><\/a><\/p>\n<p>eloriente.net 9 de noviembre de 2013 Por: Roy Solana, Editor de Artes En vista de que l@s lector@s de ELORIENTE.NET son tan afectos a la m\u00fasica y al arte (una prueba es el gran n\u00famero de visitas que han tenido los videos de la serie: La historia detr\u00e1s de la canci\u00f3n), hemos decido reavivar la [&#8230;]<\/p>\n<p>November 9, 2013<\/p>\n\n\t\t\t  <div \n\t\t\t  \tclass = \"fb-comments\" \n\t\t\t  \tdata-href = \"http:\/\/www.eloriente.net\/home\/2014\/01\/03\/naufragos-de-ninos-mutantes-por-canal-3\/\"\n\t\t\t  \tdata-numposts = \"10\"\n\t\t\t\tdata-colorscheme = \"dark\"\n\t\t\t\tdata-order-by = \"social\"\n\t\t\t\tdata-mobile=true>\n\t\t\t  <\/div>\n\t\t  <style>\n\t\t\t.fb_iframe_widget_fluid_desktop iframe {\n\t\t\t    width: 100% !important;\n\t\t\t}\n\t\t  <\/style>\n\t\t  ","protected":false},"excerpt":{"rendered":"<p>eloriente.net 3 de enero de 2014 Foto: nmutantes &nbsp; \u00abN\u00e1ufragos\u00bb es la octava producci\u00f3n discogr\u00e1fica de la banda espa\u00f1ola de m\u00fasica indie Ni\u00f1os Mutantes, quien a finales de 2013 recibi\u00f3 el reconocimiento como &#8216;\u00c1lbum del a\u00f1o&#8217; de los Premios de la M\u00fasica Independiente, organizado por la Uni\u00f3n Fonogr\u00e1fica Independiente en Espa\u00f1a. N\u00e1ufragos es un material [&hellip;]<\/p>\n","protected":false},"author":26,"featured_media":19216,"comment_status":"open","ping_status":"open","sticky":false,"template":"","format":"standard","meta":{"_jetpack_memberships_contains_paid_content":false,"footnotes":""},"categories":[5,32,10,24],"tags":[],"class_list":["post-19213","post","type-post","status-publish","format-standard","has-post-thumbnail","hentry","category-canal-3-musica","category-entradas","category-lo-mas-reciente","category-mexico-y-el-mundo"],"jetpack_featured_media_url":"http:\/\/www.eloriente.net\/home\/wp-content\/uploads\/2014\/01\/mutantes.jpg","jetpack_sharing_enabled":true,"_links":{"self":[{"href":"http:\/\/www.eloriente.net\/home\/wp-json\/wp\/v2\/posts\/19213"}],"collection":[{"href":"http:\/\/www.eloriente.net\/home\/wp-json\/wp\/v2\/posts"}],"about":[{"href":"http:\/\/www.eloriente.net\/home\/wp-json\/wp\/v2\/types\/post"}],"author":[{"embeddable":true,"href":"http:\/\/www.eloriente.net\/home\/wp-json\/wp\/v2\/users\/26"}],"replies":[{"embeddable":true,"href":"http:\/\/www.eloriente.net\/home\/wp-json\/wp\/v2\/comments?post=19213"}],"version-history":[{"count":5,"href":"http:\/\/www.eloriente.net\/home\/wp-json\/wp\/v2\/posts\/19213\/revisions"}],"predecessor-version":[{"id":19218,"href":"http:\/\/www.eloriente.net\/home\/wp-json\/wp\/v2\/posts\/19213\/revisions\/19218"}],"wp:featuredmedia":[{"embeddable":true,"href":"http:\/\/www.eloriente.net\/home\/wp-json\/wp\/v2\/media\/19216"}],"wp:attachment":[{"href":"http:\/\/www.eloriente.net\/home\/wp-json\/wp\/v2\/media?parent=19213"}],"wp:term":[{"taxonomy":"category","embeddable":true,"href":"http:\/\/www.eloriente.net\/home\/wp-json\/wp\/v2\/categories?post=19213"},{"taxonomy":"post_tag","embeddable":true,"href":"http:\/\/www.eloriente.net\/home\/wp-json\/wp\/v2\/tags?post=19213"}],"curies":[{"name":"wp","href":"https:\/\/api.w.org\/{rel}","templated":true}]}}