{"id":19220,"date":"2014-01-04T09:32:50","date_gmt":"2014-01-04T15:32:50","guid":{"rendered":"http:\/\/www.eloriente.net\/home\/?p=19220"},"modified":"2014-01-04T09:36:30","modified_gmt":"2014-01-04T15:36:30","slug":"resultados-de-encuesta-realizada-en-los-centros-de-readaptacion-social-cide","status":"publish","type":"post","link":"http:\/\/www.eloriente.net\/home\/2014\/01\/04\/resultados-de-encuesta-realizada-en-los-centros-de-readaptacion-social-cide\/","title":{"rendered":"Resultados de encuesta realizada en centros de readaptaci\u00f3n social: CIDE"},"content":{"rendered":"<p>eloriente.net\/<a href=\"http:\/\/www.cide.edu.mx\/\" target=\"_blank\">CIDE<\/a><\/p>\n<p>4 de enero de 2013<\/p>\n<p>El Centro de Investigaciones y Docencias Econ\u00f3micas (CIDE) recientemente llev\u00f3 a cabo una primera encuesta realizada en centros federales de readaptaci\u00f3n social, proyecto liderado por la Maestra y Doctora en Derecho,\u00a0Catalina P\u00e9rez Correa. Actualmente, ella es profesora e investigadora de la Divisi\u00f3n de Estudios Jur\u00eddicos en el CIDE Regi\u00f3n Centro y colaboradora del Colectivo de Estudios Drogas y Derecho (CEDD).<\/p>\n<p>En esta ocasi\u00f3n, ELORIENTE.NET pone a tu disposici\u00f3n un video donde la Dra. Catalina P\u00e9rez expone los resultados obtenidos de la aplicaci\u00f3n de su instrumento de indagaci\u00f3n a internos sentenciados, bajo tres objetivos: conocer su contexto social y econ\u00f3mico de origen; saber cu\u00e1les son los delitos cometidos por los que est\u00e1n condenados; y averiguar cu\u00e1l es la forma de vida de los presos dentro de las c\u00e1rceles.<\/p>\n<p>La Dra. Catalina P\u00e9rez Correa estudia temas como la procuraci\u00f3n de justicia en M\u00e9xico, el funcionamiento del sistema de justicia penal, la pol\u00edtica de drogas en Am\u00e9rica Latina, la observancia de normas sociales y legales, y el castigo penal y sus efectos. Ha sido investigadora del Instituto de Investigaciones Jur\u00eddicas de la UNAM, profesora en la facultad de Derecho de la UNAM e investigadora visitante en la Universidad de Georgetown, EU.<\/p>\n<p>&nbsp;<\/p>\n<p><iframe loading=\"lazy\" src=\"\/\/www.youtube.com\/embed\/oI9qLq3HXnk\" frameborder=\"0\" width=\"560\" height=\"315\"><\/iframe><\/p>\n<p>Video:\u00a0<a dir=\"ltr\" href=\"http:\/\/www.youtube.com\/user\/cidedsc?feature=watch\" data-sessionlink=\"feature=watch&amp;ei=9x_IUsOULKWV8AHe94C4Aw\" data-ytid=\"UCERm0CYOX3_uaywW3inPAJw\" data-name=\"watch\">Centro de Investigaci\u00f3n y Docencia Econ\u00f3micas, A. C.<\/a><\/p>\n<p>&nbsp;<\/p>\n<p><strong>Entradas relacionadas:\u00a0<\/strong><\/p>\n<p><a title=\"Permalink to Imputados podr\u00edan seguir proceso penal en libertad\" href=\"http:\/\/www.eloriente.net\/home\/2013\/12\/30\/otorga-nsjp-a-imputados-posibilidad-de-seguir-proceso-penal-en-libertad\/\" rel=\"bookmark\">Imputados podr\u00edan seguir proceso penal en libertad<\/a><\/p>\n<p><a href=\"http:\/\/www.eloriente.net\/home\/2013\/12\/30\/otorga-nsjp-a-imputados-posibilidad-de-seguir-proceso-penal-en-libertad\/\" rel=\"bookmark\"><img decoding=\"async\" title=\"Imputados podr\u00edan seguir proceso penal en libertad\" src=\"http:\/\/www.eloriente.net\/home\/wp-content\/themes\/city-desk\/timthumb.php?src=http%3A%2F%2Fwww.eloriente.net%2Fhome%2Fwp-content%2Fuploads%2F2013%2F12%2FNSJP.jpg&amp;q=90&amp;w=160&amp;h=106&amp;zc=1\" alt=\"Imputados podr\u00edan seguir proceso penal en libertad\" \/><\/a><\/p>\n<p>eloriente.net\/NSJP 30 de diciembre de 2013 El magistrado Alfredo Lagunas indic\u00f3 que el Sistema Acusatorio Adversarial inhibe la impunidad. El titular del Poder Judicial del Estado, magistrado Alfredo Lagunas Rivera, afirm\u00f3 que a seis a\u00f1os de la implementaci\u00f3n del Sistema Acusatorio Adversarial en Oaxaca, a\u00fan se percibe resistencia por parte de abogados litigantes y de [&#8230;]<\/p>\n<p>December 30, 2013<\/p>\n<p><a title=\"Permalink to Aprueba Senado reforma en materia de combate a la corrupci\u00f3n\" href=\"http:\/\/www.eloriente.net\/home\/2013\/12\/14\/aprueba-senado-reforma-en-materia-de-combate-a-la-corrupcion\/\" rel=\"bookmark\">Aprueba Senado reforma en materia de combate a la corrupci\u00f3n<\/a><\/p>\n<p><a href=\"http:\/\/www.eloriente.net\/home\/2013\/12\/14\/aprueba-senado-reforma-en-materia-de-combate-a-la-corrupcion\/\" rel=\"bookmark\"><img decoding=\"async\" title=\"Aprueba Senado reforma en materia de combate a la corrupci\u00f3n\" src=\"http:\/\/www.eloriente.net\/home\/wp-content\/themes\/city-desk\/timthumb.php?src=http%3A%2F%2Fwww.eloriente.net%2Fhome%2Fwp-content%2Fuploads%2F2013%2F12%2Fsenado1.jpg&amp;q=90&amp;w=160&amp;h=106&amp;zc=1\" alt=\"Aprueba Senado reforma en materia de combate a la corrupci\u00f3n\" \/><\/a><\/p>\n<p>eloriente.net\/Senado de la Rep\u00fablica 14 de diciembre de 2013 El Pleno del Senado de la Rep\u00fablica aprob\u00f3 con 111 votos a favor, dos en contra y dos abstenciones la reforma en materia de combate a la corrupci\u00f3n, la cual est\u00e1 encaminada atacar este mal en todos los niveles de gobierno e instituciones. Al presentar el [&#8230;]<\/p>\n<p>December 14, 2013<\/p>\n<p><a title=\"Permalink to En D\u00eda de los Derechos Humanos, conoce organizaciones mexicanas que los protegen\" href=\"http:\/\/www.eloriente.net\/home\/2013\/12\/10\/organizaciones-mexicanas-a-favor-de-los-derechos-humanos\/\" rel=\"bookmark\">En D\u00eda de los Derechos Humanos, conoce organizaciones mexicanas que los protegen<\/a><\/p>\n<p><a href=\"http:\/\/www.eloriente.net\/home\/2013\/12\/10\/organizaciones-mexicanas-a-favor-de-los-derechos-humanos\/\" rel=\"bookmark\"><img decoding=\"async\" title=\"En D\u00eda de los Derechos Humanos, conoce organizaciones mexicanas que los protegen\" src=\"http:\/\/www.eloriente.net\/home\/wp-content\/themes\/city-desk\/timthumb.php?src=http%3A%2F%2Fwww.eloriente.net%2Fhome%2Fwp-content%2Fuploads%2F2013%2F12%2Fderechos.jpg&amp;q=90&amp;w=160&amp;h=106&amp;zc=1\" alt=\"En D\u00eda de los Derechos Humanos, conoce organizaciones mexicanas que los protegen\" \/><\/a><\/p>\n<p>eloriente.net 10 de diciembre de 2013 En 1950, la Asamblea General de la Organizaci\u00f3n de las Naciones Unidas (ONU) proclam\u00f3 el 10 de diciembre como D\u00eda de los Derechos Humanos, como un acto de conmemoraci\u00f3n por la aprobaci\u00f3n de la Declaraci\u00f3n Universal de Derechos Humanos, firmada dos a\u00f1os atr\u00e1s, como un ideal com\u00fan de todos [&#8230;]<\/p>\n<p>December 10, 2013<\/p>\n\n\t\t\t  <div \n\t\t\t  \tclass = \"fb-comments\" \n\t\t\t  \tdata-href = \"http:\/\/www.eloriente.net\/home\/2014\/01\/04\/resultados-de-encuesta-realizada-en-los-centros-de-readaptacion-social-cide\/\"\n\t\t\t  \tdata-numposts = \"10\"\n\t\t\t\tdata-colorscheme = \"dark\"\n\t\t\t\tdata-order-by = \"social\"\n\t\t\t\tdata-mobile=true>\n\t\t\t  <\/div>\n\t\t  <style>\n\t\t\t.fb_iframe_widget_fluid_desktop iframe {\n\t\t\t    width: 100% !important;\n\t\t\t}\n\t\t  <\/style>\n\t\t  ","protected":false},"excerpt":{"rendered":"<p>eloriente.net\/CIDE 4 de enero de 2013 El Centro de Investigaciones y Docencias Econ\u00f3micas (CIDE) recientemente llev\u00f3 a cabo una primera encuesta realizada en centros federales de readaptaci\u00f3n social, proyecto liderado por la Maestra y Doctora en Derecho,\u00a0Catalina P\u00e9rez Correa. Actualmente, ella es profesora e investigadora de la Divisi\u00f3n de Estudios Jur\u00eddicos en el CIDE Regi\u00f3n [&hellip;]<\/p>\n","protected":false},"author":26,"featured_media":19223,"comment_status":"open","ping_status":"open","sticky":false,"template":"","format":"standard","meta":{"_jetpack_memberships_contains_paid_content":false,"footnotes":""},"categories":[3,32,10,21],"tags":[],"class_list":["post-19220","post","type-post","status-publish","format-standard","has-post-thumbnail","hentry","category-canal-1-tu-aula","category-entradas","category-lo-mas-reciente","category-politica-y-gobierno"],"jetpack_featured_media_url":"http:\/\/www.eloriente.net\/home\/wp-content\/uploads\/2014\/01\/Catalina.png","jetpack_sharing_enabled":true,"_links":{"self":[{"href":"http:\/\/www.eloriente.net\/home\/wp-json\/wp\/v2\/posts\/19220"}],"collection":[{"href":"http:\/\/www.eloriente.net\/home\/wp-json\/wp\/v2\/posts"}],"about":[{"href":"http:\/\/www.eloriente.net\/home\/wp-json\/wp\/v2\/types\/post"}],"author":[{"embeddable":true,"href":"http:\/\/www.eloriente.net\/home\/wp-json\/wp\/v2\/users\/26"}],"replies":[{"embeddable":true,"href":"http:\/\/www.eloriente.net\/home\/wp-json\/wp\/v2\/comments?post=19220"}],"version-history":[{"count":6,"href":"http:\/\/www.eloriente.net\/home\/wp-json\/wp\/v2\/posts\/19220\/revisions"}],"predecessor-version":[{"id":19226,"href":"http:\/\/www.eloriente.net\/home\/wp-json\/wp\/v2\/posts\/19220\/revisions\/19226"}],"wp:featuredmedia":[{"embeddable":true,"href":"http:\/\/www.eloriente.net\/home\/wp-json\/wp\/v2\/media\/19223"}],"wp:attachment":[{"href":"http:\/\/www.eloriente.net\/home\/wp-json\/wp\/v2\/media?parent=19220"}],"wp:term":[{"taxonomy":"category","embeddable":true,"href":"http:\/\/www.eloriente.net\/home\/wp-json\/wp\/v2\/categories?post=19220"},{"taxonomy":"post_tag","embeddable":true,"href":"http:\/\/www.eloriente.net\/home\/wp-json\/wp\/v2\/tags?post=19220"}],"curies":[{"name":"wp","href":"https:\/\/api.w.org\/{rel}","templated":true}]}}