{"id":19244,"date":"2014-01-04T14:17:01","date_gmt":"2014-01-04T20:17:01","guid":{"rendered":"http:\/\/www.eloriente.net\/home\/?p=19244"},"modified":"2014-01-04T14:49:04","modified_gmt":"2014-01-04T20:49:04","slug":"nadia-yvonne-anuncia-noveno-album-para-2014","status":"publish","type":"post","link":"http:\/\/www.eloriente.net\/home\/2014\/01\/04\/nadia-yvonne-anuncia-noveno-album-para-2014\/","title":{"rendered":"Nadia Yvonne anuncia noveno \u00e1lbum para 2014"},"content":{"rendered":"<p>eloriente.net<\/p>\n<p>4 de enero de 2014<\/p>\n<p>La cantante oaxaque\u00f1a Nadia Yvonne dio a conocer que 2014 ser\u00e1 un a\u00f1o importante en su carrera profesional, ya que planea la grabaci\u00f3n de su noveno \u00e1lbum con Warner Music, la realizaci\u00f3n de una comedia musical y la presentaci\u00f3n de su \u00faltimo disco con m\u00fasicos en vivo; asegura concretar estos proyectos porque conf\u00eda en la voluntad de Dios.<\/p>\n<p>Dentro de sus \u00e9xitos en 2013, se destacan la gira art\u00edstica por Estados Unidos, donde brind\u00f3 conciertos en ciudades como Chicago, Los \u00c1ngeles y Nueva York; tambi\u00e9n colabor\u00f3 con la artista Mar\u00eda del Sol al hacer un dueto interpretando la canci\u00f3n \u2018Venid y adoremos\u2019, del \u00e1lbum \u2018El Regalo\u2019; y el m\u00e1s importante, el lanzamiento de su material discogr\u00e1fico \u2018Nadia\u2019, una compilaci\u00f3n de sus 11 a\u00f1os de carrera art\u00edstica.<\/p>\n<p>Asimismo, Nadia reconoci\u00f3 el gran apoyo de la gente oaxaque\u00f1a, recientemente se present\u00f3 en el Auditorio Guelaguetza donde record\u00f3 todos los momentos que le dieron la oportunidad de incursionar con resultados favorables en el mundo de la m\u00fasica.<\/p>\n<p>Portando un vestido de Fabiola Calvo, Nadia Yvonne afirm\u00f3 que apoya a la industria de la moda oaxaque\u00f1a, en sus presentaciones usa frecuentemente indumentarias de\u00a0la dise\u00f1adora textil, esto le ha permitido ser considerada como \u00edcono de la tradici\u00f3n mexicana. Adem\u00e1s, la cantante expres\u00f3 su encanto por la cultura oaxaque\u00f1a, por el sin fin de expresiones art\u00edsticas que posee.<\/p>\n<p>Nadia Yvonne coment\u00f3 que la pirater\u00eda ha afectado fuertemente a la industria discogr\u00e1fica y que ella tambi\u00e9n se ha visto perjudicada, pero afortunadamente junto con su disquera han adoptado y generado cambios para combatir\u00a0este fen\u00f3meno, ha incursionado en la venta de su material discogr\u00e1fico a trav\u00e9s de los medios electr\u00f3nicos, venta individual de temas, campa\u00f1as de concientizaci\u00f3n en redes sociales, entre otras estrategias que requer\u00eda el mercado.<\/p>\n<p>Finalmente, Nadia Yvonne dio un mensaje desando un &#8216;Feliz A\u00f1o 2014&#8217; a todos los lectores de ELORIENTE.NET.<\/p>\n<p>&nbsp;<\/p>\n<p><iframe loading=\"lazy\" src=\"\/\/www.youtube.com\/embed\/fOL0PZsYJP4\" frameborder=\"0\" width=\"560\" height=\"315\"><\/iframe><\/p>\n<p>&nbsp;<\/p>\n<p>&nbsp;<\/p>\n<p><strong>Entradas relacionadas:<\/strong><\/p>\n<p><a title=\"Permalink to \u201cN\u00e1ufragos\u201d de Ni\u00f1os Mutantes, por Canal 3\" href=\"http:\/\/www.eloriente.net\/home\/2014\/01\/03\/naufragos-de-ninos-mutantes-por-canal-3\/\" rel=\"bookmark\">\u201cN\u00e1ufragos\u201d de Ni\u00f1os Mutantes, por Canal 3<\/a><\/p>\n<p><a href=\"http:\/\/www.eloriente.net\/home\/2014\/01\/03\/naufragos-de-ninos-mutantes-por-canal-3\/\" rel=\"bookmark\"><img decoding=\"async\" title=\"\u201cN\u00e1ufragos\u201d de Ni\u00f1os Mutantes, por Canal 3\" src=\"http:\/\/www.eloriente.net\/home\/wp-content\/themes\/city-desk\/timthumb.php?src=http%3A%2F%2Fwww.eloriente.net%2Fhome%2Fwp-content%2Fuploads%2F2014%2F01%2Fmutantes.jpg&amp;q=90&amp;w=160&amp;h=106&amp;zc=1\" alt=\"\u201cN\u00e1ufragos\u201d de Ni\u00f1os Mutantes, por Canal 3\" \/><\/a><\/p>\n<p>eloriente.net 3 de enero de 2014 Foto: nmutantes \u00a0 \u201cN\u00e1ufragos\u201d es la octava producci\u00f3n discogr\u00e1fica de la banda espa\u00f1ola de m\u00fasica indie Ni\u00f1os Mutantes, quien a finales de 2013 recibi\u00f3 el reconocimiento como \u2018\u00c1lbum del a\u00f1o\u2019 de los Premios de la M\u00fasica Independiente, organizado por la Uni\u00f3n Fonogr\u00e1fica Independiente en Espa\u00f1a. N\u00e1ufragos es un material [&#8230;]<\/p>\n<p>January 3, 2014<\/p>\n<p><a title=\"Permalink to Concierto Navide\u00f1o de la Orquesta Sinf\u00f3nica de Miner\u00eda\" href=\"http:\/\/www.eloriente.net\/home\/2013\/12\/20\/concierto-navideno-de-la-orquesta-sinfonica-de-mineria\/\" rel=\"bookmark\">Concierto Navide\u00f1o de la Orquesta Sinf\u00f3nica de Miner\u00eda<\/a><\/p>\n<p><a href=\"http:\/\/www.eloriente.net\/home\/2013\/12\/20\/concierto-navideno-de-la-orquesta-sinfonica-de-mineria\/\" rel=\"bookmark\"><img decoding=\"async\" title=\"Concierto Navide\u00f1o de la Orquesta Sinf\u00f3nica de Miner\u00eda\" src=\"http:\/\/www.eloriente.net\/home\/wp-content\/themes\/city-desk\/timthumb.php?src=http%3A%2F%2Fwww.eloriente.net%2Fhome%2Fwp-content%2Fuploads%2F2013%2F12%2FConcierto-de-Navidad-Foto-Fernando-Aceves-17.jpg&amp;q=90&amp;w=160&amp;h=106&amp;zc=1\" alt=\"Concierto Navide\u00f1o de la Orquesta Sinf\u00f3nica de Miner\u00eda\" \/><\/a><\/p>\n<p>eloriente.com\/UNAM 20 de diciembre de 2013 Foto: Fernando Aceves \u00a0 Estamos a unos d\u00edas de recibir la navidad, es por ello que el d\u00eda de hoy ELORIENTE.NET pone a tu alcance el\u00a0Concierto Navide\u00f1o de la Orquesta Sinf\u00f3nica de Miner\u00eda de 2011, un programa especial integrado con villancicos y selecciones de la m\u00fasica de H\u00e4ndel, Chaikovski, [&#8230;]<\/p>\n<p>December 20, 2013<\/p>\n<p><a title=\"Permalink to Las 10 canciones latinas m\u00e1s populares del 2013\" href=\"http:\/\/www.eloriente.net\/home\/2013\/12\/09\/las-10-canciones-latinas-mas-populares-del-2013\/\" rel=\"bookmark\">Las 10 canciones latinas m\u00e1s populares del 2013<\/a><\/p>\n<p><a href=\"http:\/\/www.eloriente.net\/home\/2013\/12\/09\/las-10-canciones-latinas-mas-populares-del-2013\/\" rel=\"bookmark\"><img decoding=\"async\" title=\"Las 10 canciones latinas m\u00e1s populares del 2013\" src=\"http:\/\/www.eloriente.net\/home\/wp-content\/themes\/city-desk\/timthumb.php?src=http%3A%2F%2Fwww.eloriente.net%2Fhome%2Fwp-content%2Fuploads%2F2013%2F12%2Fmusica-prince-royce.jpg&amp;q=90&amp;w=160&amp;h=106&amp;zc=1\" alt=\"Las 10 canciones latinas m\u00e1s populares del 2013\" \/><\/a><\/p>\n<p>eloriente.net 9 de diciembre de 2013 El final del a\u00f1o se acerca, ELORIENTE.NET te da a conocer diez canciones que han estado en la cima de las listas de popularidad en Latinoam\u00e9rica en el transcurso del 2013 y que tienen altas posibilidades de ser galardonadas como los mejores \u00e9xitos musicales de este 2013. \u00a0 1. [&#8230;]<\/p>\n<p>December 9, 2013<\/p>\n\n\t\t\t  <div \n\t\t\t  \tclass = \"fb-comments\" \n\t\t\t  \tdata-href = \"http:\/\/www.eloriente.net\/home\/2014\/01\/04\/nadia-yvonne-anuncia-noveno-album-para-2014\/\"\n\t\t\t  \tdata-numposts = \"10\"\n\t\t\t\tdata-colorscheme = \"dark\"\n\t\t\t\tdata-order-by = \"social\"\n\t\t\t\tdata-mobile=true>\n\t\t\t  <\/div>\n\t\t  <style>\n\t\t\t.fb_iframe_widget_fluid_desktop iframe {\n\t\t\t    width: 100% !important;\n\t\t\t}\n\t\t  <\/style>\n\t\t  ","protected":false},"excerpt":{"rendered":"<p>eloriente.net 4 de enero de 2014 La cantante oaxaque\u00f1a Nadia Yvonne dio a conocer que 2014 ser\u00e1 un a\u00f1o importante en su carrera profesional, ya que planea la grabaci\u00f3n de su noveno \u00e1lbum con Warner Music, la realizaci\u00f3n de una comedia musical y la presentaci\u00f3n de su \u00faltimo disco con m\u00fasicos en vivo; asegura concretar [&hellip;]<\/p>\n","protected":false},"author":26,"featured_media":19265,"comment_status":"open","ping_status":"open","sticky":false,"template":"","format":"standard","meta":{"_jetpack_memberships_contains_paid_content":false,"footnotes":""},"categories":[32,13,16,83],"tags":[],"class_list":["post-19244","post","type-post","status-publish","format-standard","has-post-thumbnail","hentry","category-entradas","category-especiales","category-salud-y-estilo-de-vida","category-musica-de-oaxaca"],"jetpack_featured_media_url":"http:\/\/www.eloriente.net\/home\/wp-content\/uploads\/2014\/01\/Nadia-Yvonne-Disco.jpg","jetpack_sharing_enabled":true,"_links":{"self":[{"href":"http:\/\/www.eloriente.net\/home\/wp-json\/wp\/v2\/posts\/19244"}],"collection":[{"href":"http:\/\/www.eloriente.net\/home\/wp-json\/wp\/v2\/posts"}],"about":[{"href":"http:\/\/www.eloriente.net\/home\/wp-json\/wp\/v2\/types\/post"}],"author":[{"embeddable":true,"href":"http:\/\/www.eloriente.net\/home\/wp-json\/wp\/v2\/users\/26"}],"replies":[{"embeddable":true,"href":"http:\/\/www.eloriente.net\/home\/wp-json\/wp\/v2\/comments?post=19244"}],"version-history":[{"count":17,"href":"http:\/\/www.eloriente.net\/home\/wp-json\/wp\/v2\/posts\/19244\/revisions"}],"predecessor-version":[{"id":19259,"href":"http:\/\/www.eloriente.net\/home\/wp-json\/wp\/v2\/posts\/19244\/revisions\/19259"}],"wp:featuredmedia":[{"embeddable":true,"href":"http:\/\/www.eloriente.net\/home\/wp-json\/wp\/v2\/media\/19265"}],"wp:attachment":[{"href":"http:\/\/www.eloriente.net\/home\/wp-json\/wp\/v2\/media?parent=19244"}],"wp:term":[{"taxonomy":"category","embeddable":true,"href":"http:\/\/www.eloriente.net\/home\/wp-json\/wp\/v2\/categories?post=19244"},{"taxonomy":"post_tag","embeddable":true,"href":"http:\/\/www.eloriente.net\/home\/wp-json\/wp\/v2\/tags?post=19244"}],"curies":[{"name":"wp","href":"https:\/\/api.w.org\/{rel}","templated":true}]}}