{"id":19274,"date":"2014-01-06T09:39:38","date_gmt":"2014-01-06T15:39:38","guid":{"rendered":"http:\/\/www.eloriente.net\/home\/?p=19274"},"modified":"2014-01-06T13:19:54","modified_gmt":"2014-01-06T19:19:54","slug":"desalojan-a-cnte-del-monumento-a-la-revolucion","status":"publish","type":"post","link":"http:\/\/www.eloriente.net\/home\/2014\/01\/06\/desalojan-a-cnte-del-monumento-a-la-revolucion\/","title":{"rendered":"Desalojan a CNTE del Monumento a la Revoluci\u00f3n"},"content":{"rendered":"<p>eloriente.net<\/p>\n<p>Actualizaci\u00f3n: 6 de enero de 2014. 13:20 horas.<\/p>\n<p>Foto: Monumento a la Revoluci\u00f3n. Web Cams de M\u00e9xico: 06\/01\/2014 09:00:05 h.<\/p>\n<p>&nbsp;<\/p>\n<p><strong><em>13:20 horas:\u00a0<\/em><\/strong><strong>Secci\u00f3n XXII convoca a mitin pol\u00edtico<\/strong><\/p>\n<p>El Comit\u00e9 Ejecutivo de la Secci\u00f3n XXII del Sindicato Nacional de Trabajadores de la Educaci\u00f3n convoca al\u00a0pleno, organismos auxiliares, personal de apoyo y \u00a0comisionados a participar en un mitin pol\u00edtico en contra de lo que ellos consideran, la criminalizaci\u00f3n de la protesta social y la actitud fascista del Gobierno del Distrito Federal; que se efectuar\u00e1 el d\u00eda de hoy lunes 6 de enero del presente a\u00f1o, a las 16:00 horas, en el z\u00f3calo de la ciudad de Oaxaca de Ju\u00e1rez.<\/p>\n<p>&nbsp;<\/p>\n<p><a href=\"http:\/\/www.eloriente.net\/home\/wp-content\/uploads\/2014\/01\/Convocatoria-para-el-mitin-politico-el-6-de-enero-de-2013.jpg\"><img loading=\"lazy\" decoding=\"async\" class=\"aligncenter\" title=\"Convocatoria-para-el-mitin-politico-el-6-de-enero-de-2013\" src=\"http:\/\/www.eloriente.net\/home\/wp-content\/uploads\/2014\/01\/Convocatoria-para-el-mitin-politico-el-6-de-enero-de-2013-227x300.jpg\" alt=\"\" width=\"227\" height=\"300\" \/><\/a><\/p>\n<p>&nbsp;<\/p>\n<blockquote class=\"twitter-tweet\" lang=\"es\"><p>Convocatoria para el mitin pol\u00edtico el d\u00eda de hoy 6 de enero de 2014 <a href=\"https:\/\/twitter.com\/SECCIONXXII\">@SECCIONXXII<\/a> <a href=\"https:\/\/twitter.com\/search?q=%23Oaxaca&amp;src=hash\">#Oaxaca<\/a> <a href=\"https:\/\/twitter.com\/search?q=%23CNTE&amp;src=hash\">#CNTE<\/a> <a href=\"http:\/\/t.co\/9hrro3DXmv\">http:\/\/t.co\/9hrro3DXmv<\/a><\/p>\n<p>\u2014 Secci\u00f3n XXII Oaxaca (@SECCIONXXII) <a href=\"https:\/\/twitter.com\/SECCIONXXII\/statuses\/420264371563298816\">enero 6, 2014<\/a><\/p><\/blockquote>\n<p>&nbsp;<\/p>\n<div><\/div>\n<p><em><strong>9:30 horas:\u00a0<\/strong><\/em><strong>Desalojan a CNTE del Monumento a la Revoluci\u00f3n<\/strong><\/p>\n<p>Elementos policiacos de la Seguridad P\u00fablica del Distrito Federal iniciaron el desalojo del plant\u00f3n de los maestros de la Coordinadora Nacional de Trabajadores de la Educaci\u00f3n (CNTE), que mantuvieron desde septiembre de 2013 en las inmediaciones del monumento a la Revoluci\u00f3n en la capital del pa\u00eds, hasta ayer domingo.<\/p>\n<p>\u00abEn este momento estamos recuperando el \u00e1rea que corresponde a las fuentes del Monumento a la Revoluci\u00f3n, puede ser o no justificado, respetamos la libre manifestaci\u00f3n pero as\u00ed como ellos responden a los intereses de una secci\u00f3n sindical, nosotros respondemos a los intereses de los capitalinos y en consecuencia actuamos para tener recuperado este importante espacio\u00bb, expres\u00f3 H\u00e9ctor Serrano, secretario del gobierno del Distrito Federal.<\/p>\n<p>El contingente policiaco realiz\u00f3 la encomienda en la tarde de ayer 5 de enero al rodear la plaza p\u00fablica donde se encontraban miembros de la Coordinadora entre los que destacan integrantes de la Secci\u00f3n XXII de Oaxaca y representantes de los estados de\u00a0<a href=\"http:\/\/www.jornada.unam.mx\/ultimas\/2014\/01\/05\/suspende-cnte-asamblea-nacional-debido-a-presencia-policiaca-en-campamento-4403.html\" target=\"_blank\">Veracruz, Chiapas, Quintana Roo, Campeche, Morelos, Puebla, San Luis Potos\u00ed, Durango y comarca lagunera<\/a>. Con maquinaria pesada fueron retiradas casas de campa\u00f1as, lonas, carpas y otros objetos que los maestros manten\u00edan en su campamento.<\/p>\n<p>Por su parte, la Secci\u00f3n XXII del SNTE a trav\u00e9s de un <a href=\"http:\/\/www.informador.com.mx\/mexico\/2014\/505952\/6\/comienzan-desalojo-de-la-cnte-en-monumento-de-la-revolucion.htm\" target=\"_blank\">comunicado<\/a> extern\u00f3: \u201cResponsabilizamos al gobierno del DF y Federal de cualquier agresi\u00f3n que pueda sufrir los integrantes del magisterio nacional democr\u00e1tico aglutinados en la CNTE. Exigimos de manera inmediata el retiro de todos los elementos de la polic\u00eda que se encuentran en este momento en el monumento a la Revoluci\u00f3n en una actitud de provocaci\u00f3n\u00bb.<\/p>\n<p>Ayer por la noche, l\u00edderes de la CNTE convocaron a sus agremiados en Oaxaca para establecer las medidas que tomar\u00edan tras este suceso, por lo que profesores se dieron cita en las oficinas del Comit\u00e9 Ejecutivo Seccional en el Centro Hist\u00f3rico de Oaxaca de Ju\u00e1rez para un posible traslado inmediato a la Ciudad de M\u00e9xico.<\/p>\n<p>&nbsp;<\/p>\n<p><strong>Reacciones en Twitter:\u00a0<\/strong><\/p>\n<blockquote class=\"twitter-tweet\" lang=\"es\"><p>Camiones del GDf se llevan lo que qued\u00f3 del camps to de la <a href=\"https:\/\/twitter.com\/search?q=%23cnte&amp;src=hash\">#cnte<\/a> tras desalojo <a href=\"http:\/\/t.co\/ZiahpfSD24\">pic.twitter.com\/ZiahpfSD24<\/a><\/p>\n<p>\u2014 PaulateleSUR (@PaulateleSUR) <a href=\"https:\/\/twitter.com\/PaulateleSUR\/statuses\/420027687898324992\">enero 6, 2014<\/a><\/p><\/blockquote>\n<p>&nbsp;<\/p>\n<blockquote class=\"twitter-tweet\" lang=\"es\"><p>Imagen del desalojo del represor <a href=\"https:\/\/twitter.com\/ManceraMiguelMX\">@ManceraMiguelMX<\/a> del plant\u00f3n de la <a href=\"https:\/\/twitter.com\/search?q=%23CNTE&amp;src=hash\">#CNTE<\/a> hace unos momentos. Cerca de su <a href=\"https:\/\/twitter.com\/search?q=%23waterloo&amp;src=hash\">#waterloo<\/a> <a href=\"http:\/\/t.co\/LnR1JoNyhV\">pic.twitter.com\/LnR1JoNyhV<\/a><\/p>\n<p>\u2014 Di\u00f3genes (@lamparadiogenes) <a href=\"https:\/\/twitter.com\/lamparadiogenes\/statuses\/420014545650712576\">enero 6, 2014<\/a><\/p><\/blockquote>\n<p>&nbsp;<\/p>\n<blockquote class=\"twitter-tweet\" lang=\"es\"><p>Atendiendo reclamo social de capitalinos y por instrucci\u00f3n de <a href=\"https:\/\/twitter.com\/ManceraMiguelMX\">@ManceraMiguelMX<\/a> esta noche continuamos recuperaci\u00f3n de Monumento a la Rev.<\/p>\n<p>\u2014 H\u00e9ctor Serrano (@HectorSerranoC) <a href=\"https:\/\/twitter.com\/HectorSerranoC\/statuses\/420010897499623425\">enero 6, 2014<\/a><\/p><\/blockquote>\n<p>&nbsp;<\/p>\n<blockquote class=\"twitter-tweet\" lang=\"es\"><p>Se realiza mitin pol\u00edtico en <a href=\"https:\/\/twitter.com\/search?q=%23Oaxaca&amp;src=hash\">#Oaxaca<\/a> y se manifiesta el repudio a la pol\u00edtica fascista del gobierno\u2026 <a href=\"http:\/\/t.co\/CTpjPKhq4r\">http:\/\/t.co\/CTpjPKhq4r<\/a><\/p>\n<p>\u2014 Secci\u00f3n XXII Oaxaca (@SECCIONXXII) <a href=\"https:\/\/twitter.com\/SECCIONXXII\/statuses\/420079040016678912\">enero 6, 2014<\/a><\/p>\n<p>&nbsp;<\/p><\/blockquote>\n<p>&nbsp;<\/p>\n<p><iframe loading=\"lazy\" src=\"\/\/www.youtube.com\/embed\/8mVnbe1WFWg\" frameborder=\"0\" width=\"420\" height=\"315\"><\/iframe><\/p>\n<p>Video:\u00a0<a dir=\"ltr\" href=\"http:\/\/www.youtube.com\/user\/aristeguinoticias?feature=watch\" data-sessionlink=\"feature=watch&amp;ei=pNjKUtXGCOX88AG_uIDoCg\" data-ytid=\"UCafNntv_qTQB26AvbEQNHPw\" data-name=\"watch\">Aristegui Noticias<\/a><\/p>\n<p>&nbsp;<\/p>\n<p><strong>Entradas relacionadas:\u00a0<\/strong><\/p>\n<p><a title=\"Permalink to Secci\u00f3n 22 vs. 59: el remedio no est\u00e1 en la disputa\" href=\"http:\/\/www.eloriente.net\/home\/2013\/11\/29\/seccion-22-vs-59-el-remedio-no-esta-en-la-disputa\/\" rel=\"bookmark\">Secci\u00f3n 22 vs. 59: el remedio no est\u00e1 en la disputa<\/a><\/p>\n<p><a href=\"http:\/\/www.eloriente.net\/home\/2013\/11\/29\/seccion-22-vs-59-el-remedio-no-esta-en-la-disputa\/\" rel=\"bookmark\"><img decoding=\"async\" title=\"Secci\u00f3n 22 vs. 59: el remedio no est\u00e1 en la disputa\" src=\"http:\/\/www.eloriente.net\/home\/wp-content\/themes\/city-desk\/timthumb.php?src=http%3A%2F%2Fwww.eloriente.net%2Fhome%2Fwp-content%2Fuploads%2F2013%2F11%2FCNTE-Atribucio%CC%81n-Algunos-derechos-reservados-por-Eneas-.jpg&amp;q=90&amp;w=160&amp;h=106&amp;zc=1\" alt=\"Secci\u00f3n 22 vs. 59: el remedio no est\u00e1 en la disputa\" \/><\/a><\/p>\n<p>eloriente.net 29 de noviembre de 2013 Por: Adri\u00e1n Ortiz Romero + El problema no se arregla arrebatando escuelas + Secci\u00f3n 22 vs 59: el remedio no est\u00e1 en la disputa Ayer la Secci\u00f3n 22 del SNTE intent\u00f3 la recuperaci\u00f3n violenta de dos instalaciones educativas m\u00e1s, dejando en claro a todos \u2014a todos\u2014 que para ellos [&#8230;]<\/p>\n<p>November 29, 2013<\/p>\n<p><a title=\"Permalink to Oaxaca, aislada de la Federaci\u00f3n, \u00bfpor siempre?\" href=\"http:\/\/www.eloriente.net\/home\/2013\/11\/19\/17526\/\" rel=\"bookmark\">Oaxaca, aislada de la Federaci\u00f3n, \u00bfpor siempre?<\/a><\/p>\n<p><a href=\"http:\/\/www.eloriente.net\/home\/2013\/11\/19\/17526\/\" rel=\"bookmark\"><img decoding=\"async\" title=\"Oaxaca, aislada de la Federaci\u00f3n, \u00bfpor siempre?\" src=\"http:\/\/www.eloriente.net\/home\/wp-content\/themes\/city-desk\/timthumb.php?src=http%3A%2F%2Fwww.eloriente.net%2Fhome%2Fwp-content%2Fuploads%2F2013%2F09%2FZocalo-Seccion-22-Algunos-derechos-reservados-por-Marysol.jpg&amp;q=90&amp;w=160&amp;h=106&amp;zc=1\" alt=\"Oaxaca, aislada de la Federaci\u00f3n, \u00bfpor siempre?\" \/><\/a><\/p>\n<p>eloriente.net 19 de noviembre de 2013 Por: Adri\u00e1n Ortiz Romero + CNTE: el monstruo que la capital no conoc\u00eda + Oaxaca, aislada de Federaci\u00f3n, \u00bfpor siempre? En los medios informativos editados en la capital de la Rep\u00fablica no se deja de reportar que profesores oaxaque\u00f1os plantados en el Monumento a la Revoluci\u00f3n, casi a diario [&#8230;]<\/p>\n<p>November 19, 2013<\/p>\n<p><a title=\"Permalink to \u00bfQu\u00e9 acord\u00f3 la Secci\u00f3n 22 para los pr\u00f3ximos d\u00edas?\" href=\"http:\/\/www.eloriente.net\/home\/2013\/09\/24\/que-acordo-la-seccion-22-para-los-proximos-dias\/\" rel=\"bookmark\">\u00bfQu\u00e9 acord\u00f3 la Secci\u00f3n 22 para los pr\u00f3ximos d\u00edas?<\/a><\/p>\n<p><a href=\"http:\/\/www.eloriente.net\/home\/2013\/09\/24\/que-acordo-la-seccion-22-para-los-proximos-dias\/\" rel=\"bookmark\"><img decoding=\"async\" title=\"\u00bfQu\u00e9 acord\u00f3 la Secci\u00f3n 22 para los pr\u00f3ximos d\u00edas?\" src=\"http:\/\/www.eloriente.net\/home\/wp-content\/themes\/city-desk\/timthumb.php?src=http%3A%2F%2Fwww.eloriente.net%2Fhome%2Fwp-content%2Fuploads%2F2013%2F09%2FCNTE-ULTIMA-NOCHE-Algunos-derechos-reservados-por-Eneas.jpg&amp;q=90&amp;w=160&amp;h=106&amp;zc=1\" alt=\"\u00bfQu\u00e9 acord\u00f3 la Secci\u00f3n 22 para los pr\u00f3ximos d\u00edas?\" \/><\/a><\/p>\n<p>eloriente.net 24 de septiembre de 2013 eloriente.net (Oaxaca, Oax. a 24 de septiembre de 2013).- 27 Acuerdos, 17 Tareas y 18 Pronunciamientos fueron dados a conocer por la Secci\u00f3n 22 de Oaxaca esta madrugada, como resultado de la Asamblea Estatal permanente efectuada ayer en el Auditorio del Sindicato Mexicano de Electricistas en la Ciudad de [&#8230;]<\/p>\n<p>September 24, 2013<\/p>\n\n\t\t\t  <div \n\t\t\t  \tclass = \"fb-comments\" \n\t\t\t  \tdata-href = \"http:\/\/www.eloriente.net\/home\/2014\/01\/06\/desalojan-a-cnte-del-monumento-a-la-revolucion\/\"\n\t\t\t  \tdata-numposts = \"10\"\n\t\t\t\tdata-colorscheme = \"dark\"\n\t\t\t\tdata-order-by = \"social\"\n\t\t\t\tdata-mobile=true>\n\t\t\t  <\/div>\n\t\t  <style>\n\t\t\t.fb_iframe_widget_fluid_desktop iframe {\n\t\t\t    width: 100% !important;\n\t\t\t}\n\t\t  <\/style>\n\t\t  ","protected":false},"excerpt":{"rendered":"<p>eloriente.net Actualizaci\u00f3n: 6 de enero de 2014. 13:20 horas. Foto: Monumento a la Revoluci\u00f3n. Web Cams de M\u00e9xico: 06\/01\/2014 09:00:05 h. &nbsp; 13:20 horas:\u00a0Secci\u00f3n XXII convoca a mitin pol\u00edtico El Comit\u00e9 Ejecutivo de la Secci\u00f3n XXII del Sindicato Nacional de Trabajadores de la Educaci\u00f3n convoca al\u00a0pleno, organismos auxiliares, personal de apoyo y \u00a0comisionados a participar [&hellip;]<\/p>\n","protected":false},"author":26,"featured_media":19280,"comment_status":"open","ping_status":"open","sticky":false,"template":"","format":"standard","meta":{"_jetpack_memberships_contains_paid_content":false,"footnotes":""},"categories":[29,32,10,21,31],"tags":[],"class_list":["post-19274","post","type-post","status-publish","format-standard","has-post-thumbnail","hentry","category-capital","category-entradas","category-lo-mas-reciente","category-politica-y-gobierno","category-principal"],"jetpack_featured_media_url":"http:\/\/www.eloriente.net\/home\/wp-content\/uploads\/2014\/01\/0900.jpg","jetpack_sharing_enabled":true,"_links":{"self":[{"href":"http:\/\/www.eloriente.net\/home\/wp-json\/wp\/v2\/posts\/19274"}],"collection":[{"href":"http:\/\/www.eloriente.net\/home\/wp-json\/wp\/v2\/posts"}],"about":[{"href":"http:\/\/www.eloriente.net\/home\/wp-json\/wp\/v2\/types\/post"}],"author":[{"embeddable":true,"href":"http:\/\/www.eloriente.net\/home\/wp-json\/wp\/v2\/users\/26"}],"replies":[{"embeddable":true,"href":"http:\/\/www.eloriente.net\/home\/wp-json\/wp\/v2\/comments?post=19274"}],"version-history":[{"count":13,"href":"http:\/\/www.eloriente.net\/home\/wp-json\/wp\/v2\/posts\/19274\/revisions"}],"predecessor-version":[{"id":19277,"href":"http:\/\/www.eloriente.net\/home\/wp-json\/wp\/v2\/posts\/19274\/revisions\/19277"}],"wp:featuredmedia":[{"embeddable":true,"href":"http:\/\/www.eloriente.net\/home\/wp-json\/wp\/v2\/media\/19280"}],"wp:attachment":[{"href":"http:\/\/www.eloriente.net\/home\/wp-json\/wp\/v2\/media?parent=19274"}],"wp:term":[{"taxonomy":"category","embeddable":true,"href":"http:\/\/www.eloriente.net\/home\/wp-json\/wp\/v2\/categories?post=19274"},{"taxonomy":"post_tag","embeddable":true,"href":"http:\/\/www.eloriente.net\/home\/wp-json\/wp\/v2\/tags?post=19274"}],"curies":[{"name":"wp","href":"https:\/\/api.w.org\/{rel}","templated":true}]}}