{"id":19286,"date":"2014-01-06T10:36:55","date_gmt":"2014-01-06T16:36:55","guid":{"rendered":"http:\/\/www.eloriente.net\/home\/?p=19286"},"modified":"2014-01-06T10:38:15","modified_gmt":"2014-01-06T16:38:15","slug":"bonfigli","status":"publish","type":"post","link":"http:\/\/www.eloriente.net\/home\/2014\/01\/06\/bonfigli\/","title":{"rendered":"Bonfigli"},"content":{"rendered":"<p>eloriente.net<\/p>\n<p>6 de enero de 2013<\/p>\n<p style=\"text-align: right\">Por: <a href=\"http:\/\/www.eloriente.net\/home\/author\/omar\/\" target=\"_blank\">Omar Alejandro \u00c1ngel Cort\u00e9s\u00a0<\/a><\/p>\n<p style=\"text-align: left\" align=\"right\"><em>A ti<\/em><\/p>\n<p>\u00bfQu\u00e9 clase de belleza tienen tus ojos que me reflejo hermosa? Aqu\u00ed, ahora, te veo y, como la bocanada de humo que exhalo, igual que la gota suicida recorriendo tu \u00faltima copa, resulta dif\u00edcil, con exactitud, comprender el <em>c\u00f3mo, por qu\u00e9<\/em> y <em>para qu\u00e9 <\/em>de tus sonrisas, si acaso lo fueron. Somos, comprendo, tan pobres. Descubrimos, al menos yo, de golpe, lo que era el alma cuando la perdimos. Pensaba. Mientras, veo tu descenso y c\u00f3mo, queriendo o no, me arrastras; en si deber\u00eda, o no, pasar esto. O, m\u00e1s bien, si deber\u00eda dejar de pasar. No ocurrir.<\/p>\n<p>\u00bfQu\u00e9 con tus manos, protegi\u00e9ndome desde antes que te fuese, hasta este, el final? \u00bfQu\u00e9 con ellas, con sus movimientos y calidez, que me hicieron sentir her\u00f3ica? Aqu\u00ed, ahora, te veo m\u00e1s de lejos -as\u00ed lo quisiste- y aquella belleza, la c\u00e1ndida ternura comienza, como la bocanada de humo que exhalo, igual que la gota suicida recorriendo tu \u00faltima copa, como t\u00fa mismo, como yo, a descender.<\/p>\n<p>Y tu palabra. Tu voz. La manera en que me entregabas -sin pedirlo ni saberlo- tu ser, la existencia y el conocimiento -poco o mucho- que hasta siempre hab\u00edas tenido. Suficiente no fue tenerte en mi, expulsarnos, de a poco, el uno del otro. Soy, amado, la exiliada tuya que, por ti, te ha expulsado.<\/p>\n<p>\u00bfQu\u00e9 clase de belleza? \u00bfqu\u00e9 con mis ojos? \u00bfqu\u00e9, despu\u00e9s, con tu voz, tus manos, contigo? S\u00f3lo s\u00e9 que de a poco, como todo lo que vivimos, como la bocanada de humo que exhalo, igual que la gota suicida recorriendo tu \u00faltima copa, a tu \u00faltimo t\u00fa, como humanos, de a poco, pero de golpe, daremos vuelta y seremos, acaso, buenos hijos.<\/p>\n<p>&nbsp;<\/p>\n<p><strong>Entradas relacionadas:<\/strong><\/p>\n<p><a title=\"Permalink to Crom\u00e1tico\" href=\"http:\/\/www.eloriente.net\/home\/2013\/12\/01\/cromatico\/\" rel=\"bookmark\">Crom\u00e1tico<\/a><\/p>\n<p><a href=\"http:\/\/www.eloriente.net\/home\/2013\/12\/01\/cromatico\/\" rel=\"bookmark\"><img decoding=\"async\" src=\"http:\/\/www.eloriente.net\/home\/wp-content\/themes\/city-desk\/timthumb.php?src=http%3A%2F%2Fwww.eloriente.net%2Fhome%2Fwp-content%2Fuploads%2F2013%2F12%2FAmanecer-Atribuci%C3%B3nCompartir-bajo-la-misma-licencia-Algunos-derechos-reservados-por-Dario-Sanches.jpg&amp;q=90&amp;w=160&amp;h=106&amp;zc=1\" alt=\"Crom\u00e1tico\" \/><\/a><\/p>\n<p>eloriente.net 2 de diciembre de 2013 Por: Omar Alejandro \u00c1ngel CROM\u00c1TICO \u00a0i) Dos de ellos son tres. \u00a0 ii) Reyan amor. Luego, ser\u00e1n. \u00a0 iii) M\u00edseros. Hipnotizada costumbre. \u00a0 iv) Falsos pasos lascando orondos no un ma\u00f1ana. \u00a0 v) Sol, acre color, rompes en ella lo que de \u00e9l no conoce. \u00a0 vi) Lapidario ocioso. [&#8230;]<\/p>\n<p>December 1, 2013<\/p>\n<div>\n<p><a title=\"Permalink to Magdalena\" href=\"http:\/\/www.eloriente.net\/home\/2013\/11\/18\/magdalena\/\" rel=\"bookmark\">Magdalena<\/a><\/p>\n<p><a href=\"http:\/\/www.eloriente.net\/home\/2013\/11\/18\/magdalena\/\" rel=\"bookmark\"><img decoding=\"async\" src=\"http:\/\/www.eloriente.net\/home\/wp-content\/themes\/city-desk\/timthumb.php?src=http%3A%2F%2Fwww.eloriente.net%2Fhome%2Fwp-content%2Fuploads%2F2013%2F11%2FAtribucio%CC%81n-Algunos-derechos-reservados-por-Ignorant-Walking-Horizonte.jpg&amp;q=90&amp;w=160&amp;h=106&amp;zc=1\" alt=\"Magdalena\" \/><\/a><\/p>\n<p>eloriente.net 18 de noviembre de 2013 Por: Omar Alejandro \u00c1ngel MAGDALENA A Magdalena Lascours Siempre, sin duda, supe, supimos, que era ella, \u00e9ramos, necesariamente, juntos, solos, nosotros. Hoy, que despierto, sin ella, si, en realidad, la tuve, nos tuvimos, con el fr\u00edo, recuerdo, de su ausencia, me maravillo, est\u00fapidamente, como por vez primera, de que [&#8230;]<\/p>\n<p>November 18, 2013<\/p>\n<\/div>\n<div>\n<p><a title=\"Permalink to Los Nonos\" href=\"http:\/\/www.eloriente.net\/home\/2013\/10\/25\/los-nonos\/\" rel=\"bookmark\">Los Nonos<\/a><\/p>\n<p><a href=\"http:\/\/www.eloriente.net\/home\/2013\/10\/25\/los-nonos\/\" rel=\"bookmark\"><img decoding=\"async\" src=\"http:\/\/www.eloriente.net\/home\/wp-content\/themes\/city-desk\/timthumb.php?src=http%3A%2F%2Fwww.eloriente.net%2Fhome%2Fwp-content%2Fuploads%2F2013%2F10%2FPasillo-Muvin-Atribucio%CC%81n-Algunos-derechos-reservados-por-Oswaldo-Rubio.jpg&amp;q=90&amp;w=160&amp;h=106&amp;zc=1\" alt=\"Los Nonos\" \/><\/a><\/p>\n<p>eloriente.net 25 de octubre de 2013 Por: Omar Alejandro \u00c1ngel LOS NONOS A Alicia y Pepe \u00a0De manera que uno entra por el zagu\u00e1n, abre la cancel y pasa al living. Da vuelta al cerrojo de la puerta y enseguida, sin pre\u00e1mbulo alguno, se encuentra en el medio, en el punto que -rom\u00e1nticamente- podr\u00eda llamar [&#8230;]<\/p>\n<p>October 25, 2013<\/p>\n<\/div>\n\n\t\t\t  <div \n\t\t\t  \tclass = \"fb-comments\" \n\t\t\t  \tdata-href = \"http:\/\/www.eloriente.net\/home\/2014\/01\/06\/bonfigli\/\"\n\t\t\t  \tdata-numposts = \"10\"\n\t\t\t\tdata-colorscheme = \"dark\"\n\t\t\t\tdata-order-by = \"social\"\n\t\t\t\tdata-mobile=true>\n\t\t\t  <\/div>\n\t\t  <style>\n\t\t\t.fb_iframe_widget_fluid_desktop iframe {\n\t\t\t    width: 100% !important;\n\t\t\t}\n\t\t  <\/style>\n\t\t  ","protected":false},"excerpt":{"rendered":"<p>eloriente.net 6 de enero de 2013 Por: Omar Alejandro \u00c1ngel Cort\u00e9s\u00a0 A ti \u00bfQu\u00e9 clase de belleza tienen tus ojos que me reflejo hermosa? Aqu\u00ed, ahora, te veo y, como la bocanada de humo que exhalo, igual que la gota suicida recorriendo tu \u00faltima copa, resulta dif\u00edcil, con exactitud, comprender el c\u00f3mo, por qu\u00e9 y [&hellip;]<\/p>\n","protected":false},"author":14,"featured_media":19287,"comment_status":"open","ping_status":"open","sticky":false,"template":"","format":"standard","meta":{"_jetpack_memberships_contains_paid_content":false,"footnotes":""},"categories":[11,32,10,57],"tags":[],"class_list":["post-19286","post","type-post","status-publish","format-standard","has-post-thumbnail","hentry","category-colaboradores","category-entradas","category-lo-mas-reciente","category-omar-alejandro-angel"],"jetpack_featured_media_url":"http:\/\/www.eloriente.net\/home\/wp-content\/uploads\/2014\/01\/Mujer.jpg","jetpack_sharing_enabled":true,"_links":{"self":[{"href":"http:\/\/www.eloriente.net\/home\/wp-json\/wp\/v2\/posts\/19286"}],"collection":[{"href":"http:\/\/www.eloriente.net\/home\/wp-json\/wp\/v2\/posts"}],"about":[{"href":"http:\/\/www.eloriente.net\/home\/wp-json\/wp\/v2\/types\/post"}],"author":[{"embeddable":true,"href":"http:\/\/www.eloriente.net\/home\/wp-json\/wp\/v2\/users\/14"}],"replies":[{"embeddable":true,"href":"http:\/\/www.eloriente.net\/home\/wp-json\/wp\/v2\/comments?post=19286"}],"version-history":[{"count":3,"href":"http:\/\/www.eloriente.net\/home\/wp-json\/wp\/v2\/posts\/19286\/revisions"}],"predecessor-version":[{"id":19289,"href":"http:\/\/www.eloriente.net\/home\/wp-json\/wp\/v2\/posts\/19286\/revisions\/19289"}],"wp:featuredmedia":[{"embeddable":true,"href":"http:\/\/www.eloriente.net\/home\/wp-json\/wp\/v2\/media\/19287"}],"wp:attachment":[{"href":"http:\/\/www.eloriente.net\/home\/wp-json\/wp\/v2\/media?parent=19286"}],"wp:term":[{"taxonomy":"category","embeddable":true,"href":"http:\/\/www.eloriente.net\/home\/wp-json\/wp\/v2\/categories?post=19286"},{"taxonomy":"post_tag","embeddable":true,"href":"http:\/\/www.eloriente.net\/home\/wp-json\/wp\/v2\/tags?post=19286"}],"curies":[{"name":"wp","href":"https:\/\/api.w.org\/{rel}","templated":true}]}}