{"id":19338,"date":"2014-01-08T09:22:58","date_gmt":"2014-01-08T15:22:58","guid":{"rendered":"http:\/\/www.eloriente.net\/home\/?p=19338"},"modified":"2014-01-08T09:22:58","modified_gmt":"2014-01-08T15:22:58","slug":"directora-de-la-escuela-de-economia-uabjo-rinde-su-segundo-informe","status":"publish","type":"post","link":"http:\/\/www.eloriente.net\/home\/2014\/01\/08\/directora-de-la-escuela-de-economia-uabjo-rinde-su-segundo-informe\/","title":{"rendered":"Directora de la Escuela de Econom\u00eda-UABJO rinde su segundo informe"},"content":{"rendered":"<p>eloriente.net\/<a href=\"http:\/\/www.uabjo.mx\" target=\"_blank\">UABJO<\/a><\/p>\n<p>8 de enero de 2014<\/p>\n<p>La Directora de la Escuela de Econom\u00eda de la Universidad Aut\u00f3noma \u201cBenito Ju\u00e1rez\u201d de Oaxaca (UABJO), Aracely Escobar M\u00e9ndez, rindi\u00f3 su Segundo Informe de Actividades Acad\u00e9micas-Administrativas ante el Consejo T\u00e9cnico y comunidad de la Unidad Acad\u00e9mica, en cumplimiento a lo estipulado en la Ley Org\u00e1nica vigente.<\/p>\n<p>Se inform\u00f3 los avances que se han tenido en los rubros de normatividad, alumnos, personal acad\u00e9mico, transparencia y rendici\u00f3n de cuentas, servicio de apoyo a los estudiantes, planeaci\u00f3n y evaluaci\u00f3n e infraestructura.<\/p>\n<p>En lo referente a cursos, talleres y conferencias, se ha contado con la participaci\u00f3n de profesores investigadores de la UNAM y funcionarios del sector gubernamental, lo que ha permitido coadyuvar en la formaci\u00f3n de los estudiantes y conocer las expectativas que se tiene del perfil de egreso del Licenciado en Econom\u00eda. Se ha tenido tambi\u00e9n participaci\u00f3n de docentes de universidades del extranjero, ejemplo de ello fue\u00a0 la visita del de los profesores Riccardo Bellofiore\u00a0 y Giovanna Vertova, de la Universidad de B\u00e9rgamo Italia.<\/p>\n<p>La funcionaria resalt\u00f3 que el 42% de la matr\u00edcula de la Licenciatura en Econom\u00eda en su modalidad escolarizada cuenta con una beca de los programas PRONABES o Becas Bienestar.<\/p>\n<p>En lo referente a movilidad estudiantil, Escobar M\u00e9ndez inform\u00f3 sobre la participaci\u00f3n de alumnos en estancias semestrales en la Facultad de Econom\u00eda de la UNAM y la Universidad de Guadalajara y la visita de tres alumnos de la Escuela de Econom\u00eda a la CEPAL y a la Universidad Aut\u00f3noma de Chile.<\/p>\n<p>En cuanto al estado financiero que guarda la Escuela, referente a los ingresos recibidos y egresos realizados, la Directora mencion\u00f3 que se han optimizando los recursos, transparentando el uso del mismo.<\/p>\n<p>En materia de planeaci\u00f3n y evaluaci\u00f3n, mencion\u00f3 que en el mes de abril pasado se iniciaron los trabajos para la autoevaluaci\u00f3n de la Licenciatura en Econom\u00eda, con el objetivo de consolidarla como un programa de calidad su modalidad escolarizada para ello, se han realizado diagn\u00f3sticos en diferente rubros como: personal acad\u00e9mico, alumnos, infraestructura, clima organizacional, servicio social, detectando fortalezas y \u00e1reas de oportunidad, mismas que est\u00e1n siendo atendidas.<\/p>\n<p>Otros programas implementados han sido el seguimiento de egresados y el programa de tutor\u00edas, necesarios para el fortalecimiento del programa de estudios.<\/p>\n<p>Dentro de las metas acad\u00e9micas y de infraestructura que se tienen est\u00e1n: la evaluaci\u00f3n de la Licenciatura en Econom\u00eda, el incremento de la plantilla de profesores de tiempo completo y la construcci\u00f3n del estacionamiento de la Unidad Acad\u00e9mica, acciones necesarias para la consolidaci\u00f3n de la Escuela de Econom\u00eda.<\/p>\n<p>Finalmente, agradeci\u00f3 el apoyo recibido de la Administraci\u00f3n Central encabezada por el Lic. Eduardo Mart\u00ednez Helmes, as\u00ed como reconoci\u00f3 el trabajo de todo el personal que integra la Unidad Acad\u00e9mica, ya que con su esmero y dedicaci\u00f3n hacen posible el avance de la Escuela de Econom\u00eda.<\/p>\n<p>&nbsp;<\/p>\n<p><a href=\"http:\/\/www.eloriente.net\/home\/wp-content\/uploads\/2014\/01\/7-1.jpg\"><img loading=\"lazy\" decoding=\"async\" class=\"alignnone size-medium wp-image-19339\" title=\"7 (1)\" src=\"http:\/\/www.eloriente.net\/home\/wp-content\/uploads\/2014\/01\/7-1-300x154.jpg\" alt=\"\" width=\"300\" height=\"154\" srcset=\"http:\/\/www.eloriente.net\/home\/wp-content\/uploads\/2014\/01\/7-1-300x154.jpg 300w, http:\/\/www.eloriente.net\/home\/wp-content\/uploads\/2014\/01\/7-1.jpg 1024w\" sizes=\"(max-width: 300px) 100vw, 300px\" \/><\/a><\/p>\n<p>Foto: UABJO<\/p>\n<p>&nbsp;<\/p>\n<p><strong>Entradas relacionadas:\u00a0<\/strong><\/p>\n<p><a title=\"Permalink to Nuevas disposiciones para el Servicio Social universitario\" href=\"http:\/\/www.eloriente.net\/home\/2014\/01\/06\/nuevas-disposiciones-para-el-servicio-social-en-la-uabjo\/\" rel=\"bookmark\">Nuevas disposiciones para el Servicio Social universitario<\/a><\/p>\n<p><a href=\"http:\/\/www.eloriente.net\/home\/2014\/01\/06\/nuevas-disposiciones-para-el-servicio-social-en-la-uabjo\/\" rel=\"bookmark\"><img decoding=\"async\" title=\"Nuevas disposiciones para el Servicio Social universitario\" src=\"http:\/\/www.eloriente.net\/home\/wp-content\/themes\/city-desk\/timthumb.php?src=http%3A%2F%2Fwww.eloriente.net%2Fhome%2Fwp-content%2Fuploads%2F2014%2F01%2F5.jpg&amp;q=90&amp;w=160&amp;h=106&amp;zc=1\" alt=\"Nuevas disposiciones para el Servicio Social universitario\" \/><\/a><\/p>\n<p>eloriente.net\/UABJO 6 de enero de 2014 La Direcci\u00f3n de Servicio Social de la Universidad Aut\u00f3noma \u201cBenito Ju\u00e1rez\u201d de Oaxaca (UABJO) trabaja por la comunidad universitaria para que tengan un abanico de opciones y presten servicio social dentro y fuera del estado en dependencias federales, estatales y municipales. El titular de dicha direcci\u00f3n, Emilio Osorio Cruz, [&#8230;]<\/p>\n<p>January 6, 2014<\/p>\n<div id=\"post-19209\">\n<p><a title=\"Permalink to Gobierno del Estado contin\u00faa socializaci\u00f3n del Archivo Hist\u00f3rico y Parque Las Canteras\" href=\"http:\/\/www.eloriente.net\/home\/2014\/01\/03\/gobierno-del-estado-continua-socializacion-del-archivo-historico-y-parque-las-canteras\/\" rel=\"bookmark\">Gobierno del Estado contin\u00faa socializaci\u00f3n del Archivo Hist\u00f3rico y Parque Las Canteras<\/a><\/p>\n<p><a href=\"http:\/\/www.eloriente.net\/home\/2014\/01\/03\/gobierno-del-estado-continua-socializacion-del-archivo-historico-y-parque-las-canteras\/\" rel=\"bookmark\"><img decoding=\"async\" title=\"Gobierno del Estado contin\u00faa socializaci\u00f3n del Archivo Hist\u00f3rico y Parque Las Canteras\" src=\"http:\/\/www.eloriente.net\/home\/wp-content\/themes\/city-desk\/timthumb.php?src=http%3A%2F%2Fwww.eloriente.net%2Fhome%2Fwp-content%2Fuploads%2F2014%2F01%2FSINFRA.jpg&amp;q=90&amp;w=160&amp;h=106&amp;zc=1\" alt=\"Gobierno del Estado contin\u00faa socializaci\u00f3n del Archivo Hist\u00f3rico y Parque Las Canteras\" \/><\/a><\/p>\n<p>eloriente.net\/SINFRA 3 de enero de 2014 Habitantes de las colonias de la zona oriente de la ciudad de Oaxaca y la agencia de Santa Mar\u00eda Ixcotel, del municipio de Santa Luc\u00eda del Camino, interesados en conocer los alcances del proyecto del Archivo Hist\u00f3rico y Parque Las Canteras, han sido atendidos oportunamente por la Secretar\u00eda de [&#8230;]<\/p>\n<p>January 3, 2014<\/p>\n<\/div>\n<div id=\"post-19159\">\n<p><a title=\"Permalink to Colecci\u00f3n \u201cLas quince letras\u201d busca generar inter\u00e9s de los j\u00f3venes en la literatura\" href=\"http:\/\/www.eloriente.net\/home\/2014\/01\/02\/coleccion-las-quince-letras-busca-generar-el-interes-de-los-jovenes-en-la-literatura\/\" rel=\"bookmark\">Colecci\u00f3n \u201cLas quince letras\u201d busca generar inter\u00e9s de los j\u00f3venes en la literatura<\/a><\/p>\n<p><a href=\"http:\/\/www.eloriente.net\/home\/2014\/01\/02\/coleccion-las-quince-letras-busca-generar-el-interes-de-los-jovenes-en-la-literatura\/\" rel=\"bookmark\"><img decoding=\"async\" title=\"Colecci\u00f3n \u201cLas quince letras\u201d busca generar inter\u00e9s de los j\u00f3venes en la literatura\" src=\"http:\/\/www.eloriente.net\/home\/wp-content\/themes\/city-desk\/timthumb.php?src=http%3A%2F%2Fwww.eloriente.net%2Fhome%2Fwp-content%2Fuploads%2F2014%2F01%2Fuabjo.jpg&amp;q=90&amp;w=160&amp;h=106&amp;zc=1\" alt=\"Colecci\u00f3n \u201cLas quince letras\u201d busca generar inter\u00e9s de los j\u00f3venes en la literatura\" \/><\/a><\/p>\n<p>eloriente.net\/UABJO 2 de enero de 2014 Con el objetivo de fomentar el inter\u00e9s por la lectura entre estudiantes de nivel medio superior, el Instituto de Investigaciones en Humanidades de la Universidad Aut\u00f3noma \u201cBenito Ju\u00e1rez\u201d de Oaxaca (IIHUABJO), present\u00f3 tres nuevos t\u00edtulos de la colecci\u00f3n \u201cLas quince letras\u201d, como cierre de la Segunda Jornada Acad\u00e9mica de [&#8230;]<\/p>\n<p>January 2, 2014<\/p>\n<\/div>\n\n\t\t\t  <div \n\t\t\t  \tclass = \"fb-comments\" \n\t\t\t  \tdata-href = \"http:\/\/www.eloriente.net\/home\/2014\/01\/08\/directora-de-la-escuela-de-economia-uabjo-rinde-su-segundo-informe\/\"\n\t\t\t  \tdata-numposts = \"10\"\n\t\t\t\tdata-colorscheme = \"dark\"\n\t\t\t\tdata-order-by = \"social\"\n\t\t\t\tdata-mobile=true>\n\t\t\t  <\/div>\n\t\t  <style>\n\t\t\t.fb_iframe_widget_fluid_desktop iframe {\n\t\t\t    width: 100% !important;\n\t\t\t}\n\t\t  <\/style>\n\t\t  ","protected":false},"excerpt":{"rendered":"<p>eloriente.net\/UABJO 8 de enero de 2014 La Directora de la Escuela de Econom\u00eda de la Universidad Aut\u00f3noma \u201cBenito Ju\u00e1rez\u201d de Oaxaca (UABJO), Aracely Escobar M\u00e9ndez, rindi\u00f3 su Segundo Informe de Actividades Acad\u00e9micas-Administrativas ante el Consejo T\u00e9cnico y comunidad de la Unidad Acad\u00e9mica, en cumplimiento a lo estipulado en la Ley Org\u00e1nica vigente. Se inform\u00f3 los [&hellip;]<\/p>\n","protected":false},"author":26,"featured_media":19339,"comment_status":"open","ping_status":"open","sticky":false,"template":"","format":"standard","meta":{"_jetpack_memberships_contains_paid_content":false,"footnotes":""},"categories":[18,32,10,23,84],"tags":[],"class_list":["post-19338","post","type-post","status-publish","format-standard","has-post-thumbnail","hentry","category-educacion-y-cultura","category-entradas","category-lo-mas-reciente","category-municipios","category-universidades"],"jetpack_featured_media_url":"http:\/\/www.eloriente.net\/home\/wp-content\/uploads\/2014\/01\/7-1.jpg","jetpack_sharing_enabled":true,"_links":{"self":[{"href":"http:\/\/www.eloriente.net\/home\/wp-json\/wp\/v2\/posts\/19338"}],"collection":[{"href":"http:\/\/www.eloriente.net\/home\/wp-json\/wp\/v2\/posts"}],"about":[{"href":"http:\/\/www.eloriente.net\/home\/wp-json\/wp\/v2\/types\/post"}],"author":[{"embeddable":true,"href":"http:\/\/www.eloriente.net\/home\/wp-json\/wp\/v2\/users\/26"}],"replies":[{"embeddable":true,"href":"http:\/\/www.eloriente.net\/home\/wp-json\/wp\/v2\/comments?post=19338"}],"version-history":[{"count":4,"href":"http:\/\/www.eloriente.net\/home\/wp-json\/wp\/v2\/posts\/19338\/revisions"}],"predecessor-version":[{"id":19343,"href":"http:\/\/www.eloriente.net\/home\/wp-json\/wp\/v2\/posts\/19338\/revisions\/19343"}],"wp:featuredmedia":[{"embeddable":true,"href":"http:\/\/www.eloriente.net\/home\/wp-json\/wp\/v2\/media\/19339"}],"wp:attachment":[{"href":"http:\/\/www.eloriente.net\/home\/wp-json\/wp\/v2\/media?parent=19338"}],"wp:term":[{"taxonomy":"category","embeddable":true,"href":"http:\/\/www.eloriente.net\/home\/wp-json\/wp\/v2\/categories?post=19338"},{"taxonomy":"post_tag","embeddable":true,"href":"http:\/\/www.eloriente.net\/home\/wp-json\/wp\/v2\/tags?post=19338"}],"curies":[{"name":"wp","href":"https:\/\/api.w.org\/{rel}","templated":true}]}}