{"id":19370,"date":"2014-01-09T15:10:11","date_gmt":"2014-01-09T21:10:11","guid":{"rendered":"http:\/\/www.eloriente.net\/home\/?p=19370"},"modified":"2014-01-09T15:13:56","modified_gmt":"2014-01-09T21:13:56","slug":"escucha-a-jaime-ruiz-angeles-morales-cecilia-hernandez-y-juan-villegas-en-todo-oaxaca-radio-7ene14","status":"publish","type":"post","link":"http:\/\/www.eloriente.net\/home\/2014\/01\/09\/escucha-a-jaime-ruiz-angeles-morales-cecilia-hernandez-y-juan-villegas-en-todo-oaxaca-radio-7ene14\/","title":{"rendered":"Escucha a Jaime Ruiz, \u00c1ngeles Morales, Cecilia Hern\u00e1ndez y Juan Villegas en Todo Oaxaca Radio 7\/Ene\/14"},"content":{"rendered":"<p>todooaxacaradio.com<\/p>\n<p>9 de enero de 2014<\/p>\n<p>Como cada martes, en punto de las 17:00 horas se transmiti\u00f3 el programa Todo Oaxaca Radio completamente en vivo desde la Ciudad de Oaxaca de Ju\u00e1rez, a trav\u00e9s de las frecuencias abiertas 570 AM y 94.9 FM, y para todo el mundo a trav\u00e9s de\u00a0<a href=\"http:\/\/www.todooaxacaradio.com\/\">www.todooaxacaradio.com<\/a>.<\/p>\n<p>El programa es conducido por Rub\u00e9n Vasconcelos Beltr\u00e1n, cronista de la Ciudad de Oaxaca, as\u00ed como Guadalupe Zarza Brise\u00f1o, reconocida empresaria y representante de la sociedad civil.<\/p>\n<p><strong>Nuestros temas e invitados del 7 de enero de 2014<\/strong><\/p>\n<p>En esta primera emisi\u00f3n de 2014, recibimos a diferentes personalidades para abordar temas sobre puntos espec\u00edficos que pueden ser considerados en la administraci\u00f3n p\u00fablica municipal y sobre proyectos de emprendedores sociales \u00bfquieres saber m\u00e1s? Escucha el programa dando click en el reproductor localizado al final de la redacci\u00f3n.<\/p>\n<p><strong>Minuto 1\u201921\u2019\u2019\u00a0<\/strong><\/p>\n<p>En el primer bloque del programa dimos la bienvenida al CP. Jaime Ram\u00f3n Ruiz Lur\u00eda, Sub Auditor de Planeaci\u00f3n y Normatividad T\u00e9cnica de la Auditor\u00eda Superior del Estado, quien en entrevista declar\u00f3 que un Plan de Desarrollo Municipal es una gu\u00eda de planeaci\u00f3n que deben establecer los nuevos gobiernos; es un instrumento metodol\u00f3gico-t\u00e9cnico en el que se establecen las bases de acuerdo a las necesidades de los habitantes de una determinada poblaci\u00f3n y a las propuestas de campa\u00f1a del dirigente, bajo un previo diagn\u00f3stico en la regi\u00f3n. Asimismo, declar\u00f3 que entre un 30 y 40% del total de municipios del Estado de Oaxaca est\u00e1n cumpliendo con esta normatividad legal.<\/p>\n<p><a href=\"http:\/\/www.todooaxacaradio.com\/wp-content\/uploads\/2014\/01\/Auditor.jpg\"><img loading=\"lazy\" decoding=\"async\" class=\"aligncenter size-medium wp-image-16285\" title=\"Auditor\" src=\"http:\/\/www.todooaxacaradio.com\/wp-content\/uploads\/2014\/01\/Auditor-300x205.jpg\" alt=\"\" width=\"300\" height=\"205\" \/><\/a><\/p>\n<p>&nbsp;<\/p>\n<p><strong>Minuto 17\u201928\u2019\u2019\u00a0<\/strong><\/p>\n<p>Posteriormente, recibimos a \u00c1ngeles Morales y Cecilia Hern\u00e1ndez, quienes dirigen la empresa Conceptos Marketing, para abordar sobre el tema de Imagen P\u00fablica, Marketing Pol\u00edtico y Comunicaci\u00f3n. \u00c1ngeles Morales afirm\u00f3 que imagen p\u00fablica es toda aquella percepci\u00f3n de un gobernante o figura p\u00fablica que se va generando en la ciudadan\u00eda. Por su parte, Cecilia Hern\u00e1ndez destac\u00f3 que un funcionario va creando su imagen p\u00fablica desde la campa\u00f1a pol\u00edtica y se refuerza con sus acciones durante su gesti\u00f3n. La imagen p\u00fablica puede ser medible a trav\u00e9s de estudios demosc\u00f3picos, que se apoyan de sondeos \u00a0o entrevistas a profundidad.<\/p>\n<p><a href=\"http:\/\/www.todooaxacaradio.com\/wp-content\/uploads\/2014\/01\/Chicas-marketing.jpg\"><img loading=\"lazy\" decoding=\"async\" class=\"aligncenter size-medium wp-image-16286\" title=\"Chicas-marketing\" src=\"http:\/\/www.todooaxacaradio.com\/wp-content\/uploads\/2014\/01\/Chicas-marketing-300x205.jpg\" alt=\"\" width=\"300\" height=\"205\" \/><\/a><\/p>\n<p>&nbsp;<\/p>\n<p><strong>Minuto 32\u201907\u2019\u2019\u00a0<\/strong><\/p>\n<p>Finalmente, charlamos con Juan Carlos Villegas Cuevas, estudiante de la licenciatura en Ciencias Sociales y Desarrollo Regional del Instituto de Investigaciones Sociol\u00f3gicas de la UABJO, quien en 2013 recibi\u00f3 el Premio Internacional Cambia tu Mundo por la implementaci\u00f3n de su proyecto \u00abUniversidad Emprendedores Sociales\u00bb, un sistema modular en el que los j\u00f3venes pueden aplicar sus conocimientos e impulsar la gesti\u00f3n de nuevos proyectos; \u00abUniversidad Emprendedores Sociales\u00bb\u00a0brinda capacitaci\u00f3n, seguimiento y evaluaci\u00f3n para generar modelos econ\u00f3micos rentables que apoyen al desarrollo de una comunidad.<\/p>\n<p><a href=\"http:\/\/www.eloriente.net\/home\/wp-content\/uploads\/2014\/01\/Juan-Carlos.jpg\"><img loading=\"lazy\" decoding=\"async\" class=\"alignnone size-medium wp-image-19371 aligncenter\" title=\"Juan-Carlos\" src=\"http:\/\/www.eloriente.net\/home\/wp-content\/uploads\/2014\/01\/Juan-Carlos-300x218.jpg\" alt=\"\" width=\"300\" height=\"218\" srcset=\"http:\/\/www.eloriente.net\/home\/wp-content\/uploads\/2014\/01\/Juan-Carlos-300x218.jpg 300w, http:\/\/www.eloriente.net\/home\/wp-content\/uploads\/2014\/01\/Juan-Carlos-1024x744.jpg 1024w\" sizes=\"(max-width: 300px) 100vw, 300px\" \/><\/a><\/p>\n<p>&nbsp;<\/p>\n<p>Disfruta el programa a continuaci\u00f3n:<\/p>\n<p><iframe loading=\"lazy\" src=\"http:\/\/www.ivoox.com\/player_ek_2698154_1.html\" frameborder=\"0\" scrolling=\"no\" width=\"238\" height=\"48\"><\/iframe><\/p>\n<p>&nbsp;<\/p>\n<p><strong>Entradas relacionadas:<\/strong><\/p>\n<p><a title=\"Permalink to Todo Oaxaca Radio 2013: Educaci\u00f3n\" href=\"http:\/\/www.eloriente.net\/home\/2014\/01\/02\/todo-oaxaca-radio-2013-educacion\/\" rel=\"bookmark\">Todo Oaxaca Radio 2013: Educaci\u00f3n<\/a><\/p>\n<p><a href=\"http:\/\/www.eloriente.net\/home\/2014\/01\/02\/todo-oaxaca-radio-2013-educacion\/\" rel=\"bookmark\"><img decoding=\"async\" title=\"Todo Oaxaca Radio 2013: Educaci\u00f3n\" src=\"http:\/\/www.eloriente.net\/home\/wp-content\/themes\/city-desk\/timthumb.php?src=http%3A%2F%2Fwww.eloriente.net%2Fhome%2Fwp-content%2Fuploads%2F2014%2F01%2FModesto-Seara-.jpg&amp;q=90&amp;w=160&amp;h=106&amp;zc=1\" alt=\"Todo Oaxaca Radio 2013: Educaci\u00f3n\" \/><\/a><\/p>\n<p>todooaxacaradio.com 27 de diciembre de 2013 Cada martes, en punto de las 17:00 horas se transmite el programa Todo Oaxaca Radio completamente en vivo desde la Ciudad de Oaxaca de Ju\u00e1rez, a trav\u00e9s de las frecuencias abiertas 570 AM y 94.9 FM, y para todo el mundo a trav\u00e9s de\u00a0www.todooaxacaradio.com. El programa es conducido por [&#8230;]<\/p>\n<p>January 2, 2014<\/p>\n<p><a title=\"Permalink to Todo Oaxaca Radio 2013: Cultura\" href=\"http:\/\/www.eloriente.net\/home\/2013\/12\/26\/todo-oaxaca-radio-2013-cultura\/\" rel=\"bookmark\">Todo Oaxaca Radio 2013: Cultura<\/a><\/p>\n<p><a href=\"http:\/\/www.eloriente.net\/home\/2013\/12\/26\/todo-oaxaca-radio-2013-cultura\/\" rel=\"bookmark\"><img decoding=\"async\" title=\"Todo Oaxaca Radio 2013: Cultura\" src=\"http:\/\/www.eloriente.net\/home\/wp-content\/themes\/city-desk\/timthumb.php?src=http%3A%2F%2Fwww.eloriente.net%2Fhome%2Fwp-content%2Fuploads%2F2013%2F12%2FConductores.jpg&amp;q=90&amp;w=160&amp;h=106&amp;zc=1\" alt=\"Todo Oaxaca Radio 2013: Cultura\" \/><\/a><\/p>\n<p>todooaxacaradio.com 26 de diciembre de 2013 Cada martes, en punto de las 17:00 horas se transmite el programa Todo Oaxaca Radio completamente en vivo desde la Ciudad de Oaxaca de Ju\u00e1rez, a trav\u00e9s de las frecuencias abiertas 570 AM y 94.9 FM, y para todo el mundo a trav\u00e9s de\u00a0www.todooaxacaradio.com. El programa es conducido por [&#8230;]<\/p>\n<p>December 26, 2013<\/p>\n<p><a title=\"Permalink to Escucha a los ni\u00f1os Emily, Alejandra y Javier; Ana Luz Ramos y Emilio Cordero en Todo Oaxaca Radio 17\/Dic\/13\" href=\"http:\/\/www.eloriente.net\/home\/2013\/12\/19\/escucha-a-los-ninos-emily-alejandra-y-javier-ana-luz-ramos-y-emilio-cordero-en-todo-oaxaca-radio-17dic13\/\" rel=\"bookmark\">Escucha a los ni\u00f1os Emily, Alejandra y Javier; Ana Luz Ramos y Emilio Cordero en Todo Oaxaca Radio 17\/Dic\/13<\/a><\/p>\n<p><a href=\"http:\/\/www.eloriente.net\/home\/2013\/12\/19\/escucha-a-los-ninos-emily-alejandra-y-javier-ana-luz-ramos-y-emilio-cordero-en-todo-oaxaca-radio-17dic13\/\" rel=\"bookmark\"><img decoding=\"async\" title=\"Escucha a los ni\u00f1os Emily, Alejandra y Javier; Ana Luz Ramos y Emilio Cordero en Todo Oaxaca Radio 17\/Dic\/13\" src=\"http:\/\/www.eloriente.net\/home\/wp-content\/themes\/city-desk\/timthumb.php?src=http%3A%2F%2Fwww.eloriente.net%2Fhome%2Fwp-content%2Fuploads%2F2013%2F12%2FNi%C3%B1os.jpg&amp;q=90&amp;w=160&amp;h=106&amp;zc=1\" alt=\"Escucha a los ni\u00f1os Emily, Alejandra y Javier; Ana Luz Ramos y Emilio Cordero en Todo Oaxaca Radio 17\/Dic\/13\" \/><\/a><\/p>\n<p>todooaxacaradio.com 19 de diciembre de 2013 Como cada martes, en punto de las 17:00 horas se transmiti\u00f3 el programa Todo Oaxaca Radio completamente en vivo desde la Ciudad de Oaxaca de Ju\u00e1rez, a trav\u00e9s de las frecuencias abiertas 570 AM y 94.9 FM, y para todo el mundo a trav\u00e9s de\u00a0www.todooaxacaradio.com. El programa es conducido [&#8230;]<\/p>\n<p>December 19, 2013<\/p>\n\n\t\t\t  <div \n\t\t\t  \tclass = \"fb-comments\" \n\t\t\t  \tdata-href = \"http:\/\/www.eloriente.net\/home\/2014\/01\/09\/escucha-a-jaime-ruiz-angeles-morales-cecilia-hernandez-y-juan-villegas-en-todo-oaxaca-radio-7ene14\/\"\n\t\t\t  \tdata-numposts = \"10\"\n\t\t\t\tdata-colorscheme = \"dark\"\n\t\t\t\tdata-order-by = \"social\"\n\t\t\t\tdata-mobile=true>\n\t\t\t  <\/div>\n\t\t  <style>\n\t\t\t.fb_iframe_widget_fluid_desktop iframe {\n\t\t\t    width: 100% !important;\n\t\t\t}\n\t\t  <\/style>\n\t\t  ","protected":false},"excerpt":{"rendered":"<p>todooaxacaradio.com 9 de enero de 2014 Como cada martes, en punto de las 17:00 horas se transmiti\u00f3 el programa Todo Oaxaca Radio completamente en vivo desde la Ciudad de Oaxaca de Ju\u00e1rez, a trav\u00e9s de las frecuencias abiertas 570 AM y 94.9 FM, y para todo el mundo a trav\u00e9s de\u00a0www.todooaxacaradio.com. El programa es conducido [&hellip;]<\/p>\n","protected":false},"author":26,"featured_media":19371,"comment_status":"open","ping_status":"open","sticky":false,"template":"","format":"standard","meta":{"_jetpack_memberships_contains_paid_content":false,"footnotes":""},"categories":[32,12],"tags":[],"class_list":["post-19370","post","type-post","status-publish","format-standard","has-post-thumbnail","hentry","category-entradas","category-todo-oaxaca-radio"],"jetpack_featured_media_url":"http:\/\/www.eloriente.net\/home\/wp-content\/uploads\/2014\/01\/Juan-Carlos.jpg","jetpack_sharing_enabled":true,"_links":{"self":[{"href":"http:\/\/www.eloriente.net\/home\/wp-json\/wp\/v2\/posts\/19370"}],"collection":[{"href":"http:\/\/www.eloriente.net\/home\/wp-json\/wp\/v2\/posts"}],"about":[{"href":"http:\/\/www.eloriente.net\/home\/wp-json\/wp\/v2\/types\/post"}],"author":[{"embeddable":true,"href":"http:\/\/www.eloriente.net\/home\/wp-json\/wp\/v2\/users\/26"}],"replies":[{"embeddable":true,"href":"http:\/\/www.eloriente.net\/home\/wp-json\/wp\/v2\/comments?post=19370"}],"version-history":[{"count":3,"href":"http:\/\/www.eloriente.net\/home\/wp-json\/wp\/v2\/posts\/19370\/revisions"}],"predecessor-version":[{"id":19375,"href":"http:\/\/www.eloriente.net\/home\/wp-json\/wp\/v2\/posts\/19370\/revisions\/19375"}],"wp:featuredmedia":[{"embeddable":true,"href":"http:\/\/www.eloriente.net\/home\/wp-json\/wp\/v2\/media\/19371"}],"wp:attachment":[{"href":"http:\/\/www.eloriente.net\/home\/wp-json\/wp\/v2\/media?parent=19370"}],"wp:term":[{"taxonomy":"category","embeddable":true,"href":"http:\/\/www.eloriente.net\/home\/wp-json\/wp\/v2\/categories?post=19370"},{"taxonomy":"post_tag","embeddable":true,"href":"http:\/\/www.eloriente.net\/home\/wp-json\/wp\/v2\/tags?post=19370"}],"curies":[{"name":"wp","href":"https:\/\/api.w.org\/{rel}","templated":true}]}}