{"id":19384,"date":"2014-01-09T17:43:35","date_gmt":"2014-01-09T23:43:35","guid":{"rendered":"http:\/\/www.eloriente.net\/home\/?p=19384"},"modified":"2014-01-09T17:58:27","modified_gmt":"2014-01-09T23:58:27","slug":"imparte-juzgado-para-adolescentes-platica-preventiva-a-estudiantes-de-secundaria","status":"publish","type":"post","link":"http:\/\/www.eloriente.net\/home\/2014\/01\/09\/imparte-juzgado-para-adolescentes-platica-preventiva-a-estudiantes-de-secundaria\/","title":{"rendered":"Imparte Juzgado para Adolescentes pl\u00e1tica preventiva a estudiantes"},"content":{"rendered":"<p>eloriente.net\/<a href=\"http:\/\/www.tribunaloax.gob.mx\" target=\"_blank\">TSJ<\/a><\/p>\n<p>9 de enero de 2014<\/p>\n<p><strong>Como parte una jornada informativa promovida por el titular del Poder Judicial, magistrado Alfredo Rodrigo Lagunas Rivera, se realiz\u00f3 una charla en la EST n\u00famero 106 de San Mart\u00edn Mexicapan.<\/strong><\/p>\n<p>Con la finalidad de promover una cultura educativa de prevenci\u00f3n del delito entre la juventud y orientarlos sobre las consecuencias de involucrarse en hechos delictuosos, la juez coordinadora del Juzgado Especializado para Adolescentes del Poder Judicial del Estado, Irina Cabrera Gir\u00f3n, imparti\u00f3 una pl\u00e1tica a las y los alumnos de la Escuela Secundaria T\u00e9cnica N\u00famero 106, ubicada en la agencia de San Mart\u00edn Mexicapan.<\/p>\n<p>Lo anterior, como parte una jornada informativa que continuar\u00e1 en fecha pr\u00f3xima en otros planteles educativos, impulsada por el magistrado presidente Alfredo Rodrigo Lagunas Rivera en el inter\u00e9s de crear conciencia en este sector de la poblaci\u00f3n sobre los riesgos y problemas que pueden tener al momento de realizar acciones fuera de la ley.<\/p>\n<p>Ante un sal\u00f3n repleto de estudiantes, acompa\u00f1ados del director de la instituci\u00f3n, Isidro Ramiro Hurtado Ram\u00edrez y \u00a0profesores de la misma, la Juez se\u00f1al\u00f3 que las caracter\u00edsticas de un adolescente como son los cambios que presentan en aspectos sociales, sexuales, en el actuar y pensar as\u00ed como la falta de atenci\u00f3n en el hogar, los hace vulnerables de involucrarse en conducta antisociales.<\/p>\n<p>Indic\u00f3 que a diferencia del sistema que se aplica en los adultos, existen\u00a0 procedimientos jur\u00eddicos para llevar a cabo un juicio a un menor de edad, a trav\u00e9s de un sistema de justicia especializado en el que se respetan los derechos humanos y se brindan mecanismos alternativos como la conciliaci\u00f3n entre las partes involucradas.<\/p>\n<p>La juez Cabrera Gir\u00f3n apunt\u00f3 que a partir de la edad que ostente el inculpado, el delito en que incurre y sus antecedentes, son sujetos de tratamiento en libertad o se les aplica una medida de internamiento; de tal manera que los adolescentes de entre 12\u00a0 y menos de 14 a\u00f1os, no pueden ser privados de su libertad.<\/p>\n<p>En contraste, a los j\u00f3venes de 14 y menos de 16 a\u00f1os, s\u00ed se les aplica la sanci\u00f3n privativa de la libertad y pueden alcanzar una pena m\u00e1xima de seis a\u00f1os, mientras que los efectos penales en personas de 16 a 18 a\u00f1os, adem\u00e1s de la p\u00e9rdida de su libertad, son sentencias hasta por 12 a\u00f1os.<\/p>\n<p>Respecto a los juicios de adolescentes, la juez Cabrera Gir\u00f3n mencion\u00f3 que as\u00ed como \u00a0hay jueces especializados; tambi\u00e9n se cuenta con fiscales, polic\u00edas y defensores profesionalizados en el tema, lo que garantiza la protecci\u00f3n a este sector de la poblaci\u00f3n y el cumplimiento a lo establecido en tratados internacionales.<\/p>\n<p>Adem\u00e1s de la pl\u00e1tica, los alumnos y alumnas de la Escuela Secundaria T\u00e9cnica n\u00famero 106 participaron en un simulacro de una audiencia de un caso de un adolescente.<\/p>\n<p>En su oportunidad, el director de la escuela extern\u00f3 su benepl\u00e1cito y agradecimiento por considerar a la Escuela Secundaria T\u00e9cnica a su cargo en esta serie de pl\u00e1ticas. Asimismo, exhort\u00f3 a los padres de familia con hijos adolescentes, a tener mayor comunicaci\u00f3n con ellos y prevenir situaciones adversas que se puedan involucrar y lleguen a repercutir en su edad adulta.<\/p>\n<p>&nbsp;<\/p>\n<p><a href=\"http:\/\/www.eloriente.net\/home\/wp-content\/uploads\/2014\/01\/TSJ1.jpg\"><img loading=\"lazy\" decoding=\"async\" class=\"alignnone size-medium wp-image-19385\" src=\"http:\/\/www.eloriente.net\/home\/wp-content\/uploads\/2014\/01\/TSJ1-300x165.jpg\" alt=\"\" width=\"300\" height=\"165\" srcset=\"http:\/\/www.eloriente.net\/home\/wp-content\/uploads\/2014\/01\/TSJ1-300x165.jpg 300w, http:\/\/www.eloriente.net\/home\/wp-content\/uploads\/2014\/01\/TSJ1-1024x564.jpg 1024w, http:\/\/www.eloriente.net\/home\/wp-content\/uploads\/2014\/01\/TSJ1.jpg 1363w\" sizes=\"(max-width: 300px) 100vw, 300px\" \/><\/a><\/p>\n<p>Foto: TSJ<\/p>\n<p>&nbsp;<\/p>\n<p><strong>Entradas relacionadas:<\/strong><\/p>\n<p><a title=\"Permalink to Justicia Alternativa dirime conflictos sin llegar a juicio\" href=\"http:\/\/www.eloriente.net\/home\/2014\/01\/06\/justicia-alternativa-dirime-conflictos-sin-llegar-a-juicio\/\" rel=\"bookmark\">Justicia Alternativa dirime conflictos sin llegar a juicio<\/a><\/p>\n<p><a href=\"http:\/\/www.eloriente.net\/home\/2014\/01\/06\/justicia-alternativa-dirime-conflictos-sin-llegar-a-juicio\/\" rel=\"bookmark\"><img decoding=\"async\" src=\"http:\/\/www.eloriente.net\/home\/wp-content\/themes\/city-desk\/timthumb.php?src=http%3A%2F%2Fwww.eloriente.net%2Fhome%2Fwp-content%2Fuploads%2F2014%2F01%2FTSJ.jpg&amp;q=90&amp;w=160&amp;h=106&amp;zc=1\" alt=\"Justicia Alternativa dirime conflictos sin llegar a juicio\" \/><\/a><\/p>\n<p>eloriente.net\/TSJ 6 de enero de 2014 Instalan m\u00f3dulo de informaci\u00f3n para orientar a la sociedad sobre los beneficios de la mediaci\u00f3n.\u00a0 Resultado de la labor del m\u00f3dulo de informaci\u00f3n del Centro de Justicia Alternativa del Poder Judicial del Estado, donde se orienta a la poblaci\u00f3n sobre la oportunidad de resolver conflictos de \u00edndole familiar, penal, [&#8230;]<\/p>\n<p>January 6, 2014<\/p>\n<div>\n<p><a title=\"Permalink to Inaugura el Poder Judicial primer periodo ordinario de sesiones 2014\" href=\"http:\/\/www.eloriente.net\/home\/2014\/01\/02\/inaugura-el-poder-judicial-primer-periodo-ordinario-de-sesiones-2014\/\" rel=\"bookmark\">Inaugura el Poder Judicial primer periodo ordinario de sesiones 2014<\/a><\/p>\n<p><a href=\"http:\/\/www.eloriente.net\/home\/2014\/01\/02\/inaugura-el-poder-judicial-primer-periodo-ordinario-de-sesiones-2014\/\" rel=\"bookmark\"><img decoding=\"async\" src=\"http:\/\/www.eloriente.net\/home\/wp-content\/themes\/city-desk\/timthumb.php?src=http%3A%2F%2Fwww.eloriente.net%2Fhome%2Fwp-content%2Fuploads%2F2014%2F01%2Ftribunal.jpg&amp;q=90&amp;w=160&amp;h=106&amp;zc=1\" alt=\"Inaugura el Poder Judicial primer periodo ordinario de sesiones 2014\" \/><\/a><\/p>\n<p>eloriente.net\/TSJ 2 de enero de 2014 En sesiones de Pleno presididas por el magistrado presidente Alfredo Lagunas Rivera, el Honorable Tribunal Superior de Justicia y el Consejo de la Judicatura iniciaron labores. En cumplimiento a lo establecido en la Ley Org\u00e1nica del Poder Judicial, este jueves 2 de enero el Honorable Tribunal Superior de Justicia [&#8230;]<\/p>\n<p>January 2, 2014<\/p>\n<\/div>\n<div>\n<p><a title=\"Permalink to Imputados podr\u00edan seguir proceso penal en libertad\" href=\"http:\/\/www.eloriente.net\/home\/2013\/12\/30\/otorga-nsjp-a-imputados-posibilidad-de-seguir-proceso-penal-en-libertad\/\" rel=\"bookmark\">Imputados podr\u00edan seguir proceso penal en libertad<\/a><\/p>\n<p><a href=\"http:\/\/www.eloriente.net\/home\/2013\/12\/30\/otorga-nsjp-a-imputados-posibilidad-de-seguir-proceso-penal-en-libertad\/\" rel=\"bookmark\"><img decoding=\"async\" src=\"http:\/\/www.eloriente.net\/home\/wp-content\/themes\/city-desk\/timthumb.php?src=http%3A%2F%2Fwww.eloriente.net%2Fhome%2Fwp-content%2Fuploads%2F2013%2F12%2FNSJP.jpg&amp;q=90&amp;w=160&amp;h=106&amp;zc=1\" alt=\"Imputados podr\u00edan seguir proceso penal en libertad\" \/><\/a><\/p>\n<p>eloriente.net\/NSJP 30 de diciembre de 2013 El magistrado Alfredo Lagunas indic\u00f3 que el Sistema Acusatorio Adversarial inhibe la impunidad. El titular del Poder Judicial del Estado, magistrado Alfredo Lagunas Rivera, afirm\u00f3 que a seis a\u00f1os de la implementaci\u00f3n del Sistema Acusatorio Adversarial en Oaxaca, a\u00fan se percibe resistencia por parte de abogados litigantes y de [&#8230;]<\/p>\n<p>December 30, 2013<\/p>\n<\/div>\n\n\t\t\t  <div \n\t\t\t  \tclass = \"fb-comments\" \n\t\t\t  \tdata-href = \"http:\/\/www.eloriente.net\/home\/2014\/01\/09\/imparte-juzgado-para-adolescentes-platica-preventiva-a-estudiantes-de-secundaria\/\"\n\t\t\t  \tdata-numposts = \"10\"\n\t\t\t\tdata-colorscheme = \"dark\"\n\t\t\t\tdata-order-by = \"social\"\n\t\t\t\tdata-mobile=true>\n\t\t\t  <\/div>\n\t\t  <style>\n\t\t\t.fb_iframe_widget_fluid_desktop iframe {\n\t\t\t    width: 100% !important;\n\t\t\t}\n\t\t  <\/style>\n\t\t  ","protected":false},"excerpt":{"rendered":"<p>eloriente.net\/TSJ 9 de enero de 2014 Como parte una jornada informativa promovida por el titular del Poder Judicial, magistrado Alfredo Rodrigo Lagunas Rivera, se realiz\u00f3 una charla en la EST n\u00famero 106 de San Mart\u00edn Mexicapan. Con la finalidad de promover una cultura educativa de prevenci\u00f3n del delito entre la juventud y orientarlos sobre las [&hellip;]<\/p>\n","protected":false},"author":20,"featured_media":19385,"comment_status":"open","ping_status":"open","sticky":false,"template":"","format":"standard","meta":{"_jetpack_memberships_contains_paid_content":false,"footnotes":""},"categories":[32,10,23,21],"tags":[],"class_list":["post-19384","post","type-post","status-publish","format-standard","has-post-thumbnail","hentry","category-entradas","category-lo-mas-reciente","category-municipios","category-politica-y-gobierno"],"jetpack_featured_media_url":"http:\/\/www.eloriente.net\/home\/wp-content\/uploads\/2014\/01\/TSJ1.jpg","jetpack_sharing_enabled":true,"_links":{"self":[{"href":"http:\/\/www.eloriente.net\/home\/wp-json\/wp\/v2\/posts\/19384"}],"collection":[{"href":"http:\/\/www.eloriente.net\/home\/wp-json\/wp\/v2\/posts"}],"about":[{"href":"http:\/\/www.eloriente.net\/home\/wp-json\/wp\/v2\/types\/post"}],"author":[{"embeddable":true,"href":"http:\/\/www.eloriente.net\/home\/wp-json\/wp\/v2\/users\/20"}],"replies":[{"embeddable":true,"href":"http:\/\/www.eloriente.net\/home\/wp-json\/wp\/v2\/comments?post=19384"}],"version-history":[{"count":4,"href":"http:\/\/www.eloriente.net\/home\/wp-json\/wp\/v2\/posts\/19384\/revisions"}],"predecessor-version":[{"id":19387,"href":"http:\/\/www.eloriente.net\/home\/wp-json\/wp\/v2\/posts\/19384\/revisions\/19387"}],"wp:featuredmedia":[{"embeddable":true,"href":"http:\/\/www.eloriente.net\/home\/wp-json\/wp\/v2\/media\/19385"}],"wp:attachment":[{"href":"http:\/\/www.eloriente.net\/home\/wp-json\/wp\/v2\/media?parent=19384"}],"wp:term":[{"taxonomy":"category","embeddable":true,"href":"http:\/\/www.eloriente.net\/home\/wp-json\/wp\/v2\/categories?post=19384"},{"taxonomy":"post_tag","embeddable":true,"href":"http:\/\/www.eloriente.net\/home\/wp-json\/wp\/v2\/tags?post=19384"}],"curies":[{"name":"wp","href":"https:\/\/api.w.org\/{rel}","templated":true}]}}