{"id":19389,"date":"2014-01-09T17:53:43","date_gmt":"2014-01-09T23:53:43","guid":{"rendered":"http:\/\/www.eloriente.net\/home\/?p=19389"},"modified":"2014-01-09T18:10:48","modified_gmt":"2014-01-10T00:10:48","slug":"uabjo-obtiene-presea-al-servicio-social-universitario-irene-robledo-2013","status":"publish","type":"post","link":"http:\/\/www.eloriente.net\/home\/2014\/01\/09\/uabjo-obtiene-presea-al-servicio-social-universitario-irene-robledo-2013\/","title":{"rendered":"UABJO obtiene presea \u201cIrene Robledo 2013\u201d"},"content":{"rendered":"<p>eloriente.net\/<a href=\"http:\/\/www.uabjo.mx\" target=\"_blank\">UABJO<\/a><\/p>\n<p>9 de enero de 2014<\/p>\n<p>La Universidad Aut\u00f3noma \u201cBenito Ju\u00e1rez de Oaxaca\u201d (UABJO) a trav\u00e9s del proyecto \u201cGuelaguetza de acervo bibliogr\u00e1fico\u201d coordinado por la doctora Ana Luz Ramos Soto, catedr\u00e1tica de la Facultad de Contadur\u00eda y Administraci\u00f3n (FCA) \u00a0obtuvo la Presea al Servicio Social \u201cIrene Robledo 2013\u201d, misma que se entreg\u00f3 en la Universidad de Guadalajara en los primeros d\u00edas de diciembre.<\/p>\n<p>Dicho premio es nacional y es brindado por la Universidad de Guadalajara\u00a0 con el prop\u00f3sito de reconocer a integrantes de la sociedad mexicana e instituciones, investigadores, estudiantes y acad\u00e9micos que se hayan destacado por participaci\u00f3n en proyectos sociales.<\/p>\n<p>En este sentido, la doctora coment\u00f3 que es un reconocimiento importante para la comunidad universitaria con el \u00e1nimo de continuar impulsando la labor investigativa y el servicio social en favor de los que menos oportunidades tienen y as\u00ed coadyuvar a construir una sociedad m\u00e1s justa, humana y equitativa.<\/p>\n<p>El proyecto participante de la UABJO \u201cGuelaguetza de acervo bibliogr\u00e1fico\u201d gan\u00f3 en el \u00e1rea de aportaciones acad\u00e9micas colectivas y adem\u00e1s de la presea, se obtuvo un reconocimiento y un ping de chapa de oro para cada integrante.<\/p>\n<p>La participaci\u00f3n se logra a partir de la integraci\u00f3n de los requisitos solicitados: portafolio de evidencias del cumplimiento del objetivo, graficas de poblaci\u00f3n beneficiada, as\u00ed como la constancia de integraci\u00f3n de estudiantes y sociedad en general para la ejecuci\u00f3n del trabajo.<\/p>\n<p>En sentido, cabe mencionar que la poblaci\u00f3n beneficiada por el proyecto corresponde a 35 mil habitantes de los municipios de Yogana, San Pedro y San Pablo Ayutla, San Miguel Mixtepec, El ciruelo en Pinotepa Nacional y San Miguel Peras, por mencionar algunos.<\/p>\n<p>Lo anterior ha permitido la creaci\u00f3n de bibliotecas, as\u00ed como el incremento de acervo bibliogr\u00e1fico, cuestiones que han reincidido notablemente en los programas educativos como: \u201ctermina tu primaria y secundaria\u201d, \u201cla mujer digna sabe leer y escribir\u201d entre otros que se encuentran inmersos en los planes de desarrollo de las comunidades beneficiadas.<\/p>\n<p>Con todo esto, es digno informar que este proyecto ha sido Beneficiado por el Programa de Financiamiento UABJO, con el nombre de \u201cresponsabilidad social, revaloremos la UABJO\u201d,\u00a0 a trav\u00e9s del cual se otorga un recurso para dar continuidad al proyecto, de tal modo que el 6 de enero ser\u00e1 presentado en Hawaii en el Congreso Internacional de Negocios y Finanzas.<\/p>\n<p>Es un orgullo decir que la continuidad del proyecto permiti\u00f3 que este 12 de octubre se hiciera una colecta donde se obtuvieron 900 libros, los cuales ser\u00e1n donados a otro municipio.<\/p>\n<p>De tal modo que se continuar\u00e1 con el programa, a trav\u00e9s del centro de acopio de libros ubicado en la Coordinaci\u00f3n de Investigaci\u00f3n de la Facultad de Contadur\u00eda y Administraci\u00f3n, donde cualquiera puede acercarse y llevar su acervo, desde nivel preescolar hasta licenciatura.<\/p>\n<p>\u201cTodos los libros son \u00fatiles en las manos de un oaxaque\u00f1o, invito a donar, si somos tres millones de oaxaque\u00f1os y donamos un libro, cuantas bibliotecas formar\u00edamos\u201d, esas fueron las emotivas palabras de la coordinadora del proyecto.<\/p>\n<p>&nbsp;<\/p>\n<p><img loading=\"lazy\" decoding=\"async\" src=\"http:\/\/vozdelsur.com.mx\/images\/stories\/innonela.jpg\" alt=\"\" width=\"240\" height=\"304\" \/><\/p>\n<p>Foto: UABJO<\/p>\n<p>&nbsp;<\/p>\n<p><strong>Entradas relacionadas:\u00a0<\/strong><\/p>\n<p><a title=\"Permalink to Identidades culturales y \u00e9tnicas: reflexiones de inicio de a\u00f1o. Un ensayo de Olga Montes\" href=\"http:\/\/www.eloriente.net\/home\/2014\/01\/08\/identidades-culturales-y-etnicas-reflexiones-de-inicio-de-ano-un-ensayo-de-olga-montes\/\" rel=\"bookmark\">Identidades culturales y \u00e9tnicas: reflexiones de inicio de a\u00f1o. Un ensayo de Olga Montes<\/a><\/p>\n<p><a href=\"http:\/\/www.eloriente.net\/home\/2014\/01\/08\/identidades-culturales-y-etnicas-reflexiones-de-inicio-de-ano-un-ensayo-de-olga-montes\/\" rel=\"bookmark\"><img decoding=\"async\" src=\"http:\/\/www.eloriente.net\/home\/wp-content\/themes\/city-desk\/timthumb.php?src=http%3A%2F%2Fwww.eloriente.net%2Fhome%2Fwp-content%2Fuploads%2F2014%2F01%2FSubmarino-primera-guerra-Atribuci%C3%B3nCompartir-bajo-la-misma-licencia-Algunos-derechos-reservados-por-Recuerdos-de-Pandora.jpg&amp;q=90&amp;w=160&amp;h=106&amp;zc=1\" alt=\"Identidades culturales y \u00e9tnicas: reflexiones de inicio de a\u00f1o. Un ensayo de Olga Montes\" \/><\/a><\/p>\n<p>eloriente.net 8 de enero de 2014 Por: Dra.Olga Montes Garc\u00eda (IISUABJO) para ELORIENTE.NET El inicio de a\u00f1o me ha llevado a reflexionar sobre un tema muy importante para M\u00e9xico y para el mundo en general. La identidades. Para unos constituyen la fortaleza de un pueblo, de una regi\u00f3n, de un pa\u00eds. Para otros, los menos, [&#8230;]<\/p>\n<p>January 8, 2014<\/p>\n<div>\n<p><a title=\"Permalink to Directora de la Escuela de Econom\u00eda-UABJO rinde su segundo informe\" href=\"http:\/\/www.eloriente.net\/home\/2014\/01\/08\/directora-de-la-escuela-de-economia-uabjo-rinde-su-segundo-informe\/\" rel=\"bookmark\">Directora de la Escuela de Econom\u00eda-UABJO rinde su segundo informe<\/a><\/p>\n<p><a href=\"http:\/\/www.eloriente.net\/home\/2014\/01\/08\/directora-de-la-escuela-de-economia-uabjo-rinde-su-segundo-informe\/\" rel=\"bookmark\"><img decoding=\"async\" src=\"http:\/\/www.eloriente.net\/home\/wp-content\/themes\/city-desk\/timthumb.php?src=http%3A%2F%2Fwww.eloriente.net%2Fhome%2Fwp-content%2Fuploads%2F2014%2F01%2F7-1.jpg&amp;q=90&amp;w=160&amp;h=106&amp;zc=1\" alt=\"Directora de la Escuela de Econom\u00eda-UABJO rinde su segundo informe\" \/><\/a><\/p>\n<p>eloriente.net\/UABJO 8 de enero de 2014 La Directora de la Escuela de Econom\u00eda de la Universidad Aut\u00f3noma \u201cBenito Ju\u00e1rez\u201d de Oaxaca (UABJO), Aracely Escobar M\u00e9ndez, rindi\u00f3 su Segundo Informe de Actividades Acad\u00e9micas-Administrativas ante el Consejo T\u00e9cnico y comunidad de la Unidad Acad\u00e9mica, en cumplimiento a lo estipulado en la Ley Org\u00e1nica vigente. Se inform\u00f3 los [&#8230;]<\/p>\n<p>January 8, 2014<\/p>\n<\/div>\n<div>\n<p><a title=\"Permalink to Nuevas disposiciones para el Servicio Social universitario\" href=\"http:\/\/www.eloriente.net\/home\/2014\/01\/06\/nuevas-disposiciones-para-el-servicio-social-en-la-uabjo\/\" rel=\"bookmark\">Nuevas disposiciones para el Servicio Social universitario<\/a><\/p>\n<p><a href=\"http:\/\/www.eloriente.net\/home\/2014\/01\/06\/nuevas-disposiciones-para-el-servicio-social-en-la-uabjo\/\" rel=\"bookmark\"><img decoding=\"async\" src=\"http:\/\/www.eloriente.net\/home\/wp-content\/themes\/city-desk\/timthumb.php?src=http%3A%2F%2Fwww.eloriente.net%2Fhome%2Fwp-content%2Fuploads%2F2014%2F01%2F5.jpg&amp;q=90&amp;w=160&amp;h=106&amp;zc=1\" alt=\"Nuevas disposiciones para el Servicio Social universitario\" \/><\/a><\/p>\n<p>eloriente.net\/UABJO 6 de enero de 2014 La Direcci\u00f3n de Servicio Social de la Universidad Aut\u00f3noma \u201cBenito Ju\u00e1rez\u201d de Oaxaca (UABJO) trabaja por la comunidad universitaria para que tengan un abanico de opciones y presten servicio social dentro y fuera del estado en dependencias federales, estatales y municipales. El titular de dicha direcci\u00f3n, Emilio Osorio Cruz, [&#8230;]<\/p>\n<p>January 6, 2014<\/p>\n<\/div>\n\n\t\t\t  <div \n\t\t\t  \tclass = \"fb-comments\" \n\t\t\t  \tdata-href = \"http:\/\/www.eloriente.net\/home\/2014\/01\/09\/uabjo-obtiene-presea-al-servicio-social-universitario-irene-robledo-2013\/\"\n\t\t\t  \tdata-numposts = \"10\"\n\t\t\t\tdata-colorscheme = \"dark\"\n\t\t\t\tdata-order-by = \"social\"\n\t\t\t\tdata-mobile=true>\n\t\t\t  <\/div>\n\t\t  <style>\n\t\t\t.fb_iframe_widget_fluid_desktop iframe {\n\t\t\t    width: 100% !important;\n\t\t\t}\n\t\t  <\/style>\n\t\t  ","protected":false},"excerpt":{"rendered":"<p>eloriente.net\/UABJO 9 de enero de 2014 La Universidad Aut\u00f3noma \u201cBenito Ju\u00e1rez de Oaxaca\u201d (UABJO) a trav\u00e9s del proyecto \u201cGuelaguetza de acervo bibliogr\u00e1fico\u201d coordinado por la doctora Ana Luz Ramos Soto, catedr\u00e1tica de la Facultad de Contadur\u00eda y Administraci\u00f3n (FCA) \u00a0obtuvo la Presea al Servicio Social \u201cIrene Robledo 2013\u201d, misma que se entreg\u00f3 en la Universidad [&hellip;]<\/p>\n","protected":false},"author":20,"featured_media":19399,"comment_status":"open","ping_status":"open","sticky":false,"template":"","format":"standard","meta":{"_jetpack_memberships_contains_paid_content":false,"footnotes":""},"categories":[18,32,10,84],"tags":[],"class_list":["post-19389","post","type-post","status-publish","format-standard","has-post-thumbnail","hentry","category-educacion-y-cultura","category-entradas","category-lo-mas-reciente","category-universidades"],"jetpack_featured_media_url":"http:\/\/www.eloriente.net\/home\/wp-content\/uploads\/2014\/01\/Ana-Luz-Soto.jpg","jetpack_sharing_enabled":true,"_links":{"self":[{"href":"http:\/\/www.eloriente.net\/home\/wp-json\/wp\/v2\/posts\/19389"}],"collection":[{"href":"http:\/\/www.eloriente.net\/home\/wp-json\/wp\/v2\/posts"}],"about":[{"href":"http:\/\/www.eloriente.net\/home\/wp-json\/wp\/v2\/types\/post"}],"author":[{"embeddable":true,"href":"http:\/\/www.eloriente.net\/home\/wp-json\/wp\/v2\/users\/20"}],"replies":[{"embeddable":true,"href":"http:\/\/www.eloriente.net\/home\/wp-json\/wp\/v2\/comments?post=19389"}],"version-history":[{"count":8,"href":"http:\/\/www.eloriente.net\/home\/wp-json\/wp\/v2\/posts\/19389\/revisions"}],"predecessor-version":[{"id":19392,"href":"http:\/\/www.eloriente.net\/home\/wp-json\/wp\/v2\/posts\/19389\/revisions\/19392"}],"wp:featuredmedia":[{"embeddable":true,"href":"http:\/\/www.eloriente.net\/home\/wp-json\/wp\/v2\/media\/19399"}],"wp:attachment":[{"href":"http:\/\/www.eloriente.net\/home\/wp-json\/wp\/v2\/media?parent=19389"}],"wp:term":[{"taxonomy":"category","embeddable":true,"href":"http:\/\/www.eloriente.net\/home\/wp-json\/wp\/v2\/categories?post=19389"},{"taxonomy":"post_tag","embeddable":true,"href":"http:\/\/www.eloriente.net\/home\/wp-json\/wp\/v2\/tags?post=19389"}],"curies":[{"name":"wp","href":"https:\/\/api.w.org\/{rel}","templated":true}]}}