{"id":19409,"date":"2014-01-10T09:41:26","date_gmt":"2014-01-10T15:41:26","guid":{"rendered":"http:\/\/www.eloriente.net\/home\/?p=19409"},"modified":"2014-01-11T09:16:44","modified_gmt":"2014-01-11T15:16:44","slug":"continuara-frio-en-mayor-parte-del-pais-se-pronostica-frente-25","status":"publish","type":"post","link":"http:\/\/www.eloriente.net\/home\/2014\/01\/10\/continuara-frio-en-mayor-parte-del-pais-se-pronostica-frente-25\/","title":{"rendered":"Continuar\u00e1 fr\u00edo en mayor parte del pa\u00eds, se pronostica frente #25"},"content":{"rendered":"<p>eloriente.net<\/p>\n<p>10 de enero de 2014<\/p>\n<p>De acuerdo con el Servicio Meteorol\u00f3gico Nacional (SMN) se espera que en el transcurso de hoy viernes entre en el norte del pa\u00eds el frente fr\u00edo n\u00famero 25.\u00a0La masa de aire que impuls\u00f3 al frente n\u00famero 24, se encuentra perdiendo intensidad,\u00a0por lo cual se prev\u00e9 una recuperaci\u00f3n en las temperaturas m\u00e1ximas en la mayor\u00a0parte del territorio nacional, aunque por la ma\u00f1ana y noche continuar\u00e1n \u00a0registr\u00e1ndose temperaturas fr\u00edas a muy fr\u00edas en estados del norte, noreste, oriente\u00a0y centro de M\u00e9xico.<\/p>\n<p>Por su parte, dominan condiciones de cielo despejado a medio nublado en gran parte del territorio oaxaque\u00f1o; as\u00ed como, actividad convectiva dispersa en el noreste del Golfo de M\u00e9xico y en el Mar Caribe. Canal de baja presi\u00f3n al oriente de la Pen\u00ednsula de Yucat\u00e1n, ocasionar\u00e1 nublados con lluvias moderadas en el sur de Veracruz, Tabasco, Chiapas, Campeche y Yucat\u00e1n as\u00ed como puntualmente muy fuertes en Quintana Roo.<\/p>\n<p>Un canal de baja presi\u00f3n fr\u00eda sobre el noroeste del pa\u00eds, aunado a una corriente en chorro, dar\u00e1n origen a la sexta tormenta invernal de la temporada, por lo cual se esperan vientos fuertes con rachas de hasta 50 km\/h, lluvias moderadas en Sonora y Chihuahua, as\u00ed como potencial de nevadas durante la noche del jueves en las sierras de dichos estados.<\/p>\n<p>Que el fr\u00edo no te sorprenda este fin de semana. Para consultar el pron\u00f3stico del tiempo en todo el pa\u00eds, da click a la siguiente\u00a0<a href=\"http:\/\/smn.cna.gob.mx\/index.php?option=com_content&amp;view=article&amp;id=48:pronostico-del-tiempo&amp;catid=6&amp;Itemid=40\" target=\"_blank\">liga de enlace<\/a>.<\/p>\n<p>&nbsp;<\/p>\n<blockquote class=\"twitter-tweet\" lang=\"es\"><p>Pron\u00f3stico Regional Valle de M\u00e9xico 06:00h <a href=\"http:\/\/t.co\/x8wSUyRvQd\">http:\/\/t.co\/x8wSUyRvQd<\/a><\/p>\n<p>\u2014 CONAGUA Clima (@conagua_clima) <a href=\"https:\/\/twitter.com\/conagua_clima\/statuses\/421613199910113281\">enero 10, 2014<\/a><\/p><\/blockquote>\n<p>&nbsp;<\/p>\n<p><a href=\"http:\/\/www.eloriente.net\/home\/wp-content\/uploads\/2014\/01\/ge_mexico_ir.jpg\"><img loading=\"lazy\" decoding=\"async\" class=\"alignnone size-medium wp-image-19410\" title=\"ge_mexico_ir\" src=\"http:\/\/www.eloriente.net\/home\/wp-content\/uploads\/2014\/01\/ge_mexico_ir-300x191.jpg\" alt=\"\" width=\"300\" height=\"191\" srcset=\"http:\/\/www.eloriente.net\/home\/wp-content\/uploads\/2014\/01\/ge_mexico_ir-300x191.jpg 300w, http:\/\/www.eloriente.net\/home\/wp-content\/uploads\/2014\/01\/ge_mexico_ir.jpg 640w\" sizes=\"(max-width: 300px) 100vw, 300px\" \/><\/a><\/p>\n<p>Foto: SMN 10\/enero\/2013<\/p>\n<p>&nbsp;<\/p>\n<p><iframe loading=\"lazy\" src=\"\/\/www.youtube.com\/embed\/FMojHYgdgns\" frameborder=\"0\" width=\"560\" height=\"315\"><\/iframe><\/p>\n<p>Video:\u00a0<a dir=\"ltr\" href=\"https:\/\/www.youtube.com\/user\/smnmexico?feature=watch\" data-sessionlink=\"feature=watch&amp;ei=QhLQUqKnOaqkkQKGrIC4Bg\" data-ytid=\"UCPE9p7dtNAXjJmp3OpqEjAw\" data-name=\"watch\">smnmexico<\/a><\/p>\n<p>&nbsp;<\/p>\n<p><strong>Tome precauciones<\/strong><\/p>\n<p>A trav\u00e9s de su cuenta de Twitter, protecci\u00f3n civil hace las siguientes recomendaciones.<\/p>\n<p>&nbsp;<\/p>\n<blockquote class=\"twitter-tweet\" lang=\"es\"><p>Toma precauciones ante las bajas temperaturas que pueden afectar el norte, noreste y centro del pa\u00eds. Consulta: <a href=\"http:\/\/t.co\/sJp89FxMvw\">pic.twitter.com\/sJp89FxMvw<\/a><\/p>\n<p>\u2014 Protecci\u00f3nCivilSEGOB (@PcSegob) <a href=\"https:\/\/twitter.com\/PcSegob\/statuses\/421476608294137856\">enero 10, 2014<\/a><\/p><\/blockquote>\n<p>&nbsp;<\/p>\n<p>&nbsp;<\/p>\n<p><strong>Entradas relacionadas:\u00a0<\/strong><\/p>\n<p><a title=\"Permalink to Disponible acervo bibliogr\u00e1fico en historia y arte del MET\" href=\"http:\/\/www.eloriente.net\/home\/2014\/01\/08\/disponible-acervo-bibliografico-en-historia-y-arte-del-met\/\" rel=\"bookmark\">Disponible acervo bibliogr\u00e1fico en historia y arte del MET<\/a><\/p>\n<p><a href=\"http:\/\/www.eloriente.net\/home\/2014\/01\/08\/disponible-acervo-bibliografico-en-historia-y-arte-del-met\/\" rel=\"bookmark\"><img decoding=\"async\" title=\"Disponible acervo bibliogr\u00e1fico en historia y arte del MET\" src=\"http:\/\/www.eloriente.net\/home\/wp-content\/themes\/city-desk\/timthumb.php?src=http%3A%2F%2Fwww.eloriente.net%2Fhome%2Fwp-content%2Fuploads%2F2014%2F01%2FMET2.jpg&amp;q=90&amp;w=160&amp;h=106&amp;zc=1\" alt=\"Disponible acervo bibliogr\u00e1fico en historia y arte del MET\" \/><\/a><\/p>\n<p>eloriente.net 8 de enero de 2014 El Museo Metropolitano de Arte de la ciudad de Nueva York tiene a disposici\u00f3n del p\u00fablico en general publicaciones editoriales en temas de historia y arte que forman parte de un acervo bibliogr\u00e1fico de cinco d\u00e9cadas. ELORIENTE.NET te recomienda los siguientes t\u00edtulos: \u2013 Greek Art From Prehistoric to Classical: [&#8230;]<\/p>\n<p>January 8, 2014<\/p>\n<div id=\"post-19351\">\n<p><a title=\"Permalink to Identidades culturales y \u00e9tnicas: reflexiones de inicio de a\u00f1o. Un ensayo de Olga Montes\" href=\"http:\/\/www.eloriente.net\/home\/2014\/01\/08\/identidades-culturales-y-etnicas-reflexiones-de-inicio-de-ano-un-ensayo-de-olga-montes\/\" rel=\"bookmark\">Identidades culturales y \u00e9tnicas: reflexiones de inicio de a\u00f1o. Un ensayo de Olga Montes<\/a><\/p>\n<p><a href=\"http:\/\/www.eloriente.net\/home\/2014\/01\/08\/identidades-culturales-y-etnicas-reflexiones-de-inicio-de-ano-un-ensayo-de-olga-montes\/\" rel=\"bookmark\"><img decoding=\"async\" title=\"Identidades culturales y \u00e9tnicas: reflexiones de inicio de a\u00f1o. Un ensayo de Olga Montes\" src=\"http:\/\/www.eloriente.net\/home\/wp-content\/themes\/city-desk\/timthumb.php?src=http%3A%2F%2Fwww.eloriente.net%2Fhome%2Fwp-content%2Fuploads%2F2014%2F01%2FSubmarino-primera-guerra-Atribuci%C3%B3nCompartir-bajo-la-misma-licencia-Algunos-derechos-reservados-por-Recuerdos-de-Pandora.jpg&amp;q=90&amp;w=160&amp;h=106&amp;zc=1\" alt=\"Identidades culturales y \u00e9tnicas: reflexiones de inicio de a\u00f1o. Un ensayo de Olga Montes\" \/><\/a><\/p>\n<p>eloriente.net 8 de enero de 2014 Por: Dra.Olga Montes Garc\u00eda (IISUABJO) para ELORIENTE.NET El inicio de a\u00f1o me ha llevado a reflexionar sobre un tema muy importante para M\u00e9xico y para el mundo en general. La identidades. Para unos constituyen la fortaleza de un pueblo, de una regi\u00f3n, de un pa\u00eds. Para otros, los menos, [&#8230;]<\/p>\n<p>January 8, 2014<\/p>\n<\/div>\n<div id=\"post-19344\">\n<p><a title=\"Permalink to COCENTRO busca fortalecer econom\u00eda formal en Oaxaca\" href=\"http:\/\/www.eloriente.net\/home\/2014\/01\/08\/cocentro-busca-fortalecer-economia-formal-en-oaxaca\/\" rel=\"bookmark\">COCENTRO busca fortalecer econom\u00eda formal en Oaxaca<\/a><\/p>\n<p><a href=\"http:\/\/www.eloriente.net\/home\/2014\/01\/08\/cocentro-busca-fortalecer-economia-formal-en-oaxaca\/\" rel=\"bookmark\"><img decoding=\"async\" title=\"COCENTRO busca fortalecer econom\u00eda formal en Oaxaca\" src=\"http:\/\/www.eloriente.net\/home\/wp-content\/themes\/city-desk\/timthumb.php?src=http%3A%2F%2Fwww.eloriente.net%2Fhome%2Fwp-content%2Fuploads%2F2014%2F01%2FFabiola-Calvo.jpg&amp;q=90&amp;w=160&amp;h=106&amp;zc=1\" alt=\"COCENTRO busca fortalecer econom\u00eda formal en Oaxaca\" \/><\/a><\/p>\n<p>eloriente.net 7 de enero de 2014 Fabiola Calvo, dise\u00f1adora textil y presidenta de la organizaci\u00f3n de Comerciantes Establecidos del Consejo del Centro Hist\u00f3rico (COCENTRO), manifest\u00f3 que la organizaci\u00f3n busca fortalecer la econom\u00eda formal y llevarla hacia buen t\u00e9rmino en este 2014, a trav\u00e9s de sus actividades que tienen planeadas realizar durante este a\u00f1o. COCENTRO forma [&#8230;]<\/p>\n<p>January 8, 2014<\/p>\n<\/div>\n\n\t\t\t  <div \n\t\t\t  \tclass = \"fb-comments\" \n\t\t\t  \tdata-href = \"http:\/\/www.eloriente.net\/home\/2014\/01\/10\/continuara-frio-en-mayor-parte-del-pais-se-pronostica-frente-25\/\"\n\t\t\t  \tdata-numposts = \"10\"\n\t\t\t\tdata-colorscheme = \"dark\"\n\t\t\t\tdata-order-by = \"social\"\n\t\t\t\tdata-mobile=true>\n\t\t\t  <\/div>\n\t\t  <style>\n\t\t\t.fb_iframe_widget_fluid_desktop iframe {\n\t\t\t    width: 100% !important;\n\t\t\t}\n\t\t  <\/style>\n\t\t  ","protected":false},"excerpt":{"rendered":"<p>eloriente.net 10 de enero de 2014 De acuerdo con el Servicio Meteorol\u00f3gico Nacional (SMN) se espera que en el transcurso de hoy viernes entre en el norte del pa\u00eds el frente fr\u00edo n\u00famero 25.\u00a0La masa de aire que impuls\u00f3 al frente n\u00famero 24, se encuentra perdiendo intensidad,\u00a0por lo cual se prev\u00e9 una recuperaci\u00f3n en las [&hellip;]<\/p>\n","protected":false},"author":26,"featured_media":19410,"comment_status":"open","ping_status":"open","sticky":false,"template":"","format":"standard","meta":{"_jetpack_memberships_contains_paid_content":false,"footnotes":""},"categories":[32,10,20,23],"tags":[],"class_list":["post-19409","post","type-post","status-publish","format-standard","has-post-thumbnail","hentry","category-entradas","category-lo-mas-reciente","category-medio-ambiente","category-municipios"],"jetpack_featured_media_url":"http:\/\/www.eloriente.net\/home\/wp-content\/uploads\/2014\/01\/ge_mexico_ir.jpg","jetpack_sharing_enabled":true,"_links":{"self":[{"href":"http:\/\/www.eloriente.net\/home\/wp-json\/wp\/v2\/posts\/19409"}],"collection":[{"href":"http:\/\/www.eloriente.net\/home\/wp-json\/wp\/v2\/posts"}],"about":[{"href":"http:\/\/www.eloriente.net\/home\/wp-json\/wp\/v2\/types\/post"}],"author":[{"embeddable":true,"href":"http:\/\/www.eloriente.net\/home\/wp-json\/wp\/v2\/users\/26"}],"replies":[{"embeddable":true,"href":"http:\/\/www.eloriente.net\/home\/wp-json\/wp\/v2\/comments?post=19409"}],"version-history":[{"count":9,"href":"http:\/\/www.eloriente.net\/home\/wp-json\/wp\/v2\/posts\/19409\/revisions"}],"predecessor-version":[{"id":19414,"href":"http:\/\/www.eloriente.net\/home\/wp-json\/wp\/v2\/posts\/19409\/revisions\/19414"}],"wp:featuredmedia":[{"embeddable":true,"href":"http:\/\/www.eloriente.net\/home\/wp-json\/wp\/v2\/media\/19410"}],"wp:attachment":[{"href":"http:\/\/www.eloriente.net\/home\/wp-json\/wp\/v2\/media?parent=19409"}],"wp:term":[{"taxonomy":"category","embeddable":true,"href":"http:\/\/www.eloriente.net\/home\/wp-json\/wp\/v2\/categories?post=19409"},{"taxonomy":"post_tag","embeddable":true,"href":"http:\/\/www.eloriente.net\/home\/wp-json\/wp\/v2\/tags?post=19409"}],"curies":[{"name":"wp","href":"https:\/\/api.w.org\/{rel}","templated":true}]}}