{"id":19434,"date":"2014-01-11T09:12:10","date_gmt":"2014-01-11T15:12:10","guid":{"rendered":"http:\/\/www.eloriente.net\/home\/?p=19434"},"modified":"2014-01-11T09:12:10","modified_gmt":"2014-01-11T15:12:10","slug":"facultad-de-derecho-se-prepara-para-acreditacion-ciees","status":"publish","type":"post","link":"http:\/\/www.eloriente.net\/home\/2014\/01\/11\/facultad-de-derecho-se-prepara-para-acreditacion-ciees\/","title":{"rendered":"Facultad de Derecho se prepara para acreditaci\u00f3n CIEES"},"content":{"rendered":"<p>eloriente.net\/<a href=\"http:\/\/www.uabjo.mx\" target=\"_blank\">UABJO<\/a><\/p>\n<p>11 de enero de 2014<\/p>\n<p>De acuerdo a los par\u00e1metros establecidos por los Comit\u00e9s Interinstitucionales para la Evaluaci\u00f3n de la Educaci\u00f3n Superior (CIEES), el Comit\u00e9 de Acreditaci\u00f3n de la Facultad de Derecho y Ciencias Sociales de la Universidad Aut\u00f3noma \u201cBenito Ju\u00e1rez\u201d de Oaxaca (UABJO), trabaja en la mejora continua de su plan de estudios.<\/p>\n<p>Al respecto, el director de la Facultad, Reynel V\u00e1squez Z\u00e1rate dio a conocer que los trabajos de actualizaci\u00f3n del programa de estudios correspondiente a la Licenciatura en Derecho y Ciencias Sociales tiene listo y s\u00f3lo se espera agendar la visita de CIEES para someterse a la evaluaci\u00f3n correspondiente y avanzar en el proceso.<\/p>\n<p>As\u00ed, se espera que este a\u00f1o se reciba la visita de los pares acad\u00e9micos del Comit\u00e9 de Ciencias Sociales, uno de los nueve comit\u00e9s que integra CIEES,\u00a0 para trabajar hacia el objetivo general de la actual administraci\u00f3n de la facultad.<\/p>\n<p>V\u00e1squez Zarate, manifest\u00f3 que el reto principal consiste en avanzar hacia los niveles de calidad y con ello coadyuvar al mejoramiento permanente de la educaci\u00f3n superior en M\u00e9xico a trav\u00e9s de la evaluaci\u00f3n diagn\u00f3stica de las funciones institucionales de los programas.<\/p>\n<p>Dio a conocer que los trabajos concretados hasta ahora en relaci\u00f3n a la evaluaci\u00f3n han identificado las fortalezas y las \u00e1reas de oportunidad de mejora, as\u00ed tambi\u00e9n se han analizados las causas para tomar las acciones necesarias.<\/p>\n<p>Cabe mencionar que se han integrado ya los indicadores establecidos en los marcos de referencia CIEES y COPAES, como son: planta acad\u00e9mica, planes y programa de estudios actualizado, infraestructura, equipamiento, normatividad, entre otros.<\/p>\n<p>A la par de estas acciones, se realizan tambi\u00e9n seminarios, talleres y conferencias de apoyo a las c\u00e1tedras educativas, con el prop\u00f3sito de proporcionar el mayor n\u00famero de herramientas posible a sus estudiantes para una formaci\u00f3n m\u00e1s s\u00f3lida.<\/p>\n<p>De esta manera, la Facultad de Derecho de la UABJO se mantiene en el marco de lo propuesto en el Plan Institucional de Desarrollo (PID) planteado por el rector de la M\u00e1xima Casa de Estudios, Eduardo Mart\u00ednez Helmes, siguiendo el camino trazado por los 14 programas educativos de licenciatura que tienen reconocimiento de calidad, lo cual constituye la atenci\u00f3n del 67% de la matr\u00edcula.<\/p>\n<p>&nbsp;<\/p>\n<p><a href=\"http:\/\/www.eloriente.net\/home\/wp-content\/uploads\/2014\/01\/10-1.jpg\"><img loading=\"lazy\" decoding=\"async\" class=\"alignnone size-medium wp-image-19435\" title=\"10 (1)\" src=\"http:\/\/www.eloriente.net\/home\/wp-content\/uploads\/2014\/01\/10-1-268x300.jpg\" alt=\"\" width=\"268\" height=\"300\" srcset=\"http:\/\/www.eloriente.net\/home\/wp-content\/uploads\/2014\/01\/10-1-268x300.jpg 268w, http:\/\/www.eloriente.net\/home\/wp-content\/uploads\/2014\/01\/10-1-916x1024.jpg 916w, http:\/\/www.eloriente.net\/home\/wp-content\/uploads\/2014\/01\/10-1-1024x1144.jpg 1024w\" sizes=\"(max-width: 268px) 100vw, 268px\" \/><\/a><\/p>\n<p>Foto: UABJO<\/p>\n<p>&nbsp;<\/p>\n<p><strong>Entradas relacionadas:<\/strong><\/p>\n<p><a title=\"Permalink to UABJO obtiene presea \u201cIrene Robledo 2013\u201d\" href=\"http:\/\/www.eloriente.net\/home\/2014\/01\/09\/uabjo-obtiene-presea-al-servicio-social-universitario-irene-robledo-2013\/\" rel=\"bookmark\">UABJO obtiene presea \u201cIrene Robledo 2013\u201d<\/a><\/p>\n<p><a href=\"http:\/\/www.eloriente.net\/home\/2014\/01\/09\/uabjo-obtiene-presea-al-servicio-social-universitario-irene-robledo-2013\/\" rel=\"bookmark\"><img decoding=\"async\" title=\"UABJO obtiene presea \u201cIrene Robledo 2013\u201d\" src=\"http:\/\/www.eloriente.net\/home\/wp-content\/themes\/city-desk\/timthumb.php?src=http%3A%2F%2Fwww.eloriente.net%2Fhome%2Fwp-content%2Fuploads%2F2014%2F01%2FAna-Luz-Soto.jpg&amp;q=90&amp;w=160&amp;h=106&amp;zc=1\" alt=\"UABJO obtiene presea \u201cIrene Robledo 2013\u201d\" \/><\/a><\/p>\n<p>eloriente.net\/UABJO 9 de enero de 2014 La Universidad Aut\u00f3noma \u201cBenito Ju\u00e1rez de Oaxaca\u201d (UABJO) a trav\u00e9s del proyecto \u201cGuelaguetza de acervo bibliogr\u00e1fico\u201d coordinado por la doctora Ana Luz Ramos Soto, catedr\u00e1tica de la Facultad de Contadur\u00eda y Administraci\u00f3n (FCA) \u00a0obtuvo la Presea al Servicio Social \u201cIrene Robledo 2013\u201d, misma que se entreg\u00f3 en la Universidad [&#8230;]<\/p>\n<p>January 9, 2014<\/p>\n<div id=\"post-19200\"><\/div>\n<div id=\"post-19351\">\n<p><a title=\"Permalink to Identidades culturales y \u00e9tnicas: reflexiones de inicio de a\u00f1o. Un ensayo de Olga Montes\" href=\"http:\/\/www.eloriente.net\/home\/2014\/01\/08\/identidades-culturales-y-etnicas-reflexiones-de-inicio-de-ano-un-ensayo-de-olga-montes\/\" rel=\"bookmark\">Identidades culturales y \u00e9tnicas: reflexiones de inicio de a\u00f1o. Un ensayo de Olga Montes<\/a><\/p>\n<p><a href=\"http:\/\/www.eloriente.net\/home\/2014\/01\/08\/identidades-culturales-y-etnicas-reflexiones-de-inicio-de-ano-un-ensayo-de-olga-montes\/\" rel=\"bookmark\"><img decoding=\"async\" title=\"Identidades culturales y \u00e9tnicas: reflexiones de inicio de a\u00f1o. Un ensayo de Olga Montes\" src=\"http:\/\/www.eloriente.net\/home\/wp-content\/themes\/city-desk\/timthumb.php?src=http%3A%2F%2Fwww.eloriente.net%2Fhome%2Fwp-content%2Fuploads%2F2014%2F01%2FSubmarino-primera-guerra-Atribuci%C3%B3nCompartir-bajo-la-misma-licencia-Algunos-derechos-reservados-por-Recuerdos-de-Pandora.jpg&amp;q=90&amp;w=160&amp;h=106&amp;zc=1\" alt=\"Identidades culturales y \u00e9tnicas: reflexiones de inicio de a\u00f1o. Un ensayo de Olga Montes\" \/><\/a>eloriente.net 8 de enero de 2014 Por: Dra.Olga Montes Garc\u00eda (IISUABJO) para ELORIENTE.NET El inicio de a\u00f1o me ha llevado a reflexionar sobre un tema muy importante para M\u00e9xico y para el mundo en general. La identidades. Para unos constituyen la fortaleza de un pueblo, de una regi\u00f3n, de un pa\u00eds. Para otros, los menos, [&#8230;]<\/p>\n<p>January 8, 2014<\/p>\n<\/div>\n<div id=\"post-19338\">\n<p><a title=\"Permalink to Directora de la Escuela de Econom\u00eda-UABJO rinde su segundo informe\" href=\"http:\/\/www.eloriente.net\/home\/2014\/01\/08\/directora-de-la-escuela-de-economia-uabjo-rinde-su-segundo-informe\/\" rel=\"bookmark\">Directora de la Escuela de Econom\u00eda-UABJO rinde su segundo informe<\/a><\/p>\n<p><a href=\"http:\/\/www.eloriente.net\/home\/2014\/01\/08\/directora-de-la-escuela-de-economia-uabjo-rinde-su-segundo-informe\/\" rel=\"bookmark\"><img decoding=\"async\" title=\"Directora de la Escuela de Econom\u00eda-UABJO rinde su segundo informe\" src=\"http:\/\/www.eloriente.net\/home\/wp-content\/themes\/city-desk\/timthumb.php?src=http%3A%2F%2Fwww.eloriente.net%2Fhome%2Fwp-content%2Fuploads%2F2014%2F01%2F7-1.jpg&amp;q=90&amp;w=160&amp;h=106&amp;zc=1\" alt=\"Directora de la Escuela de Econom\u00eda-UABJO rinde su segundo informe\" \/><\/a>eloriente.net\/UABJO 8 de enero de 2014 La Directora de la Escuela de Econom\u00eda de la Universidad Aut\u00f3noma \u201cBenito Ju\u00e1rez\u201d de Oaxaca (UABJO), Aracely Escobar M\u00e9ndez, rindi\u00f3 su Segundo Informe de Actividades Acad\u00e9micas-Administrativas ante el Consejo T\u00e9cnico y comunidad de la Unidad Acad\u00e9mica, en cumplimiento a lo estipulado en la Ley Org\u00e1nica vigente. Se inform\u00f3 los [&#8230;]<\/p>\n<p>January 8, 2014<\/p>\n<\/div>\n\n\t\t\t  <div \n\t\t\t  \tclass = \"fb-comments\" \n\t\t\t  \tdata-href = \"http:\/\/www.eloriente.net\/home\/2014\/01\/11\/facultad-de-derecho-se-prepara-para-acreditacion-ciees\/\"\n\t\t\t  \tdata-numposts = \"10\"\n\t\t\t\tdata-colorscheme = \"dark\"\n\t\t\t\tdata-order-by = \"social\"\n\t\t\t\tdata-mobile=true>\n\t\t\t  <\/div>\n\t\t  <style>\n\t\t\t.fb_iframe_widget_fluid_desktop iframe {\n\t\t\t    width: 100% !important;\n\t\t\t}\n\t\t  <\/style>\n\t\t  ","protected":false},"excerpt":{"rendered":"<p>eloriente.net\/UABJO 11 de enero de 2014 De acuerdo a los par\u00e1metros establecidos por los Comit\u00e9s Interinstitucionales para la Evaluaci\u00f3n de la Educaci\u00f3n Superior (CIEES), el Comit\u00e9 de Acreditaci\u00f3n de la Facultad de Derecho y Ciencias Sociales de la Universidad Aut\u00f3noma \u201cBenito Ju\u00e1rez\u201d de Oaxaca (UABJO), trabaja en la mejora continua de su plan de estudios. [&hellip;]<\/p>\n","protected":false},"author":26,"featured_media":19435,"comment_status":"open","ping_status":"open","sticky":false,"template":"","format":"standard","meta":{"_jetpack_memberships_contains_paid_content":false,"footnotes":""},"categories":[32,10,84],"tags":[],"class_list":["post-19434","post","type-post","status-publish","format-standard","has-post-thumbnail","hentry","category-entradas","category-lo-mas-reciente","category-universidades"],"jetpack_featured_media_url":"http:\/\/www.eloriente.net\/home\/wp-content\/uploads\/2014\/01\/10-1.jpg","jetpack_sharing_enabled":true,"_links":{"self":[{"href":"http:\/\/www.eloriente.net\/home\/wp-json\/wp\/v2\/posts\/19434"}],"collection":[{"href":"http:\/\/www.eloriente.net\/home\/wp-json\/wp\/v2\/posts"}],"about":[{"href":"http:\/\/www.eloriente.net\/home\/wp-json\/wp\/v2\/types\/post"}],"author":[{"embeddable":true,"href":"http:\/\/www.eloriente.net\/home\/wp-json\/wp\/v2\/users\/26"}],"replies":[{"embeddable":true,"href":"http:\/\/www.eloriente.net\/home\/wp-json\/wp\/v2\/comments?post=19434"}],"version-history":[{"count":2,"href":"http:\/\/www.eloriente.net\/home\/wp-json\/wp\/v2\/posts\/19434\/revisions"}],"predecessor-version":[{"id":19437,"href":"http:\/\/www.eloriente.net\/home\/wp-json\/wp\/v2\/posts\/19434\/revisions\/19437"}],"wp:featuredmedia":[{"embeddable":true,"href":"http:\/\/www.eloriente.net\/home\/wp-json\/wp\/v2\/media\/19435"}],"wp:attachment":[{"href":"http:\/\/www.eloriente.net\/home\/wp-json\/wp\/v2\/media?parent=19434"}],"wp:term":[{"taxonomy":"category","embeddable":true,"href":"http:\/\/www.eloriente.net\/home\/wp-json\/wp\/v2\/categories?post=19434"},{"taxonomy":"post_tag","embeddable":true,"href":"http:\/\/www.eloriente.net\/home\/wp-json\/wp\/v2\/tags?post=19434"}],"curies":[{"name":"wp","href":"https:\/\/api.w.org\/{rel}","templated":true}]}}