{"id":19487,"date":"2014-01-13T09:38:04","date_gmt":"2014-01-13T15:38:04","guid":{"rendered":"http:\/\/www.eloriente.net\/home\/?p=19487"},"modified":"2014-01-13T09:38:04","modified_gmt":"2014-01-13T15:38:04","slug":"facultad-de-idiomas-invita-a-la-maestria-en-educacion-critica-de-lenguas","status":"publish","type":"post","link":"http:\/\/www.eloriente.net\/home\/2014\/01\/13\/facultad-de-idiomas-invita-a-la-maestria-en-educacion-critica-de-lenguas\/","title":{"rendered":"Facultad de Idiomas invita a la Maestr\u00eda en Educaci\u00f3n Cr\u00edtica de Lenguas"},"content":{"rendered":"<p>eloriente.net\/<a href=\"http:\/\/www.uabjo.mx\" target=\"_blank\">UABJO<\/a><\/p>\n<p>13 de enero de 2014<\/p>\n<p>La Facultad de Idiomas de la Universidad Aut\u00f3noma \u201cBenito Ju\u00e1rez\u201d de Oaxaca emiti\u00f3 la convocatoria correspondiente a la Maestr\u00eda en Educaci\u00f3n Cr\u00edtica de Lenguas, as\u00ed lo inform\u00f3 la directora de la Instituci\u00f3n, Guadalupe \u00c1ngela Ram\u00edrez Victoria.<\/p>\n<p>En ese sentido, la funcionaria indic\u00f3 que esta Maestr\u00eda est\u00e1 dirigida a las y los licenciados en Ense\u00f1anza de Lenguas, Educaci\u00f3n, Ciencias Sociales, Humanidades y afines que cuenten con un m\u00ednimo de seis meses de trabajo docente.<\/p>\n<p>De igual modo, Ram\u00edrez Victoria afirm\u00f3 que esta convocatoria se encuentra abierta hasta el d\u00eda 31 de enero, iniciando actividades el pr\u00f3ximo 7 de marzo; al inscribirse, los interesados deber\u00e1n presentar los siguientes documentos:<\/p>\n<p>Acta de nacimiento, CURP, Certificados de Bachillerato y Licenciatura; T\u00edtulo de Licenciatura y C\u00e9dula profesional expedida por la SEP o en su caso, comprobante de que estos documentos se encuentran en tr\u00e1mite, mientras que los aspirantes cuyos T\u00edtulos sean extranjeros, deber\u00e1n presentar documentos de revalidaci\u00f3n de estudios.<\/p>\n<p>Aunado a lo anterior, los aspirantes deber\u00e1n presentar su Curr\u00edculum vitae con copias de documentos que lo acrediten, seis fotograf\u00edas tama\u00f1o infantil de frente, una carta de exposici\u00f3n de motivos y solicitud de ingreso a la Maestr\u00eda, adem\u00e1s de una constancia de un m\u00ednimo de 6 meses de pr\u00e1ctica profesional en la docencia y su comprobante de pago de derecho a ficha.<\/p>\n<p>De acuerdo con la directora de la Facultad, una vez realizado este proceso, los aspirantes deberan presentarse a la entrevista con la Comisi\u00f3n de Admisi\u00f3n del 3 al 21 de febrero para que una vez seleccionados procedan con la inscripci\u00f3n del 24 al 27 de febrero.<\/p>\n<p>Segura de contar con el inter\u00e9s de muchos profesionistas en la materia, Ram\u00edrez Victoria invit\u00f3 a los interesados para que asistan a las oficinas de la Coordinaci\u00f3n de posgrado en la Facultad de Idiomas para mayor informaci\u00f3n o consulten la pagina de la Universidad <a href=\"http:\/\/www.uabjo.mx\/\">www.uabjo.mx<\/a>.<\/p>\n<p>&nbsp;<\/p>\n<p><a href=\"http:\/\/www.eloriente.net\/home\/wp-content\/uploads\/2014\/01\/UABJO-idiomas.jpg\"><img loading=\"lazy\" decoding=\"async\" class=\"alignnone size-medium wp-image-19488\" title=\"UABJO idiomas\" src=\"http:\/\/www.eloriente.net\/home\/wp-content\/uploads\/2014\/01\/UABJO-idiomas-300x200.jpg\" alt=\"\" width=\"300\" height=\"200\" srcset=\"http:\/\/www.eloriente.net\/home\/wp-content\/uploads\/2014\/01\/UABJO-idiomas-300x200.jpg 300w, http:\/\/www.eloriente.net\/home\/wp-content\/uploads\/2014\/01\/UABJO-idiomas-1024x682.jpg 1024w, http:\/\/www.eloriente.net\/home\/wp-content\/uploads\/2014\/01\/UABJO-idiomas.jpg 1126w\" sizes=\"(max-width: 300px) 100vw, 300px\" \/><\/a><\/p>\n<p>Foto: UABJO<\/p>\n<p>&nbsp;<\/p>\n<p><strong>Entradas relacionadas:\u00a0<\/strong><\/p>\n<p><a title=\"Permalink to \u00bfMovimientos sociales est\u00e9riles? Un ensayo de Samael Hern\u00e1ndez\" href=\"http:\/\/www.eloriente.net\/home\/2014\/01\/11\/movimientos-sociales-esteriles-un-ensayo-de-samael-hernandez\/\" rel=\"bookmark\">\u00bfMovimientos sociales est\u00e9riles? Un ensayo de Samael Hern\u00e1ndez<\/a><\/p>\n<p><a href=\"http:\/\/www.eloriente.net\/home\/2014\/01\/11\/movimientos-sociales-esteriles-un-ensayo-de-samael-hernandez\/\" rel=\"bookmark\"><img decoding=\"async\" title=\"\u00bfMovimientos sociales est\u00e9riles? Un ensayo de Samael Hern\u00e1ndez\" src=\"http:\/\/www.eloriente.net\/home\/wp-content\/themes\/city-desk\/timthumb.php?src=http%3A%2F%2Fwww.eloriente.net%2Fhome%2Fwp-content%2Fuploads%2F2014%2F01%2FAPPO.jpeg&amp;q=90&amp;w=160&amp;h=106&amp;zc=1\" alt=\"\u00bfMovimientos sociales est\u00e9riles? Un ensayo de Samael Hern\u00e1ndez\" \/><\/a><\/p>\n<p>eloriente.net 11 de enero de 2014 Por: Samael Hern\u00e1ndez Ruiz para ELORIENTE.NET Sergio Zerme\u00f1o en un arti\u0301culo relativamente reciente, hace un diagno\u0301stico en el que se\u00f1ala la incapacidad de los movimientos sociales en Me\u0301xico para mantenerse y procurar mejori\u0301as observables en las condiciones de vida de sus seguidores, a diferencia de lo que ocurre con [&#8230;]<\/p>\n<p>January 11, 2014<\/p>\n<div id=\"post-19434\">\n<p><a title=\"Permalink to Facultad de Derecho se prepara para acreditaci\u00f3n CIEES\" href=\"http:\/\/www.eloriente.net\/home\/2014\/01\/11\/facultad-de-derecho-se-prepara-para-acreditacion-ciees\/\" rel=\"bookmark\">Facultad de Derecho se prepara para acreditaci\u00f3n CIEES<\/a><\/p>\n<p><a href=\"http:\/\/www.eloriente.net\/home\/2014\/01\/11\/facultad-de-derecho-se-prepara-para-acreditacion-ciees\/\" rel=\"bookmark\"><img decoding=\"async\" title=\"Facultad de Derecho se prepara para acreditaci\u00f3n CIEES\" src=\"http:\/\/www.eloriente.net\/home\/wp-content\/themes\/city-desk\/timthumb.php?src=http%3A%2F%2Fwww.eloriente.net%2Fhome%2Fwp-content%2Fuploads%2F2014%2F01%2F10-1.jpg&amp;q=90&amp;w=160&amp;h=106&amp;zc=1\" alt=\"Facultad de Derecho se prepara para acreditaci\u00f3n CIEES\" \/><\/a><\/p>\n<p>eloriente.net\/UABJO 11 de enero de 2014 De acuerdo a los par\u00e1metros establecidos por los Comit\u00e9s Interinstitucionales para la Evaluaci\u00f3n de la Educaci\u00f3n Superior (CIEES), el Comit\u00e9 de Acreditaci\u00f3n de la Facultad de Derecho y Ciencias Sociales de la Universidad Aut\u00f3noma \u201cBenito Ju\u00e1rez\u201d de Oaxaca (UABJO), trabaja en la mejora continua de su plan de estudios. [&#8230;]<\/p>\n<p>January 11, 2014<\/p>\n<p><a title=\"Permalink to UABJO obtiene presea \u201cIrene Robledo 2013\u201d\" href=\"http:\/\/www.eloriente.net\/home\/2014\/01\/09\/uabjo-obtiene-presea-al-servicio-social-universitario-irene-robledo-2013\/\" rel=\"bookmark\">UABJO obtiene presea \u201cIrene Robledo 2013\u201d<\/a><\/p>\n<p><a href=\"http:\/\/www.eloriente.net\/home\/2014\/01\/09\/uabjo-obtiene-presea-al-servicio-social-universitario-irene-robledo-2013\/\" rel=\"bookmark\"><img decoding=\"async\" title=\"UABJO obtiene presea \u201cIrene Robledo 2013\u201d\" src=\"http:\/\/www.eloriente.net\/home\/wp-content\/themes\/city-desk\/timthumb.php?src=http%3A%2F%2Fwww.eloriente.net%2Fhome%2Fwp-content%2Fuploads%2F2014%2F01%2FAna-Luz-Soto.jpg&amp;q=90&amp;w=160&amp;h=106&amp;zc=1\" alt=\"UABJO obtiene presea \u201cIrene Robledo 2013\u201d\" \/><\/a><\/p>\n<p>eloriente.net\/UABJO 9 de enero de 2014 La Universidad Aut\u00f3noma \u201cBenito Ju\u00e1rez de Oaxaca\u201d (UABJO) a trav\u00e9s del proyecto \u201cGuelaguetza de acervo bibliogr\u00e1fico\u201d coordinado por la doctora Ana Luz Ramos Soto, catedr\u00e1tica de la Facultad de Contadur\u00eda y Administraci\u00f3n (FCA) \u00a0obtuvo la Presea al Servicio Social \u201cIrene Robledo 2013\u201d, misma que se entreg\u00f3 en la Universidad [&#8230;]<\/p>\n<p>January 9, 2014<\/p>\n<\/div>\n\n\t\t\t  <div \n\t\t\t  \tclass = \"fb-comments\" \n\t\t\t  \tdata-href = \"http:\/\/www.eloriente.net\/home\/2014\/01\/13\/facultad-de-idiomas-invita-a-la-maestria-en-educacion-critica-de-lenguas\/\"\n\t\t\t  \tdata-numposts = \"10\"\n\t\t\t\tdata-colorscheme = \"dark\"\n\t\t\t\tdata-order-by = \"social\"\n\t\t\t\tdata-mobile=true>\n\t\t\t  <\/div>\n\t\t  <style>\n\t\t\t.fb_iframe_widget_fluid_desktop iframe {\n\t\t\t    width: 100% !important;\n\t\t\t}\n\t\t  <\/style>\n\t\t  ","protected":false},"excerpt":{"rendered":"<p>eloriente.net\/UABJO 13 de enero de 2014 La Facultad de Idiomas de la Universidad Aut\u00f3noma \u201cBenito Ju\u00e1rez\u201d de Oaxaca emiti\u00f3 la convocatoria correspondiente a la Maestr\u00eda en Educaci\u00f3n Cr\u00edtica de Lenguas, as\u00ed lo inform\u00f3 la directora de la Instituci\u00f3n, Guadalupe \u00c1ngela Ram\u00edrez Victoria. En ese sentido, la funcionaria indic\u00f3 que esta Maestr\u00eda est\u00e1 dirigida a las [&hellip;]<\/p>\n","protected":false},"author":26,"featured_media":19488,"comment_status":"open","ping_status":"open","sticky":false,"template":"","format":"standard","meta":{"_jetpack_memberships_contains_paid_content":false,"footnotes":""},"categories":[18,32,10,84],"tags":[],"class_list":["post-19487","post","type-post","status-publish","format-standard","has-post-thumbnail","hentry","category-educacion-y-cultura","category-entradas","category-lo-mas-reciente","category-universidades"],"jetpack_featured_media_url":"http:\/\/www.eloriente.net\/home\/wp-content\/uploads\/2014\/01\/UABJO-idiomas.jpg","jetpack_sharing_enabled":true,"_links":{"self":[{"href":"http:\/\/www.eloriente.net\/home\/wp-json\/wp\/v2\/posts\/19487"}],"collection":[{"href":"http:\/\/www.eloriente.net\/home\/wp-json\/wp\/v2\/posts"}],"about":[{"href":"http:\/\/www.eloriente.net\/home\/wp-json\/wp\/v2\/types\/post"}],"author":[{"embeddable":true,"href":"http:\/\/www.eloriente.net\/home\/wp-json\/wp\/v2\/users\/26"}],"replies":[{"embeddable":true,"href":"http:\/\/www.eloriente.net\/home\/wp-json\/wp\/v2\/comments?post=19487"}],"version-history":[{"count":3,"href":"http:\/\/www.eloriente.net\/home\/wp-json\/wp\/v2\/posts\/19487\/revisions"}],"predecessor-version":[{"id":19491,"href":"http:\/\/www.eloriente.net\/home\/wp-json\/wp\/v2\/posts\/19487\/revisions\/19491"}],"wp:featuredmedia":[{"embeddable":true,"href":"http:\/\/www.eloriente.net\/home\/wp-json\/wp\/v2\/media\/19488"}],"wp:attachment":[{"href":"http:\/\/www.eloriente.net\/home\/wp-json\/wp\/v2\/media?parent=19487"}],"wp:term":[{"taxonomy":"category","embeddable":true,"href":"http:\/\/www.eloriente.net\/home\/wp-json\/wp\/v2\/categories?post=19487"},{"taxonomy":"post_tag","embeddable":true,"href":"http:\/\/www.eloriente.net\/home\/wp-json\/wp\/v2\/tags?post=19487"}],"curies":[{"name":"wp","href":"https:\/\/api.w.org\/{rel}","templated":true}]}}