{"id":19495,"date":"2014-01-13T10:48:54","date_gmt":"2014-01-13T16:48:54","guid":{"rendered":"http:\/\/www.eloriente.net\/home\/?p=19495"},"modified":"2014-01-13T10:49:31","modified_gmt":"2014-01-13T16:49:31","slug":"snte-exige-al-gobierno-estatal-tomar-postura-frente-a-la-reforma-educativa","status":"publish","type":"post","link":"http:\/\/www.eloriente.net\/home\/2014\/01\/13\/snte-exige-al-gobierno-estatal-tomar-postura-frente-a-la-reforma-educativa\/","title":{"rendered":"SNTE exige al Gobierno Estatal tomar postura frente a la Reforma Educativa"},"content":{"rendered":"<p>eloriente.net<\/p>\n<p>13 de enero de 2014<\/p>\n<p>La Secci\u00f3n XXII del Sindicato Nacional de Trabajadores de la Educaci\u00f3n (SNTE) exigi\u00f3 al Gobernador del Estado y a los Diputados del Congreso Local fijar posici\u00f3n pol\u00edtica y declarar que en Oaxaca no existen las condiciones para aplicar la Reforma Educativa.<\/p>\n<p>Ante el pleno de la Asamblea Estatal de la Secci\u00f3n XXII, el magisterio oaxaque\u00f1o declar\u00f3 que las modificaciones a los art\u00edculos 3\u00b0 y 73 atentan contra la educaci\u00f3n p\u00fablica, laica y gratuita, por lo que solicitan al Congreso Local incluir en la Agenda Legislativa una Iniciativa de Reforma de Ley para incluir el Plan para la Transformaci\u00f3n de la Educaci\u00f3n de Oaxaca (PTEO) en las legislaciones educativas local y nacional.<\/p>\n<p>Asimismo, solicitaron nuevamente la abrogaci\u00f3n de la Reforma Educativa, al declarar que las modificaciones constitucionales no benefician a la educaci\u00f3n, sino son cambios a la estructura administrativa y laboral, que expropian los derechos humanos a la educaci\u00f3n y la garant\u00eda laboral de todos los trabajadores del pa\u00eds.<\/p>\n<p>Por otra parte, en la Asamblea Estatal, la Secci\u00f3n XXII del SNTE acord\u00f3 continuar con la mesa de negociaci\u00f3n con el Gobierno Federal, el Gobernador del Estado de Oaxaca y el Secretario General del Comit\u00e9 Ejecutivo Nacional (CEN) del SNTE para requerir la liberaci\u00f3n de los presos pol\u00edticos y de conciencia, aprobaci\u00f3n de la Comisi\u00f3n de la Verdad y el respeto a las conquistas.<\/p>\n<p>Lo anterior, dando prioridad a la defensa de los derechos y conquistas laborales de los trabajadores del Movimiento Democr\u00e1tico de los Trabajadores de la Educaci\u00f3n de Oaxaca (MDTEO), otorgamiento de recursos federales y estatales para la puesta en pr\u00e1ctica del PTEO y la devoluci\u00f3n de las escuelas tomadas por los maestros de la Secci\u00f3n 59 de manera inmediata.<\/p>\n<p>Finalmente, el magisterio afirm\u00f3 que continuar\u00e1n con la jornada de lucha nacional de manera representativa con la participaci\u00f3n del 20% de la membres\u00eda del MDTEO para dar cobertura al plant\u00f3n nacional en defensa de la Educaci\u00f3n P\u00fablica, Laica, Gratuita y por la Defensa del Empleo.<\/p>\n<p>Da click a la siguiente <a href=\"http:\/\/www.seccion22.org.mx\/wp-content\/uploads\/2014\/01\/ACUERDOS-TAREAS-PRONUNCIAMIENTOS-Y-PLAN-DE-ACCIO%CC%81N-EMANADOS-DE-LA-ASAMBLEA-ESTATAL-CELEBRADA-EL-11-DE-ENERO-2014.pdf\" target=\"_blank\">liga de enlace<\/a> para consultar el documento completo sobre los acuerdos, tareas, pronunciamientos y plan de acci\u00f3n emanados de la Asamblea Estatal de la Secci\u00f3n XXII del SNTE, celebrada el d\u00eda s\u00e1bado 11 de enero 2014.<\/p>\n<p>&nbsp;<\/p>\n<p><a href=\"http:\/\/www.eloriente.net\/home\/wp-content\/uploads\/2014\/01\/CNTE.jpg\"><img loading=\"lazy\" decoding=\"async\" class=\"alignnone size-medium wp-image-19496\" title=\"CNTE\" src=\"http:\/\/www.eloriente.net\/home\/wp-content\/uploads\/2014\/01\/CNTE-300x200.jpg\" alt=\"\" width=\"300\" height=\"200\" srcset=\"http:\/\/www.eloriente.net\/home\/wp-content\/uploads\/2014\/01\/CNTE-300x200.jpg 300w, http:\/\/www.eloriente.net\/home\/wp-content\/uploads\/2014\/01\/CNTE-1024x682.jpg 1024w, http:\/\/www.eloriente.net\/home\/wp-content\/uploads\/2014\/01\/CNTE.jpg 1173w\" sizes=\"(max-width: 300px) 100vw, 300px\" \/><\/a><\/p>\n<p>Foto: Rep\u00fablica y globalizaci\u00f3n<\/p>\n<p>&nbsp;<\/p>\n<p><strong>Entradas relacionadas:\u00a0<\/strong><\/p>\n<p><a title=\"Permalink to Desalojan a CNTE del Monumento a la Revoluci\u00f3n\" href=\"http:\/\/www.eloriente.net\/home\/2014\/01\/06\/desalojan-a-cnte-del-monumento-a-la-revolucion\/\" rel=\"bookmark\">Desalojan a CNTE del Monumento a la Revoluci\u00f3n<\/a><\/p>\n<p><a href=\"http:\/\/www.eloriente.net\/home\/2014\/01\/06\/desalojan-a-cnte-del-monumento-a-la-revolucion\/\" rel=\"bookmark\"><img decoding=\"async\" title=\"Desalojan a CNTE del Monumento a la Revoluci\u00f3n\" src=\"http:\/\/www.eloriente.net\/home\/wp-content\/themes\/city-desk\/timthumb.php?src=http%3A%2F%2Fwww.eloriente.net%2Fhome%2Fwp-content%2Fuploads%2F2014%2F01%2F0900.jpg&amp;q=90&amp;w=160&amp;h=106&amp;zc=1\" alt=\"Desalojan a CNTE del Monumento a la Revoluci\u00f3n\" \/><\/a><\/p>\n<p>eloriente.net Actualizaci\u00f3n: 6 de enero de 2014. 13:20 horas. Foto: Monumento a la Revoluci\u00f3n. Web Cams de M\u00e9xico: 06\/01\/2014 09:00:05 h. \u00a0 13:20 horas:\u00a0Secci\u00f3n XXII convoca a mitin pol\u00edtico El Comit\u00e9 Ejecutivo de la Secci\u00f3n XXII del Sindicato Nacional de Trabajadores de la Educaci\u00f3n convoca al\u00a0pleno, organismos auxiliares, personal de apoyo y \u00a0comisionados a participar [&#8230;]<\/p>\n<p>January 6, 2014<\/p>\n<div id=\"post-19003\">\n<p><a title=\"Permalink to Tr\u00e1gicos sucesos por violencia pol\u00edtica en Oaxaca\" href=\"http:\/\/www.eloriente.net\/home\/2013\/12\/28\/tragicos-sucesos-por-violencia-politica-en-oaxaca\/\" rel=\"bookmark\">Tr\u00e1gicos sucesos por violencia pol\u00edtica en Oaxaca<\/a><\/p>\n<p><a href=\"http:\/\/www.eloriente.net\/home\/2013\/12\/28\/tragicos-sucesos-por-violencia-politica-en-oaxaca\/\" rel=\"bookmark\"><img decoding=\"async\" title=\"Tr\u00e1gicos sucesos por violencia pol\u00edtica en Oaxaca\" src=\"http:\/\/www.eloriente.net\/home\/wp-content\/themes\/city-desk\/timthumb.php?src=http%3A%2F%2Fwww.eloriente.net%2Fhome%2Fwp-content%2Fuploads%2F2013%2F12%2Fbandera_blanca.jpg&amp;q=90&amp;w=160&amp;h=106&amp;zc=1\" alt=\"Tr\u00e1gicos sucesos por violencia pol\u00edtica en Oaxaca\" \/><\/a><\/p>\n<p>eloriente.net 27 de diciembre de 2013 En el transcurso del a\u00f1o 2013 se suscit\u00f3 una ola de violencia en Oaxaca debido a disputas pol\u00edticas, desafortunadamente los hechos se recrudecieron en los \u00faltimos meses. En esta ocasi\u00f3n presentamos una remembranza de los hechos que lamentamos y condenamos. Convocamos a la prudencia y a redoblar los mecanismos [&#8230;]<\/p>\n<p>December 28, 2013<\/p>\n<p><a title=\"Permalink to Secci\u00f3n 22 vs. 59: el remedio no est\u00e1 en la disputa\" href=\"http:\/\/www.eloriente.net\/home\/2013\/11\/29\/seccion-22-vs-59-el-remedio-no-esta-en-la-disputa\/\" rel=\"bookmark\">Secci\u00f3n 22 vs. 59: el remedio no est\u00e1 en la disputa<\/a><\/p>\n<p><a href=\"http:\/\/www.eloriente.net\/home\/2013\/11\/29\/seccion-22-vs-59-el-remedio-no-esta-en-la-disputa\/\" rel=\"bookmark\"><img decoding=\"async\" title=\"Secci\u00f3n 22 vs. 59: el remedio no est\u00e1 en la disputa\" src=\"http:\/\/www.eloriente.net\/home\/wp-content\/themes\/city-desk\/timthumb.php?src=http%3A%2F%2Fwww.eloriente.net%2Fhome%2Fwp-content%2Fuploads%2F2013%2F11%2FCNTE-Atribucio%CC%81n-Algunos-derechos-reservados-por-Eneas-.jpg&amp;q=90&amp;w=160&amp;h=106&amp;zc=1\" alt=\"Secci\u00f3n 22 vs. 59: el remedio no est\u00e1 en la disputa\" \/><\/a><\/p>\n<p>eloriente.net 29 de noviembre de 2013 Por: Adri\u00e1n Ortiz Romero + El problema no se arregla arrebatando escuelas + Secci\u00f3n 22 vs 59: el remedio no est\u00e1 en la disputa Ayer la Secci\u00f3n 22 del SNTE intent\u00f3 la recuperaci\u00f3n violenta de dos instalaciones educativas m\u00e1s, dejando en claro a todos \u2014a todos\u2014 que para ellos [&#8230;]<\/p>\n<p>November 29, 2013<\/p>\n<\/div>\n\n\t\t\t  <div \n\t\t\t  \tclass = \"fb-comments\" \n\t\t\t  \tdata-href = \"http:\/\/www.eloriente.net\/home\/2014\/01\/13\/snte-exige-al-gobierno-estatal-tomar-postura-frente-a-la-reforma-educativa\/\"\n\t\t\t  \tdata-numposts = \"10\"\n\t\t\t\tdata-colorscheme = \"dark\"\n\t\t\t\tdata-order-by = \"social\"\n\t\t\t\tdata-mobile=true>\n\t\t\t  <\/div>\n\t\t  <style>\n\t\t\t.fb_iframe_widget_fluid_desktop iframe {\n\t\t\t    width: 100% !important;\n\t\t\t}\n\t\t  <\/style>\n\t\t  ","protected":false},"excerpt":{"rendered":"<p>eloriente.net 13 de enero de 2014 La Secci\u00f3n XXII del Sindicato Nacional de Trabajadores de la Educaci\u00f3n (SNTE) exigi\u00f3 al Gobernador del Estado y a los Diputados del Congreso Local fijar posici\u00f3n pol\u00edtica y declarar que en Oaxaca no existen las condiciones para aplicar la Reforma Educativa. Ante el pleno de la Asamblea Estatal de [&hellip;]<\/p>\n","protected":false},"author":26,"featured_media":19496,"comment_status":"open","ping_status":"open","sticky":false,"template":"","format":"standard","meta":{"_jetpack_memberships_contains_paid_content":false,"footnotes":""},"categories":[18,32,10,23,21],"tags":[],"class_list":["post-19495","post","type-post","status-publish","format-standard","has-post-thumbnail","hentry","category-educacion-y-cultura","category-entradas","category-lo-mas-reciente","category-municipios","category-politica-y-gobierno"],"jetpack_featured_media_url":"http:\/\/www.eloriente.net\/home\/wp-content\/uploads\/2014\/01\/CNTE.jpg","jetpack_sharing_enabled":true,"_links":{"self":[{"href":"http:\/\/www.eloriente.net\/home\/wp-json\/wp\/v2\/posts\/19495"}],"collection":[{"href":"http:\/\/www.eloriente.net\/home\/wp-json\/wp\/v2\/posts"}],"about":[{"href":"http:\/\/www.eloriente.net\/home\/wp-json\/wp\/v2\/types\/post"}],"author":[{"embeddable":true,"href":"http:\/\/www.eloriente.net\/home\/wp-json\/wp\/v2\/users\/26"}],"replies":[{"embeddable":true,"href":"http:\/\/www.eloriente.net\/home\/wp-json\/wp\/v2\/comments?post=19495"}],"version-history":[{"count":4,"href":"http:\/\/www.eloriente.net\/home\/wp-json\/wp\/v2\/posts\/19495\/revisions"}],"predecessor-version":[{"id":19500,"href":"http:\/\/www.eloriente.net\/home\/wp-json\/wp\/v2\/posts\/19495\/revisions\/19500"}],"wp:featuredmedia":[{"embeddable":true,"href":"http:\/\/www.eloriente.net\/home\/wp-json\/wp\/v2\/media\/19496"}],"wp:attachment":[{"href":"http:\/\/www.eloriente.net\/home\/wp-json\/wp\/v2\/media?parent=19495"}],"wp:term":[{"taxonomy":"category","embeddable":true,"href":"http:\/\/www.eloriente.net\/home\/wp-json\/wp\/v2\/categories?post=19495"},{"taxonomy":"post_tag","embeddable":true,"href":"http:\/\/www.eloriente.net\/home\/wp-json\/wp\/v2\/tags?post=19495"}],"curies":[{"name":"wp","href":"https:\/\/api.w.org\/{rel}","templated":true}]}}