{"id":19680,"date":"2014-01-16T18:54:29","date_gmt":"2014-01-17T00:54:29","guid":{"rendered":"http:\/\/www.eloriente.net\/home\/?p=19680"},"modified":"2018-09-13T09:54:26","modified_gmt":"2018-09-13T15:54:26","slug":"tu-cuerpo-era-el-unico-pais-en-que-me-derrotaban-2","status":"publish","type":"post","link":"http:\/\/www.eloriente.net\/home\/2014\/01\/16\/tu-cuerpo-era-el-unico-pais-en-que-me-derrotaban-2\/","title":{"rendered":"Tu cuerpo era el \u00fanico pa\u00eds en que me derrotaban"},"content":{"rendered":"<p><script src=\"\/\/pagead2.googlesyndication.com\/pagead\/js\/adsbygoogle.js\" async=\"\"><\/script><!-- BANNER ELORIENTE INCRUSTADO NOTAS --> <ins class=\"adsbygoogle\" style=\"display: inline-block; width: 300px; height: 250px;\" data-ad-client=\"ca-pub-1136171134853753\" data-ad-slot=\"7974633627\"><\/ins><script>\/\/ <![CDATA[\n(adsbygoogle = window.adsbygoogle || []).push({});\n\/\/ ]]><\/script><br \/>\n&nbsp;<\/p>\n<p>eloriente.net<\/p>\n<p>17 de diciembre de 2013<\/p>\n<p style=\"text-align: right;\">Por:\u00a0<a href=\"http:\/\/www.eloriente.net\/home\/author\/juan\/\" target=\"_blank\" rel=\"noopener\">Juan Pablo Vasconcelos<\/a><\/p>\n<p><strong>Tu cuerpo era el \u00fanico pa\u00eds en que me derrotaban<\/strong><\/p>\n<p>La muerte de Juan Gelman me hizo sentir una tristeza inesperada. Enterarme del suceso, no me cay\u00f3 como un balde de agua fr\u00eda, sino fue como ir vaciando agua tibia despacio sobre el pecho.<\/p>\n<p>Perdurable, espaciado calor triste el ocasionado por la muerte de un hombre al cual salud\u00e9 solo una vez en persona, all\u00e1 por el a\u00f1o 2000, pero que forma parte de los seres que, al recordarlos, uno relaciona e identifica con ese cada vez m\u00e1s raro atributo que llamamos Dignidad.<\/p>\n<p>Quiz\u00e1 por esta triangulaci\u00f3n de sentidos, me di cuenta que a Gelman no se le puede extra\u00f1ar desbordadamente, sino m\u00e1s bien con calidez y templanza. De hecho, sus poemas, pese a abordar tem\u00e1ticas tan extremas como el exilio y la p\u00e9rdida, est\u00e1n escritos siempre desde la m\u00e1s aut\u00e9ntica humanidad: se respira sinceridad en esos versos, libres de pose, maquinarias eruditas, superficialidades.<\/p>\n<p>A Gelman se le ha de extra\u00f1ar por eso, porque era presencia que pon\u00eda en su lugar a los correctores de estilo y a los exquisitos. Se atrev\u00eda a intercalar la palabra \u2018purga\u2019 con Dios, y la palabra \u2018mujer\u2019 con \u2018querendona\u2019. \u00c9l supo (lo sigue sabiendo donde se encuentre), que solamente es digno quien reconoce entera y sin prejuicios su propia humanidad. El dolor agudo y el \u00e1nimo celebratorio, el tormento y el gozo, la pasi\u00f3n y la mesura.<\/p>\n<p>Aunque por otro lado, es posible que no haya surgido por ninguna de estas razones aquella tristeza espont\u00e1nea.<\/p>\n<p>Tambi\u00e9n pudo ser porque se a\u00f1ora tanto la Humildad en nuestros tiempos, que haber perdido a un Humilde como Juan, nos convierte en autom\u00e1tico en sus disc\u00edpulos: su p\u00e9rdida nos ubica en la peque\u00f1ez que somos, a\u00fan cuando pasamos la vida creyendo lo contrario, peleando por lo contrario.<\/p>\n<p>Pero, \u00bfqui\u00e9n puede saberlo? \u00bfqui\u00e9n lo sabe todo?<\/p>\n<p><em>*El verso de Gelman citado en el t\u00edtulo, lo recupera el poeta Evodio Escalante en un texto entra\u00f1able que introduce una antolog\u00eda de Juan Gelman (\u201cEn el hoy y ma\u00f1ana y ayer\u201d) editada por nuestra UNAM.<\/em><\/p>\n<p><em>**Juan Pablo Vasconcelos es Magister en Gesti\u00f3n Cultural por el Instituto Jos\u00e9 Ortega y Gaset.<\/em><\/p>\n<p><em>***Para ver m\u00e1s de estos temas, visita\u00a0<a href=\"http:\/\/www.eloriente.net\">www.eloriente.net<\/a>\u00a0o escribe a direcciongeneral@eloriente.net<\/em><\/p>\n<p>&nbsp;<\/p>\n<p><a href=\"http:\/\/www.eloriente.net\/home\/wp-content\/uploads\/2014\/01\/juan-gelman-3final.jpg\"><img loading=\"lazy\" decoding=\"async\" class=\"alignnone size-medium wp-image-19681\" src=\"http:\/\/www.eloriente.net\/home\/wp-content\/uploads\/2014\/01\/juan-gelman-3final-300x200.jpg\" alt=\"\" width=\"300\" height=\"200\" srcset=\"http:\/\/www.eloriente.net\/home\/wp-content\/uploads\/2014\/01\/juan-gelman-3final-300x200.jpg 300w, http:\/\/www.eloriente.net\/home\/wp-content\/uploads\/2014\/01\/juan-gelman-3final.jpg 945w\" sizes=\"(max-width: 300px) 100vw, 300px\" \/><\/a><\/p>\n<p>Foto: Jos\u00e9 Ram\u00f3n Vega<\/p>\n<p>&nbsp;<\/p>\n<p><strong>Entradas relacionadas:<\/strong><\/p>\n<p><a title=\"Permalink to \u00bfD\u00f3nde estuvimos cuando todo pas\u00f3?\" href=\"http:\/\/www.eloriente.net\/home\/2013\/12\/06\/donde-estuvimos-cuando-todo-paso\/\" rel=\"bookmark\">\u00bfD\u00f3nde estuvimos cuando todo pas\u00f3?<\/a><\/p>\n<p><a href=\"http:\/\/www.eloriente.net\/home\/2013\/12\/06\/donde-estuvimos-cuando-todo-paso\/\" rel=\"bookmark\"><img decoding=\"async\" src=\"http:\/\/www.eloriente.net\/home\/wp-content\/themes\/city-desk\/timthumb.php?src=http%3A%2F%2Fwww.eloriente.net%2Fhome%2Fwp-content%2Fuploads%2F2013%2F12%2FRevolucion.jpg&amp;q=90&amp;w=160&amp;h=106&amp;zc=1\" alt=\"\u00bfD\u00f3nde estuvimos cuando todo pas\u00f3?\" \/><\/a><\/p>\n<p>eloriente.net 6 de diciembre de 2013 Por: Juan Pablo Vasconcelos \u00bfD\u00f3nde estuvimos cuando todo pas\u00f3? El instante lleva a drama o a comedia. De pronto, nos percatamos que se han tomado decisiones importantes mientras estuvimos distra\u00eddos, ensimismados en el d\u00eda a d\u00eda que es, a final de cuentas, todo lo que somos capaces de considerar [&#8230;]<\/p>\n<p>December 6, 2013<\/p>\n<p><a title=\"Permalink to A la tragedia del agua, llegamos tarde\" href=\"http:\/\/www.eloriente.net\/home\/2013\/09\/20\/a-la-tragedia-del-agua-llegamos-tarde\/\" rel=\"bookmark\">A la tragedia del agua, llegamos tarde<\/a><\/p>\n<div>\n<p><a href=\"http:\/\/www.eloriente.net\/home\/2013\/09\/20\/a-la-tragedia-del-agua-llegamos-tarde\/\" rel=\"bookmark\"><img decoding=\"async\" src=\"http:\/\/www.eloriente.net\/home\/wp-content\/themes\/city-desk\/timthumb.php?src=http%3A%2F%2Fwww.eloriente.net%2Fhome%2Fwp-content%2Fuploads%2F2013%2F09%2FLluvia-Septiembre-Algunos-derechos-reservados-por-phylevn.jpg&amp;q=90&amp;w=160&amp;h=106&amp;zc=1\" alt=\"A la tragedia del agua, llegamos tarde\" \/><\/a>eloriente.net 20 de septiembre de 2013 Por: Juan Pablo Vasconcelos A la memoria de las personas que han fallecido a causa del temporal y de las omisiones nacionales \u2018Llegar a tiempo\u2019 es uno de los grandes desaf\u00edos nacionales, una obsesi\u00f3n cuya derrota es persistente. En M\u00e9xico, s\u00f3lo los muy educados llegan a tiempo a los [&#8230;]<\/p>\n<p>September 20, 2013<\/p>\n<\/div>\n<p><a title=\"Permalink to Fox-Ju\u00e1rez: Respeto al derecho de libre expresi\u00f3n\" href=\"http:\/\/www.eloriente.net\/home\/2013\/07\/25\/fox-juarez-respeto-al-derecho-de-libre-expresion\/\" rel=\"bookmark\">Fox-Ju\u00e1rez: Respeto al derecho de libre expresi\u00f3n<\/a><\/p>\n<div>\n<p><a href=\"http:\/\/www.eloriente.net\/home\/2013\/07\/25\/fox-juarez-respeto-al-derecho-de-libre-expresion\/\" rel=\"bookmark\"><img decoding=\"async\" src=\"http:\/\/www.eloriente.net\/home\/wp-content\/themes\/city-desk\/timthumb.php?src=http%3A%2F%2Fwww.eloriente.net%2Fhome%2Fwp-content%2Fuploads%2F2013%2F07%2FBenito-JuArez-INAFED.jpg&amp;q=90&amp;w=160&amp;h=106&amp;zc=1\" alt=\"Fox-Ju\u00e1rez: Respeto al derecho de libre expresi\u00f3n\" \/><\/a>Por: Juan Pablo Vasconcelos \u00a0 La mejor opini\u00f3n sobre la opini\u00f3n de Fox respecto a su periodo presidencial en relaci\u00f3n con el de Ju\u00e1rez, se la escuch\u00e9 a una joven universitaria: \u201cFox es el hombre m\u00e1s h\u00e1bil que he conocido; se propuso llamar la atenci\u00f3n del pa\u00eds a base de frases, justo como gan\u00f3 en [&#8230;]<\/p>\n<p>July 25, 2013<\/p>\n<\/div>\n\n\t\t\t  <div \n\t\t\t  \tclass = \"fb-comments\" \n\t\t\t  \tdata-href = \"http:\/\/www.eloriente.net\/home\/2014\/01\/16\/tu-cuerpo-era-el-unico-pais-en-que-me-derrotaban-2\/\"\n\t\t\t  \tdata-numposts = \"10\"\n\t\t\t\tdata-colorscheme = \"dark\"\n\t\t\t\tdata-order-by = \"social\"\n\t\t\t\tdata-mobile=true>\n\t\t\t  <\/div>\n\t\t  <style>\n\t\t\t.fb_iframe_widget_fluid_desktop iframe {\n\t\t\t    width: 100% !important;\n\t\t\t}\n\t\t  <\/style>\n\t\t  ","protected":false},"excerpt":{"rendered":"<p>&nbsp; eloriente.net 17 de diciembre de 2013 Por:\u00a0Juan Pablo Vasconcelos Tu cuerpo era el \u00fanico pa\u00eds en que me derrotaban La muerte de Juan Gelman me hizo sentir una tristeza inesperada. Enterarme del suceso, no me cay\u00f3 como un balde de agua fr\u00eda, sino fue como ir vaciando agua tibia despacio sobre el pecho. Perdurable, [&hellip;]<\/p>\n","protected":false},"author":13,"featured_media":19681,"comment_status":"open","ping_status":"open","sticky":false,"template":"","format":"standard","meta":{"_jetpack_memberships_contains_paid_content":false,"footnotes":""},"categories":[11,18,32,54,10],"tags":[],"class_list":["post-19680","post","type-post","status-publish","format-standard","has-post-thumbnail","hentry","category-colaboradores","category-educacion-y-cultura","category-entradas","category-juan-pablo-vasconcelos","category-lo-mas-reciente"],"jetpack_featured_media_url":"http:\/\/www.eloriente.net\/home\/wp-content\/uploads\/2014\/01\/juan-gelman-3final.jpg","jetpack_sharing_enabled":true,"_links":{"self":[{"href":"http:\/\/www.eloriente.net\/home\/wp-json\/wp\/v2\/posts\/19680"}],"collection":[{"href":"http:\/\/www.eloriente.net\/home\/wp-json\/wp\/v2\/posts"}],"about":[{"href":"http:\/\/www.eloriente.net\/home\/wp-json\/wp\/v2\/types\/post"}],"author":[{"embeddable":true,"href":"http:\/\/www.eloriente.net\/home\/wp-json\/wp\/v2\/users\/13"}],"replies":[{"embeddable":true,"href":"http:\/\/www.eloriente.net\/home\/wp-json\/wp\/v2\/comments?post=19680"}],"version-history":[{"count":3,"href":"http:\/\/www.eloriente.net\/home\/wp-json\/wp\/v2\/posts\/19680\/revisions"}],"predecessor-version":[{"id":54443,"href":"http:\/\/www.eloriente.net\/home\/wp-json\/wp\/v2\/posts\/19680\/revisions\/54443"}],"wp:featuredmedia":[{"embeddable":true,"href":"http:\/\/www.eloriente.net\/home\/wp-json\/wp\/v2\/media\/19681"}],"wp:attachment":[{"href":"http:\/\/www.eloriente.net\/home\/wp-json\/wp\/v2\/media?parent=19680"}],"wp:term":[{"taxonomy":"category","embeddable":true,"href":"http:\/\/www.eloriente.net\/home\/wp-json\/wp\/v2\/categories?post=19680"},{"taxonomy":"post_tag","embeddable":true,"href":"http:\/\/www.eloriente.net\/home\/wp-json\/wp\/v2\/tags?post=19680"}],"curies":[{"name":"wp","href":"https:\/\/api.w.org\/{rel}","templated":true}]}}