{"id":19925,"date":"2014-01-22T09:14:29","date_gmt":"2014-01-22T15:14:29","guid":{"rendered":"http:\/\/www.eloriente.net\/home\/?p=19925"},"modified":"2014-01-22T09:15:52","modified_gmt":"2014-01-22T15:15:52","slug":"cruzada-contra-el-hambre-proporciona-alimentacion-a-personas-en-pobreza-extrema","status":"publish","type":"post","link":"http:\/\/www.eloriente.net\/home\/2014\/01\/22\/cruzada-contra-el-hambre-proporciona-alimentacion-a-personas-en-pobreza-extrema\/","title":{"rendered":"Cruzada contra el Hambre proporciona alimentos a personas en pobreza extrema"},"content":{"rendered":"<p>eloriente.net\/<a href=\"http:\/\/www.municipiodeoaxaca.gob.mx\/\" target=\"_blank\">Ayuntamiento de Oaxaca de Ju\u00e1rez<\/a><\/p>\n<p>22 de enero de 2014<\/p>\n<p>En coordinaci\u00f3n con funcionarios de la delegaci\u00f3n federal de SEDESOL, el Ayuntamiento de Oaxaca de Ju\u00e1rez, a trav\u00e9s de la Secretar\u00eda de Desarrollo Humano inici\u00f3 la planeaci\u00f3n para la conformaci\u00f3n de comit\u00e9s comunitarios de la Cruzada Nacional Contra el Hambre.<\/p>\n<p>Al respecto, el Secretario de Desarrollo Humano, Leandro Hern\u00e1ndez Garc\u00eda resalt\u00f3 que la cruzada es una estrategia de inclusi\u00f3n y bienestar social para abatir de manera masiva la pobreza, la desnutrici\u00f3n y la marginaci\u00f3n social en nuestro pa\u00eds.<\/p>\n<p>Para lograr tal prop\u00f3sito, dijo, es necesario conjuntar esfuerzos y recursos de los tres niveles de gobierno, junto con los sectores social y privado, adem\u00e1s de organismos e instituciones internacionales, para proporcionar una alimentaci\u00f3n y nutrici\u00f3n adecuada a las personas en pobreza extrema.<\/p>\n<p>Hern\u00e1ndez Garc\u00eda explic\u00f3 que dichos comit\u00e9s comunitarios, integrados por cinco ciudadanos, tendr\u00e1n como objetivo levantar un diagn\u00f3stico de los servicios b\u00e1sicos con los que cuentan y carecen en barrios, colonias y agencias, como agua potable, drenaje y electrificaci\u00f3n.<\/p>\n<p>Estos diagn\u00f3sticos realizados por las y los beneficiarios de los programas, que conforman los comit\u00e9s, servir\u00e1n para elaborar los planes de trabajo adecuados para satisfacer las necesidades planteadas, a trav\u00e9s de alguno de los programas que comprenden la cruzada.<\/p>\n<p>El funcionario municipal mencion\u00f3 que los comit\u00e9s participar\u00e1n en los proceso de instrumentaci\u00f3n de los trabajos, adem\u00e1s de que supervisar\u00e1n el cumplimiento real de los objetivos y vigilar\u00e1n la transparencia de las acciones implementadas.<\/p>\n<p>Por \u00faltimo, el Secretario de Desarrollo Humano del municipio capitalino agradeci\u00f3 todo el apoyo brindado por \u00a0el Sistema Nacional para la Cruzada Nacional Contra el Hambre (SINHAMBRE) para que inicien los trabajos con los que se beneficiar\u00e1 a miles de personas a trav\u00e9s de las decenas de programas de apoyo social que comprende la cruzada.<\/p>\n<p>&nbsp;<\/p>\n<p><a href=\"http:\/\/www.eloriente.net\/home\/wp-content\/uploads\/2014\/01\/051.jpg\"><img loading=\"lazy\" decoding=\"async\" class=\"alignnone size-medium wp-image-19926\" title=\"051\" src=\"http:\/\/www.eloriente.net\/home\/wp-content\/uploads\/2014\/01\/051-300x200.jpg\" alt=\"\" width=\"300\" height=\"200\" srcset=\"http:\/\/www.eloriente.net\/home\/wp-content\/uploads\/2014\/01\/051-300x200.jpg 300w, http:\/\/www.eloriente.net\/home\/wp-content\/uploads\/2014\/01\/051-1024x685.jpg 1024w, http:\/\/www.eloriente.net\/home\/wp-content\/uploads\/2014\/01\/051.jpg 1936w\" sizes=\"(max-width: 300px) 100vw, 300px\" \/><\/a><\/p>\n<p>Foto: Municipio de Oaxaca de Ju\u00e1rez<\/p>\n<p>&nbsp;<\/p>\n<p><strong>Entradas relacionadas:\u00a0<\/strong><\/p>\n<p><a title=\"Permalink to \u00bfC\u00f3mo votaron los diputados federales de Oaxaca ante Reformas Estructurales?\" href=\"http:\/\/www.eloriente.net\/home\/2014\/01\/21\/como-votaron-los-diputados-federales-de-oaxaca-ante-reformas-estructurales\/\" rel=\"bookmark\">\u00bfC\u00f3mo votaron los diputados federales de Oaxaca ante Reformas Estructurales?<\/a><\/p>\n<p><a href=\"http:\/\/www.eloriente.net\/home\/2014\/01\/21\/como-votaron-los-diputados-federales-de-oaxaca-ante-reformas-estructurales\/\" rel=\"bookmark\"><img decoding=\"async\" title=\"\u00bfC\u00f3mo votaron los diputados federales de Oaxaca ante Reformas Estructurales?\" src=\"http:\/\/www.eloriente.net\/home\/wp-content\/themes\/city-desk\/timthumb.php?src=http%3A%2F%2Fwww.eloriente.net%2Fhome%2Fwp-content%2Fuploads%2F2014%2F01%2Fdiputados-congreso.jpg&amp;q=90&amp;w=160&amp;h=106&amp;zc=1\" alt=\"\u00bfC\u00f3mo votaron los diputados federales de Oaxaca ante Reformas Estructurales?\" \/><\/a><\/p>\n<p>eloriente.net 21 de enero de 2014 Durante el a\u00f10 2013, el Gobierno de la Rep\u00fablica, encabezado por el presidente Enrique Pe\u00f1a Nieto, logr\u00f3 la aprobaci\u00f3n de las Reformas Estructurales en materia de educaci\u00f3n, telecomunicaciones, hacendaria y energ\u00e9tica, a pesar de la fuerte discrepancia entre los miembros de la C\u00e1mara de Diputados y de Senadores. Por [&#8230;]<\/p>\n<p>January 21, 2014<\/p>\n<div id=\"post-19852\">\n<p><a title=\"Permalink to Gobierno ofrece fondo econ\u00f3mico para implementaci\u00f3n de proyectos culturales\" href=\"http:\/\/www.eloriente.net\/home\/2014\/01\/20\/gobierno-ofrece-recursos-economicos-para-implementacion-de-proyectos-culturales\/\" rel=\"bookmark\">Gobierno ofrece fondo econ\u00f3mico para implementaci\u00f3n de proyectos culturales<\/a><\/p>\n<p><a href=\"http:\/\/www.eloriente.net\/home\/2014\/01\/20\/gobierno-ofrece-recursos-economicos-para-implementacion-de-proyectos-culturales\/\" rel=\"bookmark\"><img decoding=\"async\" title=\"Gobierno ofrece fondo econ\u00f3mico para implementaci\u00f3n de proyectos culturales\" src=\"http:\/\/www.eloriente.net\/home\/wp-content\/themes\/city-desk\/timthumb.php?src=http%3A%2F%2Fwww.eloriente.net%2Fhome%2Fwp-content%2Fuploads%2F2014%2F01%2Fcultura.jpg&amp;q=90&amp;w=160&amp;h=106&amp;zc=1\" alt=\"Gobierno ofrece fondo econ\u00f3mico para implementaci\u00f3n de proyectos culturales\" \/><\/a><\/p>\n<p>eloriente.net 20 de enero de 2014 Con la finalidad de\u00a0contribuir a la creaci\u00f3n, desarrollo, difusi\u00f3n,\u00a0fortalecimiento y consecuci\u00f3n de una pol\u00edtica cultural en M\u00e9xico, la Comisi\u00f3n de Cultura y Cinematograf\u00eda de la C\u00e1mara de Diputados, en coordinaci\u00f3n con la Secretar\u00eda de Educaci\u00f3n P\u00fablica (SEP) y el Consejo Nacional para la Cultura y las Artes (Conaculta),\u00a0han elaborado [&#8230;]<\/p>\n<p>January 20, 2014<\/p>\n<\/div>\n<div id=\"post-19830\">\n<p><a title=\"Permalink to 60% de mexicanos intuyen aumentos en luz, gas y gasolina por Reforma Energ\u00e9tica\" href=\"http:\/\/www.eloriente.net\/home\/2014\/01\/20\/mexicanos-intuyen-alza-de-precios-en-luz-gas-y-gasolina-por-reforma-energetica\/\" rel=\"bookmark\">60% de mexicanos intuyen aumentos en luz, gas y gasolina por Reforma Energ\u00e9tica<\/a><\/p>\n<p><a href=\"http:\/\/www.eloriente.net\/home\/2014\/01\/20\/mexicanos-intuyen-alza-de-precios-en-luz-gas-y-gasolina-por-reforma-energetica\/\" rel=\"bookmark\"><img decoding=\"async\" title=\"60% de mexicanos intuyen aumentos en luz, gas y gasolina por Reforma Energ\u00e9tica\" src=\"http:\/\/www.eloriente.net\/home\/wp-content\/themes\/city-desk\/timthumb.php?src=http%3A%2F%2Fwww.eloriente.net%2Fhome%2Fwp-content%2Fuploads%2F2014%2F01%2FPEMEX.jpg&amp;q=90&amp;w=160&amp;h=106&amp;zc=1\" alt=\"60% de mexicanos intuyen aumentos en luz, gas y gasolina por Reforma Energ\u00e9tica\" \/><\/a><\/p>\n<p>eloriente.net 20 de enero de 2014 Recientemente, la agencia de investigaci\u00f3n Parametr\u00eda dio a conocer los resultados de la aplicaci\u00f3n de su encuesta de opini\u00f3n p\u00fablica \u201cEl impacto de la comunicaci\u00f3n pol\u00edtica en la reforma energ\u00e9tica\u201d, la cual eval\u00faa la actual percepci\u00f3n de la poblaci\u00f3n mexicana sobre las empresas paraestatales Petr\u00f3leos Mexicanos (PEMEX) y Comisi\u00f3n [&#8230;]<\/p>\n<p>January 20, 2014<\/p>\n<\/div>\n\n\t\t\t  <div \n\t\t\t  \tclass = \"fb-comments\" \n\t\t\t  \tdata-href = \"http:\/\/www.eloriente.net\/home\/2014\/01\/22\/cruzada-contra-el-hambre-proporciona-alimentacion-a-personas-en-pobreza-extrema\/\"\n\t\t\t  \tdata-numposts = \"10\"\n\t\t\t\tdata-colorscheme = \"dark\"\n\t\t\t\tdata-order-by = \"social\"\n\t\t\t\tdata-mobile=true>\n\t\t\t  <\/div>\n\t\t  <style>\n\t\t\t.fb_iframe_widget_fluid_desktop iframe {\n\t\t\t    width: 100% !important;\n\t\t\t}\n\t\t  <\/style>\n\t\t  ","protected":false},"excerpt":{"rendered":"<p>eloriente.net\/Ayuntamiento de Oaxaca de Ju\u00e1rez 22 de enero de 2014 En coordinaci\u00f3n con funcionarios de la delegaci\u00f3n federal de SEDESOL, el Ayuntamiento de Oaxaca de Ju\u00e1rez, a trav\u00e9s de la Secretar\u00eda de Desarrollo Humano inici\u00f3 la planeaci\u00f3n para la conformaci\u00f3n de comit\u00e9s comunitarios de la Cruzada Nacional Contra el Hambre. Al respecto, el Secretario de [&hellip;]<\/p>\n","protected":false},"author":26,"featured_media":19926,"comment_status":"open","ping_status":"open","sticky":false,"template":"","format":"standard","meta":{"_jetpack_memberships_contains_paid_content":false,"footnotes":""},"categories":[18,32,10,23,21,30],"tags":[],"class_list":["post-19925","post","type-post","status-publish","format-standard","has-post-thumbnail","hentry","category-educacion-y-cultura","category-entradas","category-lo-mas-reciente","category-municipios","category-politica-y-gobierno","category-salud"],"jetpack_featured_media_url":"http:\/\/www.eloriente.net\/home\/wp-content\/uploads\/2014\/01\/051.jpg","jetpack_sharing_enabled":true,"_links":{"self":[{"href":"http:\/\/www.eloriente.net\/home\/wp-json\/wp\/v2\/posts\/19925"}],"collection":[{"href":"http:\/\/www.eloriente.net\/home\/wp-json\/wp\/v2\/posts"}],"about":[{"href":"http:\/\/www.eloriente.net\/home\/wp-json\/wp\/v2\/types\/post"}],"author":[{"embeddable":true,"href":"http:\/\/www.eloriente.net\/home\/wp-json\/wp\/v2\/users\/26"}],"replies":[{"embeddable":true,"href":"http:\/\/www.eloriente.net\/home\/wp-json\/wp\/v2\/comments?post=19925"}],"version-history":[{"count":4,"href":"http:\/\/www.eloriente.net\/home\/wp-json\/wp\/v2\/posts\/19925\/revisions"}],"predecessor-version":[{"id":19930,"href":"http:\/\/www.eloriente.net\/home\/wp-json\/wp\/v2\/posts\/19925\/revisions\/19930"}],"wp:featuredmedia":[{"embeddable":true,"href":"http:\/\/www.eloriente.net\/home\/wp-json\/wp\/v2\/media\/19926"}],"wp:attachment":[{"href":"http:\/\/www.eloriente.net\/home\/wp-json\/wp\/v2\/media?parent=19925"}],"wp:term":[{"taxonomy":"category","embeddable":true,"href":"http:\/\/www.eloriente.net\/home\/wp-json\/wp\/v2\/categories?post=19925"},{"taxonomy":"post_tag","embeddable":true,"href":"http:\/\/www.eloriente.net\/home\/wp-json\/wp\/v2\/tags?post=19925"}],"curies":[{"name":"wp","href":"https:\/\/api.w.org\/{rel}","templated":true}]}}