{"id":19958,"date":"2014-01-22T13:17:10","date_gmt":"2014-01-22T19:17:10","guid":{"rendered":"http:\/\/www.eloriente.net\/home\/?p=19958"},"modified":"2014-01-22T15:00:49","modified_gmt":"2014-01-22T21:00:49","slug":"inscribe-tu-material-audiovisual-al-9a-festival-internacional-de-cine-documental","status":"publish","type":"post","link":"http:\/\/www.eloriente.net\/home\/2014\/01\/22\/inscribe-tu-material-audiovisual-al-9a-festival-internacional-de-cine-documental\/","title":{"rendered":"Inscribe tu material audiovisual al 9\u00aa Festival Internacional de Cine Documental"},"content":{"rendered":"<p>eloriente.net<\/p>\n<p>22 de enero de 2014<\/p>\n<p>Del 6 al 16 de noviembre de 2014 se llevar\u00e1 a cabo el 9\u00ba Festival Internacional de Cine Documental de la Ciudad de M\u00e9xico, mejor conocido como DocsDF, por lo que los organizadores del evento invitan a todos aquellos interesados a inscribir sus documentales, largometrajes y cortometrajes, para ser seleccionados a participar en el concurso cinematogr\u00e1fico.<\/p>\n<p>Cada participante podr\u00e1 presentar uno o m\u00e1s documentales en las siguientes categor\u00edas: largometraje internacional, largometraje iberoamericano, largometraje mexicano, documental para televisi\u00f3n, cortometraje internacional y cortometraje mexicano. Dichas producciones deber\u00e1n comprobar haberse realizado entre el 1 de enero de 2013 a la fecha.<\/p>\n<p>Los productos recibidos ser\u00e1n evaluados por un Comit\u00e9 de Selecci\u00f3n integrado por miembros de DocsDF y expertos en el g\u00e9nero documental, quienes aprobar\u00e1n si el proyecto participar\u00e1 en el concurso, bajo los par\u00e1metros de calidad y creatividad fijados por la Direcci\u00f3n del festival.<\/p>\n<p>Las personas seleccionadas ser\u00e1n notificadas de su participaci\u00f3n y deber\u00e1n presentar una copia de su proyecci\u00f3n en diferentes formatos y dimensiones, dos <em>stills <\/em>de la pel\u00edcula, sinopsis y material informativos como p\u00f3steres o carteles.<\/p>\n<p>Durante el evento, se contar\u00e1 con la cr\u00edtica y evaluaci\u00f3n de un jurado calificador compuestos por reconocidas personalidades nacionales e internacionales del medio audiovisual y la cultura, quienes dar\u00e1n el veredicto final del 9\u00ba Festival Internacional de Cine de la Ciudad de M\u00e9xico.<\/p>\n<p>Para inscribirse el interesado deber\u00e1 registrarse por internet en la siguiente <a href=\"http:\/\/www.docsdf.org\/inscripcion-docsdf-2014\/\" target=\"_blank\">ficha electr\u00f3nica<\/a> y posteriormente enviar dos copias de su material audiovisual en DVD a la direcci\u00f3n: Rep\u00fablica de Cuba 43, primer piso, Centro Hist\u00f3rico CP 06010, M\u00e9xico, Distrito Federal; antes del 31 de marzo de 2014.<\/p>\n<p>Para mayor informaci\u00f3n sobre las bases de participaci\u00f3n <a href=\"http:\/\/www.docsdf.org\/convocatoria-docsdf-2014\/\" target=\"_blank\">consulta la convocatoria aqu\u00ed<\/a> o comun\u00edcate al correo programacion@docsdf.org o al tel\u00e9fono (+52 55) 5510 3689.<\/p>\n<p>&nbsp;<\/p>\n<p><iframe loading=\"lazy\" src=\"\/\/www.youtube.com\/embed\/gj6N-QSoiJ8\" frameborder=\"0\" width=\"560\" height=\"315\"><\/iframe><\/p>\n<p>Video:\u00a0<a dir=\"ltr\" href=\"http:\/\/www.youtube.com\/user\/docsdf?feature=watch\" data-sessionlink=\"ei=0hngUri2KIn28AGb64C4DA&amp;feature=watch\" data-ytid=\"UCYIYByvM8hU3tDo-lBmcByQ\" data-name=\"watch\">DOCSDF Festival<\/a><\/p>\n<p>&nbsp;<\/p>\n<p><a href=\"http:\/\/www.eloriente.net\/home\/wp-content\/uploads\/2014\/01\/timthumb.png\"><img loading=\"lazy\" decoding=\"async\" class=\"alignnone size-medium wp-image-19960\" title=\"timthumb\" src=\"http:\/\/www.eloriente.net\/home\/wp-content\/uploads\/2014\/01\/timthumb-300x138.png\" alt=\"\" width=\"300\" height=\"138\" srcset=\"http:\/\/www.eloriente.net\/home\/wp-content\/uploads\/2014\/01\/timthumb-300x138.png 300w, http:\/\/www.eloriente.net\/home\/wp-content\/uploads\/2014\/01\/timthumb.png 650w\" sizes=\"(max-width: 300px) 100vw, 300px\" \/><\/a><\/p>\n<p>Imagen: DocsDF<\/p>\n<p>&nbsp;<\/p>\n<p><strong>Entradas relacionadas:<\/strong><\/p>\n<p><a title=\"Permalink to Gobierno ofrece fondo econ\u00f3mico para implementaci\u00f3n de proyectos culturales\" href=\"http:\/\/www.eloriente.net\/home\/2014\/01\/20\/gobierno-ofrece-recursos-economicos-para-implementacion-de-proyectos-culturales\/\" rel=\"bookmark\">Gobierno ofrece fondo econ\u00f3mico para implementaci\u00f3n de proyectos culturales<\/a><\/p>\n<p><a href=\"http:\/\/www.eloriente.net\/home\/2014\/01\/20\/gobierno-ofrece-recursos-economicos-para-implementacion-de-proyectos-culturales\/\" rel=\"bookmark\"><img decoding=\"async\" title=\"Gobierno ofrece fondo econ\u00f3mico para implementaci\u00f3n de proyectos culturales\" src=\"http:\/\/www.eloriente.net\/home\/wp-content\/themes\/city-desk\/timthumb.php?src=http%3A%2F%2Fwww.eloriente.net%2Fhome%2Fwp-content%2Fuploads%2F2014%2F01%2Fcultura.jpg&amp;q=90&amp;w=160&amp;h=106&amp;zc=1\" alt=\"Gobierno ofrece fondo econ\u00f3mico para implementaci\u00f3n de proyectos culturales\" \/><\/a><\/p>\n<p>eloriente.net 20 de enero de 2014 Con la finalidad de\u00a0contribuir a la creaci\u00f3n, desarrollo, difusi\u00f3n,\u00a0fortalecimiento y consecuci\u00f3n de una pol\u00edtica cultural en M\u00e9xico, la Comisi\u00f3n de Cultura y Cinematograf\u00eda de la C\u00e1mara de Diputados, en coordinaci\u00f3n con la Secretar\u00eda de Educaci\u00f3n P\u00fablica (SEP) y el Consejo Nacional para la Cultura y las Artes (Conaculta),\u00a0han elaborado [&#8230;]<\/p>\n<p>January 20, 2014<\/p>\n<p><a title=\"Permalink to Fundaci\u00f3n Bogliasco ofrece becas de investigaci\u00f3n art\u00edstica y cultural en Italia\" href=\"http:\/\/www.eloriente.net\/home\/2014\/01\/18\/fundacion-bogliasco-ofrece-becas-de-investigacion-artistica-y-cultural-en-italia\/\" rel=\"bookmark\">Fundaci\u00f3n Bogliasco ofrece becas de investigaci\u00f3n art\u00edstica y cultural en Italia<\/a><\/p>\n<p><a href=\"http:\/\/www.eloriente.net\/home\/2014\/01\/18\/fundacion-bogliasco-ofrece-becas-de-investigacion-artistica-y-cultural-en-italia\/\" rel=\"bookmark\"><img decoding=\"async\" title=\"Fundaci\u00f3n Bogliasco ofrece becas de investigaci\u00f3n art\u00edstica y cultural en Italia\" src=\"http:\/\/www.eloriente.net\/home\/wp-content\/themes\/city-desk\/timthumb.php?src=http%3A%2F%2Fwww.eloriente.net%2Fhome%2Fwp-content%2Fuploads%2F2014%2F01%2Friviera_levante_bogliasco.jpg&amp;q=90&amp;w=160&amp;h=106&amp;zc=1\" alt=\"Fundaci\u00f3n Bogliasco ofrece becas de investigaci\u00f3n art\u00edstica y cultural en Italia\" \/><\/a><\/p>\n<p>eloriente.net 18 de enero de 2014 Recientemente, la Fundaci\u00f3n Bogliasco dio a conocer que se ofrecer\u00e1n 50 becas para realizar proyectos de investigaci\u00f3n art\u00edstica y cultural en Bogliasco, Genova, Italia; podr\u00e1n participar artistas y acad\u00e9micos calificados en trabajo creativo, sin importar su nacionalidad, edad, raza o g\u00e9nero. Los interesados deber\u00e1n demostrar que han obtenido logros [&#8230;]<\/p>\n<p>January 18, 2014<\/p>\n<p><a title=\"Permalink to Ceremonia de Premios \u00d3scar, 2 de marzo; mira tr\u00e1iler de 9 nominadas a mejor pel\u00edcula\" href=\"http:\/\/www.eloriente.net\/home\/2014\/01\/16\/ceremonia-de-premios-oscar\/\" rel=\"bookmark\">Ceremonia de Premios \u00d3scar, 2 de marzo; mira tr\u00e1iler de 9 nominadas a mejor pel\u00edcula<\/a><\/p>\n<p><a href=\"http:\/\/www.eloriente.net\/home\/2014\/01\/16\/ceremonia-de-premios-oscar\/\" rel=\"bookmark\"><img decoding=\"async\" title=\"Ceremonia de Premios \u00d3scar, 2 de marzo; mira tr\u00e1iler de 9 nominadas a mejor pel\u00edcula\" src=\"http:\/\/www.eloriente.net\/home\/wp-content\/themes\/city-desk\/timthumb.php?src=http%3A%2F%2Fwww.eloriente.net%2Fhome%2Fwp-content%2Fuploads%2F2014%2F01%2FOscars-prinicipal.jpg&amp;q=90&amp;w=160&amp;h=106&amp;zc=1\" alt=\"Ceremonia de Premios \u00d3scar, 2 de marzo; mira tr\u00e1iler de 9 nominadas a mejor pel\u00edcula\" \/><\/a><\/p>\n<p>eloriente.net 16 de enero de 2014 Esta ma\u00f1ana la Academia de las Ciencias y las Artes Cinematogr\u00e1ficas (AMPAS, por sus siglas en ingl\u00e9s)\u00a0dio a conocer la lista de nominados para la entrega 86 de los Premios Oscar a lo mejor del cine en 2013, como se hace cada a\u00f1o desde el 16 de mayo de [&#8230;]<\/p>\n<p>January 16, 2014<\/p>\n\n\t\t\t  <div \n\t\t\t  \tclass = \"fb-comments\" \n\t\t\t  \tdata-href = \"http:\/\/www.eloriente.net\/home\/2014\/01\/22\/inscribe-tu-material-audiovisual-al-9a-festival-internacional-de-cine-documental\/\"\n\t\t\t  \tdata-numposts = \"10\"\n\t\t\t\tdata-colorscheme = \"dark\"\n\t\t\t\tdata-order-by = \"social\"\n\t\t\t\tdata-mobile=true>\n\t\t\t  <\/div>\n\t\t  <style>\n\t\t\t.fb_iframe_widget_fluid_desktop iframe {\n\t\t\t    width: 100% !important;\n\t\t\t}\n\t\t  <\/style>\n\t\t  ","protected":false},"excerpt":{"rendered":"<p>eloriente.net 22 de enero de 2014 Del 6 al 16 de noviembre de 2014 se llevar\u00e1 a cabo el 9\u00ba Festival Internacional de Cine Documental de la Ciudad de M\u00e9xico, mejor conocido como DocsDF, por lo que los organizadores del evento invitan a todos aquellos interesados a inscribir sus documentales, largometrajes y cortometrajes, para ser [&hellip;]<\/p>\n","protected":false},"author":26,"featured_media":19960,"comment_status":"open","ping_status":"open","sticky":false,"template":"","format":"standard","meta":{"_jetpack_memberships_contains_paid_content":false,"footnotes":""},"categories":[56,26,32,10,24],"tags":[],"class_list":["post-19958","post","type-post","status-publish","format-standard","has-post-thumbnail","hentry","category-cine","category-convocatorias","category-entradas","category-lo-mas-reciente","category-mexico-y-el-mundo"],"jetpack_featured_media_url":"http:\/\/www.eloriente.net\/home\/wp-content\/uploads\/2014\/01\/timthumb.png","jetpack_sharing_enabled":true,"_links":{"self":[{"href":"http:\/\/www.eloriente.net\/home\/wp-json\/wp\/v2\/posts\/19958"}],"collection":[{"href":"http:\/\/www.eloriente.net\/home\/wp-json\/wp\/v2\/posts"}],"about":[{"href":"http:\/\/www.eloriente.net\/home\/wp-json\/wp\/v2\/types\/post"}],"author":[{"embeddable":true,"href":"http:\/\/www.eloriente.net\/home\/wp-json\/wp\/v2\/users\/26"}],"replies":[{"embeddable":true,"href":"http:\/\/www.eloriente.net\/home\/wp-json\/wp\/v2\/comments?post=19958"}],"version-history":[{"count":5,"href":"http:\/\/www.eloriente.net\/home\/wp-json\/wp\/v2\/posts\/19958\/revisions"}],"predecessor-version":[{"id":19964,"href":"http:\/\/www.eloriente.net\/home\/wp-json\/wp\/v2\/posts\/19958\/revisions\/19964"}],"wp:featuredmedia":[{"embeddable":true,"href":"http:\/\/www.eloriente.net\/home\/wp-json\/wp\/v2\/media\/19960"}],"wp:attachment":[{"href":"http:\/\/www.eloriente.net\/home\/wp-json\/wp\/v2\/media?parent=19958"}],"wp:term":[{"taxonomy":"category","embeddable":true,"href":"http:\/\/www.eloriente.net\/home\/wp-json\/wp\/v2\/categories?post=19958"},{"taxonomy":"post_tag","embeddable":true,"href":"http:\/\/www.eloriente.net\/home\/wp-json\/wp\/v2\/tags?post=19958"}],"curies":[{"name":"wp","href":"https:\/\/api.w.org\/{rel}","templated":true}]}}