{"id":20074,"date":"2014-01-24T11:25:08","date_gmt":"2014-01-24T17:25:08","guid":{"rendered":"http:\/\/www.eloriente.net\/home\/?p=20074"},"modified":"2014-01-24T11:36:48","modified_gmt":"2014-01-24T17:36:48","slug":"la-ejecucion-del-mexicano-edgar-tamayo-en-texas-viola-el-derecho-internacional","status":"publish","type":"post","link":"http:\/\/www.eloriente.net\/home\/2014\/01\/24\/la-ejecucion-del-mexicano-edgar-tamayo-en-texas-viola-el-derecho-internacional\/","title":{"rendered":"La ejecuci\u00f3n del mexicano Edgar Tamayo en Texas viola el derecho internacional: ONU"},"content":{"rendered":"<p>eloriente.net\/<a href=\"http:\/\/www.un.org\/\" target=\"_blank\">ONU<\/a><\/p>\n<p>24 de enero de 2013<\/p>\n<p>La Oficina de la Alta Comisionada de la ONU para los Derechos Humanos lament\u00f3 la ejecuci\u00f3n en Texas del ciudadano mexicano Edgar Tamayo Arias, llevada a cabo el mi\u00e9rcoles, y afirm\u00f3 que se trat\u00f3 de una violaci\u00f3n del derecho internacional.<\/p>\n<p>El portavoz de esa Oficina, Rupert Colville, record\u00f3 que Tamayo Arias fue condenado a la pena capital luego de que le fuera negado un recurso de apelaci\u00f3n de \u00faltimo minuto por la Corte Suprema de Estados Unidos.<\/p>\n<p>Esa Corte deneg\u00f3 el aplazamiento de la ejecuci\u00f3n, a pesar de las solicitudes y presiones diplom\u00e1ticas del gobierno mexicano y el Departamento de Estado de Estados Unidos.<\/p>\n<p>Tamayo Arias hab\u00eda sido sentenciado a muerte por el homicidio de un polic\u00eda en Texas en 1994.<\/p>\n<p>\u201cLa ONU se opone a la pena de muerte como pol\u00edtica, pero adem\u00e1s, este caso coloca a Estados Unidos una vez m\u00e1s en violaci\u00f3n del derecho internacional, ya que no se otorg\u00f3 a Tamayo Arias la atenci\u00f3n consular a la que ten\u00eda derecho como extranjero bajo el Art\u00edculo 36 de la Convenci\u00f3n de Viena sobre Relaciones Consulares\u201d, apunt\u00f3 Colville.<\/p>\n<p>La falta de asistencia consular suscita preocupaciones sobre si se garantiz\u00f3 a Tamayo Arias su derecho a un juicio justo, como se contempla en el Pacto Internacional de Derechos Civiles y Pol\u00edticos, vinculante para Estados Unidos.<\/p>\n<p>Es importante subrayar que en 2004 la Corte Penal Internacional (CPI) emiti\u00f3 una resoluci\u00f3n manifestando que este pa\u00eds deb\u00eda revisar y reconsiderar los casos de 51 ciudadanos mexicanos sentenciados a muerte \u2013 incluyendo el de Tamayo \u2013 porque ninguno hab\u00eda recibido asistencia consular.<\/p>\n<p>La revisi\u00f3n del caso Tamayo no ocurri\u00f3. \u201cLo que el estado de Texas ha hecho en este caso compromete la responsabilidad internacional de Estados Unidos. Estamos muy decepcionados porque ni la Texas Board of Pardons and Paroles ni el gobernador dieron los pasos necesarios para prevenir que esta violaci\u00f3n de las obligaciones de Estados Unidos bajo el derecho internacional ocurriera\u201d, se\u00f1al\u00f3 el portavoz.<\/p>\n<p>A\u00f1adi\u00f3 que esa Oficina tambi\u00e9n lamentaba que, desde la resoluci\u00f3n de la CPI, el Congreso estadounidense haya fallado en aprobar una legislaci\u00f3n que remedie dichas violaciones a la Convenci\u00f3n de Viena.<\/p>\n<p>\u201cUrgimos al Congreso Federal estadounidense a que asuma estas responsabilidades y act\u00fae para remediar la brecha en el derecho estadounidense que este caso ha puesto nuevamente de relieve para prevenir su repetici\u00f3n en el futuro\u201d, subray\u00f3 Colville.<\/p>\n<p>&nbsp;<\/p>\n<p><a href=\"http:\/\/www.eloriente.net\/home\/wp-content\/uploads\/2014\/01\/pena-de-muerte-1812919.jpg\"><img loading=\"lazy\" decoding=\"async\" class=\"alignnone size-medium wp-image-20079\" title=\"pena-de-muerte-1812919\" src=\"http:\/\/www.eloriente.net\/home\/wp-content\/uploads\/2014\/01\/pena-de-muerte-1812919-300x178.jpg\" alt=\"\" width=\"300\" height=\"178\" srcset=\"http:\/\/www.eloriente.net\/home\/wp-content\/uploads\/2014\/01\/pena-de-muerte-1812919-300x178.jpg 300w, http:\/\/www.eloriente.net\/home\/wp-content\/uploads\/2014\/01\/pena-de-muerte-1812919-1024x608.jpg 1024w, http:\/\/www.eloriente.net\/home\/wp-content\/uploads\/2014\/01\/pena-de-muerte-1812919.jpg 1600w\" sizes=\"(max-width: 300px) 100vw, 300px\" \/><\/a><\/p>\n<p>Pena de muerte en Texas.<\/p>\n<p>&nbsp;<\/p>\n<p><strong>Entradas relacionadas:<\/strong><\/p>\n<p><a title=\"Permalink to Aumenta 17% secuestros en M\u00e9xico durante 2013\" href=\"http:\/\/www.eloriente.net\/home\/2014\/01\/24\/aumenta-17-secuestros-en-mexico-durante-2013\/\" rel=\"bookmark\">Aumenta 17% secuestros en M\u00e9xico durante 2013<\/a><\/p>\n<p><a href=\"http:\/\/www.eloriente.net\/home\/2014\/01\/24\/aumenta-17-secuestros-en-mexico-durante-2013\/\" rel=\"bookmark\"><img decoding=\"async\" title=\"Aumenta 17% secuestros en M\u00e9xico durante 2013\" src=\"http:\/\/www.eloriente.net\/home\/wp-content\/themes\/city-desk\/timthumb.php?src=http%3A%2F%2Fwww.eloriente.net%2Fhome%2Fwp-content%2Fuploads%2F2014%2F01%2Fsecuestro-carlos-vinicio.jpg&amp;q=90&amp;w=160&amp;h=106&amp;zc=1\" alt=\"Aumenta 17% secuestros en M\u00e9xico durante 2013\" \/><\/a><\/p>\n<p>eloriente.net 24 de enero de 2014 De acuerdo a cifras preliminares de la \u2018Tasa de Incidencia Delictiva por cada 100 mil habitantes\u2019, presentado por el Secretariado Ejecutivo del Sistema Nacional de Seguridad P\u00fablica, hubo un aumento de 17% en el n\u00famero de casos de secuestros en M\u00e9xico durante 2013, en comparaci\u00f3n al a\u00f1o 2012. En [&#8230;]<\/p>\n<p>January 24, 2014<\/p>\n<p><a title=\"Permalink to Gobierno de M\u00e9xico rechaza ejecuci\u00f3n en Texas del connacional Edgar Tamayo; aqu\u00ed reacciones\" href=\"http:\/\/www.eloriente.net\/home\/2014\/01\/20\/el-gobierno-de-mexico-rechaza-firmemente-la-ejecucion-en-texas-del-connacional-edgar-tamayo\/\" rel=\"bookmark\">Gobierno de M\u00e9xico rechaza ejecuci\u00f3n en Texas del connacional Edgar Tamayo; aqu\u00ed reacciones<\/a><\/p>\n<p><a href=\"http:\/\/www.eloriente.net\/home\/2014\/01\/20\/el-gobierno-de-mexico-rechaza-firmemente-la-ejecucion-en-texas-del-connacional-edgar-tamayo\/\" rel=\"bookmark\"><img decoding=\"async\" title=\"Gobierno de M\u00e9xico rechaza ejecuci\u00f3n en Texas del connacional Edgar Tamayo; aqu\u00ed reacciones\" src=\"http:\/\/www.eloriente.net\/home\/wp-content\/themes\/city-desk\/timthumb.php?src=http%3A%2F%2Fwww.eloriente.net%2Fhome%2Fwp-content%2Fuploads%2F2014%2F01%2FEdgar-2.jpg&amp;q=90&amp;w=160&amp;h=106&amp;zc=1\" alt=\"Gobierno de M\u00e9xico rechaza ejecuci\u00f3n en Texas del connacional Edgar Tamayo; aqu\u00ed reacciones\" \/><\/a><\/p>\n<p>eloriente.net 20 de enero de 2014 Comunicado de prensa:\u00a0SRE En relaci\u00f3n con el caso de nacional mexicano Edgar Tamayo Arias, preso y sentenciado a pena capital en el estado de Texas, Estados Unidos, el gobierno de M\u00e9xico reitera su firme rechazo a la ejecuci\u00f3n del connacional programada para el 22 de enero de 2014. En [&#8230;]<\/p>\n<p>January 20, 2014<\/p>\n<p><a title=\"Permalink to Mu\u00f1ecas con discapacidad\" href=\"http:\/\/www.eloriente.net\/home\/2014\/01\/16\/munecas-con-discapacidad\/\" rel=\"bookmark\">Mu\u00f1ecas con discapacidad<\/a><\/p>\n<p><a href=\"http:\/\/www.eloriente.net\/home\/2014\/01\/16\/munecas-con-discapacidad\/\" rel=\"bookmark\"><img decoding=\"async\" title=\"Mu\u00f1ecas con discapacidad\" src=\"http:\/\/www.eloriente.net\/home\/wp-content\/themes\/city-desk\/timthumb.php?src=http%3A%2F%2Fwww.eloriente.net%2Fhome%2Fwp-content%2Fuploads%2F2014%2F01%2FMu%C3%B1eca-principal-columna.jpg&amp;q=90&amp;w=160&amp;h=106&amp;zc=1\" alt=\"Mu\u00f1ecas con discapacidad\" \/><\/a><\/p>\n<p>eloriente.net 16 de enero de 2014 Por: Alejandra Silva Soriano Hace unos d\u00edas, le\u00ed la historia de una ni\u00f1a que es un gran ejemplo para las personas con discapacidad en el mundo. Su nombre es Melissa Shang, tiene 10 a\u00f1os y padece una enfermedad degenerativa incurable que afecta los nervios y la m\u00e9dula espinal, provoc\u00e1ndole [&#8230;]<\/p>\n<p>January 16, 2014<\/p>\n\n\t\t\t  <div \n\t\t\t  \tclass = \"fb-comments\" \n\t\t\t  \tdata-href = \"http:\/\/www.eloriente.net\/home\/2014\/01\/24\/la-ejecucion-del-mexicano-edgar-tamayo-en-texas-viola-el-derecho-internacional\/\"\n\t\t\t  \tdata-numposts = \"10\"\n\t\t\t\tdata-colorscheme = \"dark\"\n\t\t\t\tdata-order-by = \"social\"\n\t\t\t\tdata-mobile=true>\n\t\t\t  <\/div>\n\t\t  <style>\n\t\t\t.fb_iframe_widget_fluid_desktop iframe {\n\t\t\t    width: 100% !important;\n\t\t\t}\n\t\t  <\/style>\n\t\t  ","protected":false},"excerpt":{"rendered":"<p>eloriente.net\/ONU 24 de enero de 2013 La Oficina de la Alta Comisionada de la ONU para los Derechos Humanos lament\u00f3 la ejecuci\u00f3n en Texas del ciudadano mexicano Edgar Tamayo Arias, llevada a cabo el mi\u00e9rcoles, y afirm\u00f3 que se trat\u00f3 de una violaci\u00f3n del derecho internacional. El portavoz de esa Oficina, Rupert Colville, record\u00f3 que [&hellip;]<\/p>\n","protected":false},"author":26,"featured_media":20079,"comment_status":"open","ping_status":"open","sticky":false,"template":"","format":"standard","meta":{"_jetpack_memberships_contains_paid_content":false,"footnotes":""},"categories":[22,32,10,24],"tags":[102,105,103,106,101,107,104,100],"class_list":["post-20074","post","type-post","status-publish","format-standard","has-post-thumbnail","hentry","category-derechos-humanos","category-entradas","category-lo-mas-reciente","category-mexico-y-el-mundo","tag-derecho","tag-edgar","tag-internacional","tag-mexicano","tag-muerte","tag-pena","tag-tamayo","tag-texas"],"jetpack_featured_media_url":"http:\/\/www.eloriente.net\/home\/wp-content\/uploads\/2014\/01\/pena-de-muerte-1812919.jpg","jetpack_sharing_enabled":true,"_links":{"self":[{"href":"http:\/\/www.eloriente.net\/home\/wp-json\/wp\/v2\/posts\/20074"}],"collection":[{"href":"http:\/\/www.eloriente.net\/home\/wp-json\/wp\/v2\/posts"}],"about":[{"href":"http:\/\/www.eloriente.net\/home\/wp-json\/wp\/v2\/types\/post"}],"author":[{"embeddable":true,"href":"http:\/\/www.eloriente.net\/home\/wp-json\/wp\/v2\/users\/26"}],"replies":[{"embeddable":true,"href":"http:\/\/www.eloriente.net\/home\/wp-json\/wp\/v2\/comments?post=20074"}],"version-history":[{"count":4,"href":"http:\/\/www.eloriente.net\/home\/wp-json\/wp\/v2\/posts\/20074\/revisions"}],"predecessor-version":[{"id":20081,"href":"http:\/\/www.eloriente.net\/home\/wp-json\/wp\/v2\/posts\/20074\/revisions\/20081"}],"wp:featuredmedia":[{"embeddable":true,"href":"http:\/\/www.eloriente.net\/home\/wp-json\/wp\/v2\/media\/20079"}],"wp:attachment":[{"href":"http:\/\/www.eloriente.net\/home\/wp-json\/wp\/v2\/media?parent=20074"}],"wp:term":[{"taxonomy":"category","embeddable":true,"href":"http:\/\/www.eloriente.net\/home\/wp-json\/wp\/v2\/categories?post=20074"},{"taxonomy":"post_tag","embeddable":true,"href":"http:\/\/www.eloriente.net\/home\/wp-json\/wp\/v2\/tags?post=20074"}],"curies":[{"name":"wp","href":"https:\/\/api.w.org\/{rel}","templated":true}]}}