{"id":20126,"date":"2014-01-25T13:18:07","date_gmt":"2014-01-25T19:18:07","guid":{"rendered":"http:\/\/www.eloriente.net\/home\/?p=20126"},"modified":"2014-01-25T13:42:22","modified_gmt":"2014-01-25T19:42:22","slug":"56-2-de-mayores-de-18-anos-en-mexico-es-inactivo-fisicamente","status":"publish","type":"post","link":"http:\/\/www.eloriente.net\/home\/2014\/01\/25\/56-2-de-mayores-de-18-anos-en-mexico-es-inactivo-fisicamente\/","title":{"rendered":"56.2% de mayores de 18 a\u00f1os en M\u00e9xico es inactivo f\u00edsicamente"},"content":{"rendered":"<p>eloriente.net\/<a href=\"http:\/\/www.inegi.org.mx\" target=\"_blank\">INEGI<\/a><\/p>\n<p>25 de enero de 2014<\/p>\n<p>56.2% de personas mayores de 18 a\u00f1os en M\u00e9xico que viven en \u00e1reas urbanas es inactiva f\u00edsicamente, as\u00ed lo dio a conocer los resultados del levantamiento del M\u00f3dulo de Pr\u00e1ctica Deportiva y Ejercicio F\u00edsico (MOPRADEF), con la finalidad de generar informaci\u00f3n estad\u00edstica sobre la participaci\u00f3n de hombres y mujeres en la pr\u00e1ctica de alg\u00fan deporte o ejercicio f\u00edsico en su tiempo libre.<\/p>\n<p>El jueves 23 de enero, en conferencia de prensa, el Presidente de la Junta de Gobierno del Instituto Nacional de Estad\u00edstica y Geograf\u00eda (INEGI), Eduardo Soto Garza Aldape, declar\u00f3 que de ese 56.2% de personas inactivas, corresponden 42% a hombres y 58% mujeres. Por el contrario, el 43.8% de gente activa f\u00edsicamente, 54.4% representa a hombres y 45.6% a mujeres.<\/p>\n<p><a href=\"http:\/\/www.eloriente.net\/home\/wp-content\/uploads\/2014\/01\/activos-inactivos.png\" target=\"_blank\"><img decoding=\"async\" class=\"aligncenter\" style=\"-webkit-user-select: none;\" src=\"http:\/\/www.eloriente.net\/home\/wp-content\/uploads\/2014\/01\/activos-inactivos.png\" alt=\"\" \/><\/a><\/p>\n<p>Las personas que afirmaron ejercitarse a trav\u00e9s de alg\u00fan trabajo f\u00edsico o deportivo, se\u00f1alaron dedicarle un promedio de 3 horas 57 minutos a la semana, principalmente en lugares p\u00fablicos como parques o v\u00edas con 66.4% y en espacios privados como gimnasios, clubes o domicilios particulares con 31.2%.<\/p>\n<p>La pr\u00e1ctica deportiva es m\u00e1s com\u00fan durante la ma\u00f1ana con el 46.6%, seguido durante la tarde con 33.4%, en la noche con 14.4% y el 9.1% no tiene preferencia de horarios.<\/p>\n<p>La encuesta tambi\u00e9n revel\u00f3 que a mayor nivel de estudios, es mayor el porcentaje de poblaci\u00f3n f\u00edsicamente activa. De la poblaci\u00f3n sin educaci\u00f3n b\u00e1sica terminada el 29.3% es activa y el 70.7% inactiva; en el grupo con al menos un grado de educaci\u00f3n superior, el n\u00famero de\u00a0 personas activas aumenta a 57.9% y el de las inactivas se reduce a 42.1%.<\/p>\n<p>El grupo de poblaci\u00f3n inactiva que alguna vez practic\u00f3 alg\u00fan deporte o ejercicio f\u00edsico, mencion\u00f3 que la principal raz\u00f3n de su deserci\u00f3n fue la falta de tiempo, lo que representa el 57.9% de los encuestados.<\/p>\n<p><a href=\"http:\/\/www.eloriente.net\/home\/wp-content\/uploads\/2014\/01\/inactividad.png\" target=\"_blank\"><img decoding=\"async\" class=\"aligncenter\" style=\"-webkit-user-select: none;\" src=\"http:\/\/www.eloriente.net\/home\/wp-content\/uploads\/2014\/01\/inactividad.png\" alt=\"\" \/><\/a><\/p>\n<p>La Organizaci\u00f3n Mundial de la Salud (OMS) se\u00f1ala que la inactividad f\u00edsica es el cuarto factor de riesgo m\u00e1s importante de mortalidad en todo el mundo. El aumento de este mal en muchos pa\u00edses ha influido considerablemente en la prevalencia de cuatro tipos de enfermedades: cardiovasculares, respiratorias cr\u00f3nicas, c\u00e1ncer y diabetes.<\/p>\n<p>Asimismo, la OMS recomienda a las personas mayores de 18 a\u00f1os, un m\u00ednimo de 150 minutos semanales de actividades f\u00edsica moderada o 75 minutos de ejercicio de alto rendimiento para mantener una buena salud.<\/p>\n<p>Dicha informaci\u00f3n estad\u00edstica de este estudio tiene la finalidad de contribuir a la elaboraci\u00f3n de pol\u00edticas p\u00fablicas en la Rep\u00fablica Mexicana orientadas al fomento del deporte y ejercicio f\u00edsico.<\/p>\n<p>&nbsp;<\/p>\n<p><a href=\"http:\/\/www.eloriente.net\/home\/wp-content\/uploads\/2014\/01\/maraton1.jpg\"><img loading=\"lazy\" decoding=\"async\" class=\"alignnone size-medium wp-image-20134\" title=\"maraton\" src=\"http:\/\/www.eloriente.net\/home\/wp-content\/uploads\/2014\/01\/maraton1-300x168.jpg\" alt=\"\" width=\"300\" height=\"168\" srcset=\"http:\/\/www.eloriente.net\/home\/wp-content\/uploads\/2014\/01\/maraton1-300x168.jpg 300w, http:\/\/www.eloriente.net\/home\/wp-content\/uploads\/2014\/01\/maraton1-1024x576.jpg 1024w, http:\/\/www.eloriente.net\/home\/wp-content\/uploads\/2014\/01\/maraton1.jpg 1920w\" sizes=\"(max-width: 300px) 100vw, 300px\" \/><\/a><\/p>\n<p>Foto: Janet Corres<\/p>\n<p>&nbsp;<\/p>\n<p><strong>Entradas relacionadas:<\/strong><\/p>\n<p><a title=\"Permalink to Beber caf\u00e9 previene diabetes y enfermedades hep\u00e1ticas: MNT\" href=\"http:\/\/www.eloriente.net\/home\/2014\/01\/16\/cafe-previene-diabetes-y-enfermedades-hepaticas-mnt\/\" rel=\"bookmark\">Beber caf\u00e9 previene diabetes y enfermedades hep\u00e1ticas: MNT<\/a><\/p>\n<p><a href=\"http:\/\/www.eloriente.net\/home\/2014\/01\/16\/cafe-previene-diabetes-y-enfermedades-hepaticas-mnt\/\" rel=\"bookmark\"><img decoding=\"async\" title=\"Beber caf\u00e9 previene diabetes y enfermedades hep\u00e1ticas: MNT\" src=\"http:\/\/www.eloriente.net\/home\/wp-content\/themes\/city-desk\/timthumb.php?src=http%3A%2F%2Fwww.eloriente.net%2Fhome%2Fwp-content%2Fuploads%2F2014%2F01%2FCaf%C3%A9.jpg&amp;q=90&amp;w=160&amp;h=106&amp;zc=1\" alt=\"Beber caf\u00e9 previene diabetes y enfermedades hep\u00e1ticas: MNT\" \/><\/a><\/p>\n<p>eloriente.net 16 de enero de 2014 Beber caf\u00e9 ayuda a prevenir la diabetes tipo 2 y disminuye el riesgo de tener alguna enfermedad hep\u00e1tica como el c\u00e1ncer de h\u00edgado, as\u00ed lo dio a conocer el portal de contenido cl\u00ednico, Medical News Today (MNT), al asegurar que cada vez m\u00e1s investigaciones comprueban los beneficios a la [&#8230;]<\/p>\n<p>January 16, 2014<\/p>\n<p><a title=\"Permalink to Cajetillas de cigarro tendr\u00e1n nuevos gr\u00e1ficos contra su consumo\" href=\"http:\/\/www.eloriente.net\/home\/2014\/01\/06\/cajetillas-de-cigarro-tendran-nuevos-graficos-contra-su-consumo\/\" rel=\"bookmark\">Cajetillas de cigarro tendr\u00e1n nuevos gr\u00e1ficos contra su consumo<\/a><\/p>\n<p><a href=\"http:\/\/www.eloriente.net\/home\/2014\/01\/06\/cajetillas-de-cigarro-tendran-nuevos-graficos-contra-su-consumo\/\" rel=\"bookmark\"><img decoding=\"async\" title=\"Cajetillas de cigarro tendr\u00e1n nuevos gr\u00e1ficos contra su consumo\" src=\"http:\/\/www.eloriente.net\/home\/wp-content\/themes\/city-desk\/timthumb.php?src=http%3A%2F%2Fwww.eloriente.net%2Fhome%2Fwp-content%2Fuploads%2F2014%2F01%2FCigarros.jpg&amp;q=90&amp;w=160&amp;h=106&amp;zc=1\" alt=\"Cajetillas de cigarro tendr\u00e1n nuevos gr\u00e1ficos contra su consumo\" \/><\/a><\/p>\n<p>eloriente.net 6 de enero de 2014 La\u00ad Secretar\u00eda de Salud dio a conocer la nueva serie de leyendas, im\u00e1genes, pictogramas, mensajes sanitarios e informaci\u00f3n que deber\u00e1 figurar en las cajetillas de cigarro o todo paquete de productos de tabaco a partir del 24 de marzo de 2014, respondiendo a la Ley General para el Control [&#8230;]<\/p>\n<p>January 6, 2014<\/p>\n<p><a title=\"Permalink to Luz de Vida, una esperanza para ni\u00f1os con c\u00e1ncer\" href=\"http:\/\/www.eloriente.net\/home\/2013\/12\/23\/luz-de-vida-una-esperanza-para-ninos-con-cancer\/\" rel=\"bookmark\">Luz de Vida, una esperanza para ni\u00f1os con c\u00e1ncer<\/a><\/p>\n<p><a href=\"http:\/\/www.eloriente.net\/home\/2013\/12\/23\/luz-de-vida-una-esperanza-para-ninos-con-cancer\/\" rel=\"bookmark\"><img decoding=\"async\" title=\"Luz de Vida, una esperanza para ni\u00f1os con c\u00e1ncer\" src=\"http:\/\/www.eloriente.net\/home\/wp-content\/themes\/city-desk\/timthumb.php?src=http%3A%2F%2Fwww.eloriente.net%2Fhome%2Fwp-content%2Fuploads%2F2013%2F12%2FProayuda.jpg&amp;q=90&amp;w=160&amp;h=106&amp;zc=1\" alt=\"Luz de Vida, una esperanza para ni\u00f1os con c\u00e1ncer\" \/><\/a><\/p>\n<p>eloriente.net 23 de diciembre de 2013 Foto: Luz de Vida La organizaci\u00f3n \u2018Luz de Vida\u2019 es un proyecto de ciudadanos, quienes brindan apoyo y esperanza a ni\u00f1os y j\u00f3venes con c\u00e1ncer de escasos recursos y a sus familia, con la finalidad de que juntos logren una mejor calidad de vida y una visi\u00f3n diferente. Luz [&#8230;]<\/p>\n<p>December 23, 2013<\/p>\n<p>&nbsp;<\/p>\n\n\t\t\t  <div \n\t\t\t  \tclass = \"fb-comments\" \n\t\t\t  \tdata-href = \"http:\/\/www.eloriente.net\/home\/2014\/01\/25\/56-2-de-mayores-de-18-anos-en-mexico-es-inactivo-fisicamente\/\"\n\t\t\t  \tdata-numposts = \"10\"\n\t\t\t\tdata-colorscheme = \"dark\"\n\t\t\t\tdata-order-by = \"social\"\n\t\t\t\tdata-mobile=true>\n\t\t\t  <\/div>\n\t\t  <style>\n\t\t\t.fb_iframe_widget_fluid_desktop iframe {\n\t\t\t    width: 100% !important;\n\t\t\t}\n\t\t  <\/style>\n\t\t  ","protected":false},"excerpt":{"rendered":"<p>eloriente.net\/INEGI 25 de enero de 2014 56.2% de personas mayores de 18 a\u00f1os en M\u00e9xico que viven en \u00e1reas urbanas es inactiva f\u00edsicamente, as\u00ed lo dio a conocer los resultados del levantamiento del M\u00f3dulo de Pr\u00e1ctica Deportiva y Ejercicio F\u00edsico (MOPRADEF), con la finalidad de generar informaci\u00f3n estad\u00edstica sobre la participaci\u00f3n de hombres y mujeres [&hellip;]<\/p>\n","protected":false},"author":26,"featured_media":20134,"comment_status":"open","ping_status":"open","sticky":false,"template":"","format":"standard","meta":{"_jetpack_memberships_contains_paid_content":false,"footnotes":""},"categories":[32,35,10,30],"tags":[140,142,143,141,145,146,144],"class_list":["post-20126","post","type-post","status-publish","format-standard","has-post-thumbnail","hentry","category-entradas","category-secciones-oriente","category-lo-mas-reciente","category-salud","tag-deporte","tag-ejercicio","tag-inegi","tag-mexico","tag-politicas-publicas","tag-riesgo","tag-salud-2"],"jetpack_featured_media_url":"http:\/\/www.eloriente.net\/home\/wp-content\/uploads\/2014\/01\/maraton1.jpg","jetpack_sharing_enabled":true,"_links":{"self":[{"href":"http:\/\/www.eloriente.net\/home\/wp-json\/wp\/v2\/posts\/20126"}],"collection":[{"href":"http:\/\/www.eloriente.net\/home\/wp-json\/wp\/v2\/posts"}],"about":[{"href":"http:\/\/www.eloriente.net\/home\/wp-json\/wp\/v2\/types\/post"}],"author":[{"embeddable":true,"href":"http:\/\/www.eloriente.net\/home\/wp-json\/wp\/v2\/users\/26"}],"replies":[{"embeddable":true,"href":"http:\/\/www.eloriente.net\/home\/wp-json\/wp\/v2\/comments?post=20126"}],"version-history":[{"count":6,"href":"http:\/\/www.eloriente.net\/home\/wp-json\/wp\/v2\/posts\/20126\/revisions"}],"predecessor-version":[{"id":20137,"href":"http:\/\/www.eloriente.net\/home\/wp-json\/wp\/v2\/posts\/20126\/revisions\/20137"}],"wp:featuredmedia":[{"embeddable":true,"href":"http:\/\/www.eloriente.net\/home\/wp-json\/wp\/v2\/media\/20134"}],"wp:attachment":[{"href":"http:\/\/www.eloriente.net\/home\/wp-json\/wp\/v2\/media?parent=20126"}],"wp:term":[{"taxonomy":"category","embeddable":true,"href":"http:\/\/www.eloriente.net\/home\/wp-json\/wp\/v2\/categories?post=20126"},{"taxonomy":"post_tag","embeddable":true,"href":"http:\/\/www.eloriente.net\/home\/wp-json\/wp\/v2\/tags?post=20126"}],"curies":[{"name":"wp","href":"https:\/\/api.w.org\/{rel}","templated":true}]}}