{"id":20153,"date":"2014-01-25T15:33:24","date_gmt":"2014-01-25T21:33:24","guid":{"rendered":"http:\/\/www.eloriente.net\/home\/?p=20153"},"modified":"2014-01-25T15:38:57","modified_gmt":"2014-01-25T21:38:57","slug":"buena-vista-social-club-se-despide-de-los-escenarios","status":"publish","type":"post","link":"http:\/\/www.eloriente.net\/home\/2014\/01\/25\/buena-vista-social-club-se-despide-de-los-escenarios\/","title":{"rendered":"Buena Vista Social Club se despide de los escenarios con gira \u00abAdi\u00f3s Tour\u00bb"},"content":{"rendered":"<p>eloriente.net<\/p>\n<p>25 de enero de 2014<\/p>\n<p>La agrupaci\u00f3n musical cubana Buena Vista Social Club anunci\u00f3 recientemente su retiro de los escenarios y del t\u00e9rmino de un periodo de 48 a\u00f1os de trabajo promoviendo la m\u00fasica y el baile de salsa, bolero, guajira y son cubano.<\/p>\n<p>La \u00faltima aparici\u00f3n de Buena Vista Social Club ser\u00e1 en el teatro Karl Marx en La Habana, Cuba, en noviembre de 2015. Previo a \u00e9ste realizar\u00e1n a finales de junio de 2014 una gira art\u00edstica, titulada como \u201cAdi\u00f3s Tour\u201d.<\/p>\n<p>Jes\u00fas \u201cAguaje\u201d Ramos, director del conjunto y responsable del tromb\u00f3n, anunci\u00f3 en conferencia de prensa que los conciertos se extender\u00e1n hasta 2015, compartiendo de su m\u00fasica en las principales plazas de Europa, Am\u00e9rica Latina, \u00c1frica y Estados Unidos.<\/p>\n<p>Tambi\u00e9n, como parte de sus actividades de despedida, realizar\u00e1n la grabaci\u00f3n de una serie de discos con sus principales \u00e9xitos musicales y material in\u00e9dito, el cual no ha sido incluido en alguno de los \u00e1lbumes del conjunto.<\/p>\n<p>De acuerdo con Daniel Florestano, presidente de Montuno Producciones, explic\u00f3 que la desintegraci\u00f3n de Buena Vista Social Club se debe a que cada uno de sus miembros tienen proyectos personales en puerta. Al igual que el guitarrista, Eliades Ochoa, asever\u00f3 que esto no es un adi\u00f3s, es solo un cierre de ciclo. \u201cEl proyecto no se acabar\u00e1 nunca, pues lleg\u00f3 para quedarse, seguiremos llevando la m\u00fasica cubana por el mundo\u201d, puntualiz\u00f3.<\/p>\n<p>&nbsp;<\/p>\n<p><strong>Documental Buena Vista Social Club, de Wim Wenders<\/strong><\/p>\n<p><iframe loading=\"lazy\" src=\"\/\/www.youtube.com\/embed\/dQcUEWalgn0\" frameborder=\"0\" width=\"560\" height=\"315\"><\/iframe><\/p>\n<p>Video:\u00a0<a href=\"http:\/\/www.youtube.com\/user\/MusicaaldiaTV?feature=watch\">\u00a0<\/a><a dir=\"ltr\" href=\"http:\/\/www.youtube.com\/user\/MusicaaldiaTV?feature=watch\" data-sessionlink=\"ei=KyjkUuekJMS4sALc4IHoCg&amp;feature=watch\" data-ytid=\"UC-GvvDZwAsqRorct4Ikzm7Q\" data-name=\"watch\">M\u00fasica al d\u00eda TV<\/a><\/p>\n<p>&nbsp;<\/p>\n<p><strong>Lista de reproducci\u00f3n Buen Vista Social Club<\/strong><\/p>\n<p><iframe loading=\"lazy\" src=\"\/\/www.youtube.com\/embed\/6JEdf7XsV5g?list=PL1DD600D3254C17BE\" frameborder=\"0\" width=\"560\" height=\"315\"><\/iframe><\/p>\n<p>&nbsp;<\/p>\n<p><a href=\"http:\/\/www.eloriente.net\/home\/wp-content\/uploads\/2014\/01\/Orquesta-Buena-Vista-Social-Club_3-\u00a9-Alejandro-Perez.jpg\"><img loading=\"lazy\" decoding=\"async\" class=\"alignnone size-medium wp-image-20154\" title=\"Orquesta Buena Vista Social Club_3 \u00a9 Alejandro Perez\" src=\"http:\/\/www.eloriente.net\/home\/wp-content\/uploads\/2014\/01\/Orquesta-Buena-Vista-Social-Club_3-\u00a9-Alejandro-Perez-300x200.jpg\" alt=\"\" width=\"300\" height=\"200\" srcset=\"http:\/\/www.eloriente.net\/home\/wp-content\/uploads\/2014\/01\/Orquesta-Buena-Vista-Social-Club_3-\u00a9-Alejandro-Perez-300x200.jpg 300w, http:\/\/www.eloriente.net\/home\/wp-content\/uploads\/2014\/01\/Orquesta-Buena-Vista-Social-Club_3-\u00a9-Alejandro-Perez-1024x683.jpg 1024w, http:\/\/www.eloriente.net\/home\/wp-content\/uploads\/2014\/01\/Orquesta-Buena-Vista-Social-Club_3-\u00a9-Alejandro-Perez.jpg 1600w\" sizes=\"(max-width: 300px) 100vw, 300px\" \/><\/a><\/p>\n<p>Foto: <a href=\"http:\/\/www.buenavistasocialclub.com\/\" target=\"_blank\">Buena Vista Social Club<\/a><\/p>\n<p>&nbsp;<\/p>\n<p><strong>Entradas relacionadas:\u00a0<\/strong><\/p>\n<p><a title=\"Permalink to Dios nunca muere en los corazones oaxaque\u00f1os\" href=\"http:\/\/www.eloriente.net\/home\/2014\/01\/17\/dios-nunca-morira-de-los-corazones-oaxaquenos\/\" rel=\"bookmark\">Dios nunca muere en los corazones oaxaque\u00f1os<\/a><\/p>\n<p><a href=\"http:\/\/www.eloriente.net\/home\/2014\/01\/17\/dios-nunca-morira-de-los-corazones-oaxaquenos\/\" rel=\"bookmark\"><img decoding=\"async\" title=\"Dios nunca muere en los corazones oaxaque\u00f1os\" src=\"http:\/\/www.eloriente.net\/home\/wp-content\/themes\/city-desk\/timthumb.php?src=http%3A%2F%2Fwww.eloriente.net%2Fhome%2Fwp-content%2Fuploads%2F2014%2F01%2FMacedonio-Alcala.jpg&amp;q=90&amp;w=160&amp;h=106&amp;zc=1\" alt=\"Dios nunca muere en los corazones oaxaque\u00f1os\" \/><\/a><\/p>\n<p>eloriente.net 17 de enero de 2014 Por: C\u00e9sar Conde para ELORIENTE.NET Momentos dif\u00edciles, depresivos e inestables, aunado a su pasi\u00f3n por la m\u00fasica, llev\u00f3 a Macedonio \u00c1lcala Prieto componer una de las melod\u00edas m\u00e1s representativas de la m\u00fasica y cultura de Oaxaca, \u201cDios nunca muere\u201d. Actualmente, es considerada como el himno del Estado y ha [&#8230;]<\/p>\n<p>January 17, 2014<\/p>\n<p><a title=\"Permalink to Historia detr\u00e1s de la canci\u00f3n: Ordinary Love de U2, por Canal 3\" href=\"http:\/\/www.eloriente.net\/home\/2014\/01\/15\/historia-detras-de-la-cancion-ordinary-love-de-u2-por-canal-3\/\" rel=\"bookmark\">Historia detr\u00e1s de la canci\u00f3n: Ordinary Love de U2, por Canal 3<\/a><\/p>\n<p><a href=\"http:\/\/www.eloriente.net\/home\/2014\/01\/15\/historia-detras-de-la-cancion-ordinary-love-de-u2-por-canal-3\/\" rel=\"bookmark\"><img decoding=\"async\" title=\"Historia detr\u00e1s de la canci\u00f3n: Ordinary Love de U2, por Canal 3\" src=\"http:\/\/www.eloriente.net\/home\/wp-content\/themes\/city-desk\/timthumb.php?src=http%3A%2F%2Fwww.eloriente.net%2Fhome%2Fwp-content%2Fuploads%2F2014%2F01%2FU2.jpg&amp;q=90&amp;w=160&amp;h=106&amp;zc=1\" alt=\"Historia detr\u00e1s de la canci\u00f3n: Ordinary Love de U2, por Canal 3\" \/><\/a><\/p>\n<p>eloriente.net 15 de enero de 2014 Una de las canciones m\u00e1s sonadas en el momento es sin duda \u201cOrdinary Love\u201d, interpretada por la banda de rock irlandesa U2, la cual hace un homenaje al ex presidente fallecido Nelson Mandela. El \u00e9xito musical fue recientemente galardona en los Premios Globos de Oro 2014 como mejor canci\u00f3n [&#8230;]<\/p>\n<p>January 15, 2014<\/p>\n<p><a title=\"Permalink to Nadia Yvonne anuncia noveno \u00e1lbum para 2014\" href=\"http:\/\/www.eloriente.net\/home\/2014\/01\/04\/nadia-yvonne-anuncia-noveno-album-para-2014\/\" rel=\"bookmark\">Nadia Yvonne anuncia noveno \u00e1lbum para 2014<\/a><\/p>\n<p><a href=\"http:\/\/www.eloriente.net\/home\/2014\/01\/04\/nadia-yvonne-anuncia-noveno-album-para-2014\/\" rel=\"bookmark\"><img decoding=\"async\" title=\"Nadia Yvonne anuncia noveno \u00e1lbum para 2014\" src=\"http:\/\/www.eloriente.net\/home\/wp-content\/themes\/city-desk\/timthumb.php?src=http%3A%2F%2Fwww.eloriente.net%2Fhome%2Fwp-content%2Fuploads%2F2014%2F01%2FNadia-Yvonne-Disco.jpg&amp;q=90&amp;w=160&amp;h=106&amp;zc=1\" alt=\"Nadia Yvonne anuncia noveno \u00e1lbum para 2014\" \/><\/a><\/p>\n<p>eloriente.net 4 de enero de 2014 La cantante oaxaque\u00f1a Nadia Yvonne dio a conocer que 2014 ser\u00e1 un a\u00f1o importante en su carrera profesional, ya que planea la grabaci\u00f3n de su noveno \u00e1lbum con Warner Music, la realizaci\u00f3n de una comedia musical y la presentaci\u00f3n de su \u00faltimo disco con m\u00fasicos en vivo; asegura concretar [&#8230;]<\/p>\n<p>January 4, 2014<\/p>\n\n\t\t\t  <div \n\t\t\t  \tclass = \"fb-comments\" \n\t\t\t  \tdata-href = \"http:\/\/www.eloriente.net\/home\/2014\/01\/25\/buena-vista-social-club-se-despide-de-los-escenarios\/\"\n\t\t\t  \tdata-numposts = \"10\"\n\t\t\t\tdata-colorscheme = \"dark\"\n\t\t\t\tdata-order-by = \"social\"\n\t\t\t\tdata-mobile=true>\n\t\t\t  <\/div>\n\t\t  <style>\n\t\t\t.fb_iframe_widget_fluid_desktop iframe {\n\t\t\t    width: 100% !important;\n\t\t\t}\n\t\t  <\/style>\n\t\t  ","protected":false},"excerpt":{"rendered":"<p>eloriente.net 25 de enero de 2014 La agrupaci\u00f3n musical cubana Buena Vista Social Club anunci\u00f3 recientemente su retiro de los escenarios y del t\u00e9rmino de un periodo de 48 a\u00f1os de trabajo promoviendo la m\u00fasica y el baile de salsa, bolero, guajira y son cubano. La \u00faltima aparici\u00f3n de Buena Vista Social Club ser\u00e1 en [&hellip;]<\/p>\n","protected":false},"author":26,"featured_media":20154,"comment_status":"open","ping_status":"open","sticky":false,"template":"","format":"standard","meta":{"_jetpack_memberships_contains_paid_content":false,"footnotes":""},"categories":[5,18,10],"tags":[152,147,148,150,149,151],"class_list":["post-20153","post","type-post","status-publish","format-standard","has-post-thumbnail","hentry","category-canal-3-musica","category-educacion-y-cultura","category-lo-mas-reciente","tag-adios-tour","tag-buena-vista-social-club","tag-cuba","tag-despedida","tag-musica","tag-salsa"],"jetpack_featured_media_url":"http:\/\/www.eloriente.net\/home\/wp-content\/uploads\/2014\/01\/Orquesta-Buena-Vista-Social-Club_3-\u00a9-Alejandro-Perez.jpg","jetpack_sharing_enabled":true,"_links":{"self":[{"href":"http:\/\/www.eloriente.net\/home\/wp-json\/wp\/v2\/posts\/20153"}],"collection":[{"href":"http:\/\/www.eloriente.net\/home\/wp-json\/wp\/v2\/posts"}],"about":[{"href":"http:\/\/www.eloriente.net\/home\/wp-json\/wp\/v2\/types\/post"}],"author":[{"embeddable":true,"href":"http:\/\/www.eloriente.net\/home\/wp-json\/wp\/v2\/users\/26"}],"replies":[{"embeddable":true,"href":"http:\/\/www.eloriente.net\/home\/wp-json\/wp\/v2\/comments?post=20153"}],"version-history":[{"count":5,"href":"http:\/\/www.eloriente.net\/home\/wp-json\/wp\/v2\/posts\/20153\/revisions"}],"predecessor-version":[{"id":20157,"href":"http:\/\/www.eloriente.net\/home\/wp-json\/wp\/v2\/posts\/20153\/revisions\/20157"}],"wp:featuredmedia":[{"embeddable":true,"href":"http:\/\/www.eloriente.net\/home\/wp-json\/wp\/v2\/media\/20154"}],"wp:attachment":[{"href":"http:\/\/www.eloriente.net\/home\/wp-json\/wp\/v2\/media?parent=20153"}],"wp:term":[{"taxonomy":"category","embeddable":true,"href":"http:\/\/www.eloriente.net\/home\/wp-json\/wp\/v2\/categories?post=20153"},{"taxonomy":"post_tag","embeddable":true,"href":"http:\/\/www.eloriente.net\/home\/wp-json\/wp\/v2\/tags?post=20153"}],"curies":[{"name":"wp","href":"https:\/\/api.w.org\/{rel}","templated":true}]}}