{"id":20224,"date":"2014-01-27T18:39:18","date_gmt":"2014-01-28T00:39:18","guid":{"rendered":"http:\/\/www.eloriente.net\/home\/?p=20224"},"modified":"2014-01-28T11:58:21","modified_gmt":"2014-01-28T17:58:21","slug":"aprueban-operacion-de-nueva-red-publica-de-telecomunicaciones-en-oaxaca","status":"publish","type":"post","link":"http:\/\/www.eloriente.net\/home\/2014\/01\/27\/aprueban-operacion-de-nueva-red-publica-de-telecomunicaciones-en-oaxaca\/","title":{"rendered":"Aprueban operaci\u00f3n de nueva red p\u00fablica de telecomunicaciones en Oaxaca"},"content":{"rendered":"<p>eloriente.net<\/p>\n<p>27 de enero de 2014<\/p>\n<p>El Gobierno Federal, a trav\u00e9s de la Secretar\u00eda de Comunicaciones y Transportes, otorg\u00f3 recientemente un t\u00edtulo de concesi\u00f3n a favor de Marco Antonio Rosales Herrera, bajo\u00a0el marco normativo del art\u00edculo 26 de la Ley Federal de Telecomunicaciones.<\/p>\n<p>Dicha aprobaci\u00f3n permite instalar, operar y explotar una red p\u00fablica de telecomunicaciones en\u00a0diversas poblaciones del Estado de Oaxaca,\u00a0para la prestaci\u00f3n del servicio de televisi\u00f3n restringida por el transcurso de 30 a\u00f1os.<\/p>\n<p>El \u00e1rea de cobertura comprende \u00fanicamente los municipios de San Francisco Telixtlahuaca, Villa de Etla, San Pablo Huitzo, Santiago\u00a0Suchilquitongo, Magdalena\u00a0Apasco, Reyes Etla, San Agust\u00edn Etla, Nazareno Etla, San Pablo Etla, Soledad Etla, Guadalupe Etla y San Lorenzo Cacaotepec, todas en el Estado de Oaxaca.<\/p>\n<p>El concesionario iniciar\u00e1 con el uso del servicio\u00a0a trav\u00e9s de la red en los pr\u00f3ximos 180 d\u00edas; y en una primera etapa la distribuci\u00f3n de la se\u00f1al abarcar\u00e1 80 km y la fibra \u00f3ptica 32 km.<\/p>\n<p>&nbsp;<\/p>\n<p><a href=\"http:\/\/www.eloriente.net\/home\/wp-content\/uploads\/2014\/01\/4751_468.jpg\"><img loading=\"lazy\" decoding=\"async\" class=\"alignnone size-medium wp-image-20228\" title=\"4751_468\" src=\"http:\/\/www.eloriente.net\/home\/wp-content\/uploads\/2014\/01\/4751_468-300x225.jpg\" alt=\"\" width=\"300\" height=\"225\" srcset=\"http:\/\/www.eloriente.net\/home\/wp-content\/uploads\/2014\/01\/4751_468-300x225.jpg 300w, http:\/\/www.eloriente.net\/home\/wp-content\/uploads\/2014\/01\/4751_468.jpg 468w\" sizes=\"(max-width: 300px) 100vw, 300px\" \/><\/a><\/p>\n<p>&nbsp;<\/p>\n<p><strong>Entradas relacionadas:<\/strong><\/p>\n<p><a title=\"Permalink to 15\/Ene\/14 En Vivo: Foro \u201cRetos de la Nueva Legislaci\u00f3n Secundaria de Telecomunicaciones\u201d\" href=\"http:\/\/www.eloriente.net\/home\/2014\/01\/15\/15ene14-en-vivo-foro-retos-de-la-nueva-legislacion-secundaria-de-telecomunicaciones\/\" rel=\"bookmark\">15\/Ene\/14 En Vivo: Foro \u201cRetos de la Nueva Legislaci\u00f3n Secundaria de Telecomunicaciones\u201d<\/a><\/p>\n<p><a href=\"http:\/\/www.eloriente.net\/home\/2014\/01\/15\/15ene14-en-vivo-foro-retos-de-la-nueva-legislacion-secundaria-de-telecomunicaciones\/\" rel=\"bookmark\"><img decoding=\"async\" title=\"15\/Ene\/14 En Vivo: Foro \u201cRetos de la Nueva Legislaci\u00f3n Secundaria de Telecomunicaciones\u201d\" src=\"http:\/\/www.eloriente.net\/home\/wp-content\/themes\/city-desk\/timthumb.php?src=http%3A%2F%2Fwww.eloriente.net%2Fhome%2Fwp-content%2Fuploads%2F2014%2F01%2Ftelecomunicaciones.jpg&amp;q=90&amp;w=160&amp;h=106&amp;zc=1\" alt=\"15\/Ene\/14 En Vivo: Foro \u201cRetos de la Nueva Legislaci\u00f3n Secundaria de Telecomunicaciones\u201d\" \/><\/a><\/p>\n<p>eloriente.net\/H. Congreso de la Uni\u00f3n 15 de enero de 2014 ELORIENTE.NET pone a tu disposici\u00f3n la transmisi\u00f3n en vivo del Foro \u201cRetos de la Nueva Legislaci\u00f3n Secundaria de Telecomunicaciones\u201d, evento organizado por las Comisiones de Comunicaciones y de Radio y Televisi\u00f3n de la C\u00e1mara de Diputados. El evento se lleva a cabo en el Palacio [&#8230;]<\/p>\n<p>January 15, 2014<\/p>\n<p><a title=\"Permalink to IFT presenta medici\u00f3n de la calidad del servicio de telefon\u00eda m\u00f3vil en Oaxaca\" href=\"http:\/\/www.eloriente.net\/home\/2013\/12\/23\/ift-presenta-medicion-de-la-calidad-del-servicio-de-telefonia-movil-a-nivel-local\/\" rel=\"bookmark\">IFT presenta medici\u00f3n de la calidad del servicio de telefon\u00eda m\u00f3vil en Oaxaca<\/a><\/p>\n<p><a href=\"http:\/\/www.eloriente.net\/home\/2013\/12\/23\/ift-presenta-medicion-de-la-calidad-del-servicio-de-telefonia-movil-a-nivel-local\/\" rel=\"bookmark\"><img decoding=\"async\" title=\"IFT presenta medici\u00f3n de la calidad del servicio de telefon\u00eda m\u00f3vil en Oaxaca\" src=\"http:\/\/www.eloriente.net\/home\/wp-content\/themes\/city-desk\/timthumb.php?src=http%3A%2F%2Fwww.eloriente.net%2Fhome%2Fwp-content%2Fuploads%2F2013%2F12%2Fusing-smartphone-low.jpg&amp;q=90&amp;w=160&amp;h=106&amp;zc=1\" alt=\"IFT presenta medici\u00f3n de la calidad del servicio de telefon\u00eda m\u00f3vil en Oaxaca\" \/><\/a><\/p>\n<p>eloriente.net 23 de diciembre de 2013 El Instituto Federal de Telecomunicaciones (IFT) a trav\u00e9s de su p\u00e1gina web public\u00f3 recientemente la Medici\u00f3n de la Calidad del Servicio Local M\u00f3vil, en la que se presenta una evaluaci\u00f3n al servicio de telefon\u00eda celular, con el objetivo de que los usuarios cuenten con mejores servicios de telefon\u00eda, SMS [&#8230;]<\/p>\n<p>December 23, 2013<\/p>\n<p><a title=\"Permalink to Enrique Pe\u00f1a Nieto presenta Estrategia Digital Nacional. Descarga aqu\u00ed estrategia \u00edntegra.\" href=\"http:\/\/www.eloriente.net\/home\/2013\/11\/26\/enrique-pena-nieto-presenta-estrategia-digital-nacional-descarga-aqui-estrategia-integra\/\" rel=\"bookmark\">Enrique Pe\u00f1a Nieto presenta Estrategia Digital Nacional. Descarga aqu\u00ed estrategia \u00edntegra.<\/a><\/p>\n<p><a href=\"http:\/\/www.eloriente.net\/home\/2013\/11\/26\/enrique-pena-nieto-presenta-estrategia-digital-nacional-descarga-aqui-estrategia-integra\/\" rel=\"bookmark\"><img decoding=\"async\" title=\"Enrique Pe\u00f1a Nieto presenta Estrategia Digital Nacional. Descarga aqu\u00ed estrategia \u00edntegra.\" src=\"http:\/\/www.eloriente.net\/home\/wp-content\/themes\/city-desk\/timthumb.php?src=http%3A%2F%2Fwww.eloriente.net%2Fhome%2Fwp-content%2Fuploads%2F2013%2F11%2FMEXDigital.png&amp;q=90&amp;w=160&amp;h=106&amp;zc=1\" alt=\"Enrique Pe\u00f1a Nieto presenta Estrategia Digital Nacional. Descarga aqu\u00ed estrategia \u00edntegra.\" \/><\/a><\/p>\n<p>eloriente.net 26 de noviembre de 2013 El presidente de la Rep\u00fablica, Enrique Pe\u00f1a Nieto, present\u00f3 el d\u00eda de ayer la Estrategia Digital Nacional, un proyecto que promueve el acceso y uso de las tecnolog\u00edas de informaci\u00f3n y comunicaci\u00f3n con la finalidad de crear un impacto econ\u00f3mico, social y pol\u00edtico que beneficie a la calidad de [&#8230;]<\/p>\n<p>November 26, 2013<\/p>\n\n\t\t\t  <div \n\t\t\t  \tclass = \"fb-comments\" \n\t\t\t  \tdata-href = \"http:\/\/www.eloriente.net\/home\/2014\/01\/27\/aprueban-operacion-de-nueva-red-publica-de-telecomunicaciones-en-oaxaca\/\"\n\t\t\t  \tdata-numposts = \"10\"\n\t\t\t\tdata-colorscheme = \"dark\"\n\t\t\t\tdata-order-by = \"social\"\n\t\t\t\tdata-mobile=true>\n\t\t\t  <\/div>\n\t\t  <style>\n\t\t\t.fb_iframe_widget_fluid_desktop iframe {\n\t\t\t    width: 100% !important;\n\t\t\t}\n\t\t  <\/style>\n\t\t  ","protected":false},"excerpt":{"rendered":"<p>eloriente.net 27 de enero de 2014 El Gobierno Federal, a trav\u00e9s de la Secretar\u00eda de Comunicaciones y Transportes, otorg\u00f3 recientemente un t\u00edtulo de concesi\u00f3n a favor de Marco Antonio Rosales Herrera, bajo\u00a0el marco normativo del art\u00edculo 26 de la Ley Federal de Telecomunicaciones. Dicha aprobaci\u00f3n permite instalar, operar y explotar una red p\u00fablica de telecomunicaciones [&hellip;]<\/p>\n","protected":false},"author":26,"featured_media":20228,"comment_status":"open","ping_status":"open","sticky":false,"template":"","format":"standard","meta":{"_jetpack_memberships_contains_paid_content":false,"footnotes":""},"categories":[32,10,23,17],"tags":[204,73,200,203,202,199,201],"class_list":["post-20224","post","type-post","status-publish","format-standard","has-post-thumbnail","hentry","category-entradas","category-lo-mas-reciente","category-municipios","category-tecnologia","tag-etla","tag-oaxaca","tag-red","tag-sct","tag-senal","tag-telecomunicaciones","tag-television"],"jetpack_featured_media_url":"http:\/\/www.eloriente.net\/home\/wp-content\/uploads\/2014\/01\/4751_468.jpg","jetpack_sharing_enabled":true,"_links":{"self":[{"href":"http:\/\/www.eloriente.net\/home\/wp-json\/wp\/v2\/posts\/20224"}],"collection":[{"href":"http:\/\/www.eloriente.net\/home\/wp-json\/wp\/v2\/posts"}],"about":[{"href":"http:\/\/www.eloriente.net\/home\/wp-json\/wp\/v2\/types\/post"}],"author":[{"embeddable":true,"href":"http:\/\/www.eloriente.net\/home\/wp-json\/wp\/v2\/users\/26"}],"replies":[{"embeddable":true,"href":"http:\/\/www.eloriente.net\/home\/wp-json\/wp\/v2\/comments?post=20224"}],"version-history":[{"count":8,"href":"http:\/\/www.eloriente.net\/home\/wp-json\/wp\/v2\/posts\/20224\/revisions"}],"predecessor-version":[{"id":20249,"href":"http:\/\/www.eloriente.net\/home\/wp-json\/wp\/v2\/posts\/20224\/revisions\/20249"}],"wp:featuredmedia":[{"embeddable":true,"href":"http:\/\/www.eloriente.net\/home\/wp-json\/wp\/v2\/media\/20228"}],"wp:attachment":[{"href":"http:\/\/www.eloriente.net\/home\/wp-json\/wp\/v2\/media?parent=20224"}],"wp:term":[{"taxonomy":"category","embeddable":true,"href":"http:\/\/www.eloriente.net\/home\/wp-json\/wp\/v2\/categories?post=20224"},{"taxonomy":"post_tag","embeddable":true,"href":"http:\/\/www.eloriente.net\/home\/wp-json\/wp\/v2\/tags?post=20224"}],"curies":[{"name":"wp","href":"https:\/\/api.w.org\/{rel}","templated":true}]}}