{"id":20340,"date":"2014-01-31T10:25:24","date_gmt":"2014-01-31T16:25:24","guid":{"rendered":"http:\/\/www.eloriente.net\/home\/?p=20340"},"modified":"2014-01-31T10:25:24","modified_gmt":"2014-01-31T16:25:24","slug":"mesa-directiva-provisional-nombra-oficial-mayor-tesorero-y-contralor-en-legislatura-de-oaxaca","status":"publish","type":"post","link":"http:\/\/www.eloriente.net\/home\/2014\/01\/31\/mesa-directiva-provisional-nombra-oficial-mayor-tesorero-y-contralor-en-legislatura-de-oaxaca\/","title":{"rendered":"Mesa Directiva provisional nombra Oficial Mayor, Tesorero y Contralor en Legislatura de Oaxaca"},"content":{"rendered":"<p>eloriente.net\/Congreso de Oaxaca<\/p>\n<p>31 de enero de 2014<\/p>\n<p><strong><em>+ Rafael Mendoza Kaplan es designado Coordinador de Asesores de la Junta de Coordinaci\u00f3n Pol\u00edtica por el diputado presidente del \u00f3rgano legislativo, Alejandro Avil\u00e9s \u00c1lvarez<\/em><\/strong><\/p>\n<p><strong>SAN RAYMUNDO Jalpan, Oaxaca, enero 30. (Comunicado)- <\/strong>La LXII Legislatura del Estado, en sesi\u00f3n ordinaria efectuada la noche de este jueves, design\u00f3 por mayor\u00eda de votos a Juan Enrique Lira V\u00e1squez como Oficial Mayor, y ratific\u00f3 en sus cargos a Ram\u00f3n Arturo Arag\u00f3n Daza, como Tesorero, y a V\u00edctor Manuel Cisneros Gonz\u00e1lez, como Contralor del Congreso del Estado.<\/p>\n<p>Al t\u00e9rmino de la sesi\u00f3n, el presidente de la Junta de Coordinaci\u00f3n Pol\u00edtica del Congreso del Estado, Alejandro Avil\u00e9s \u00c1lvarez, de acuerdo con la fracci\u00f3n XI del Art\u00edculo 40 y fracci\u00f3n V del Art\u00edculo 40 Bis de la Ley Org\u00e1nica del Poder Legislativo, tom\u00f3 la protesta de ley a Rafael Mendoza Kaplan como coordinador de asesores de la Junta de Coordinaci\u00f3n Pol\u00edtica (JCP).<\/p>\n<p>Sobre estas designaciones, el legislador Avil\u00e9s \u00c1lvarez se\u00f1al\u00f3 que se dieron con irrestricto apego a la ley, pues hubo mayor\u00eda de votos (22 de 42 legisladores) de la fracci\u00f3n parlamentaria del PRI, as\u00ed como de los partidos Verde Ecologista de M\u00e9xico (PVEM), Unidad Popular PUP, Socialdem\u00f3crata (PSD), Nueva Alianza (Panal) y Movimiento Ciudadano (MC).<\/p>\n<p>Durante la lectura del orden del d\u00eda de la sesi\u00f3n &#8211;que inici\u00f3 a las 22:17 horas tras establecerse el qu\u00f3rum legal y concluy\u00f3 a las 11:52 horas&#8211;, el diputado Ericel G\u00f3mez Nucamendi, del MC, propuso incluir los nombramientos del Oficial Mayor, Tesorero y Contralor del Congreso del Estado, al argumentar que la Junta de Coordinaci\u00f3n Pol\u00edtica no hab\u00eda generado las propuestas para esos cargos, a fin de dar certeza al funcionamiento administrativo del Poder Legislativo.<\/p>\n<p>Intervino el diputado Anselmo Ortiz Garc\u00eda, coordinador de la fracci\u00f3n parlamentaria del PRD, para rechazar la propuesta de su hom\u00f3logo del MC, en tanto que Sergio L\u00f3pez S\u00e1nchez, tambi\u00e9n del partido del sol azteca, pidi\u00f3 se decretara un receso para que los legisladores se pusieran de acuerdo.<\/p>\n<p>Solicitaron la palabra otros legisladores, pero el diputado presidente de la Mesa Directiva, el perredista Jes\u00fas L\u00f3pez Rodr\u00edguez, declar\u00f3 un receso y son\u00f3 la campana, con lo que salieron del recinto 20 integrantes de las bancadas del PRD, Acci\u00f3n Nacional (PAN) y del Trabajo (PT).<\/p>\n<p>En vista de ello, la diputada priista Mar\u00eda del Carmen Ric\u00e1rdez Vela plante\u00f3 el nombramiento provisional de una Mesa Directiva para desahogar los temas propuestos, con base en el Art\u00edculo 14 de la Ley Org\u00e1nica del Congreso del Estado y solicit\u00f3 que al pleno aprobara la designaci\u00f3n de su compa\u00f1ero Amando Demetrio Boh\u00f3rquez Reyes para que continuara los trabajos de la sesi\u00f3n ordinaria.<\/p>\n<p>Avalada por 22 legisladores presentes en el recinto, tambi\u00e9n fueron nombrados como secretarios de la Mesa Directiva los diputados Santiago Garc\u00eda Sandoval, del Partido Unidad Popular (PUP); Manuel P\u00e9rez Morales, del Partido Social Dem\u00f3crata (PSD), as\u00ed como Carlos Alberto Arag\u00f3n Ramos y Edith Yolanda L\u00f3pez Velasco, ambos del PRI.<\/p>\n<p>Una vez instalada la Mesa Directiva provisional, el Diputado Presidente de la misma pidi\u00f3 ratificar el qu\u00f3rum legal para cumplir con las disposiciones que marca la ley y aprobar el orden del d\u00eda, en el cual fue incluida la propuesta del diputado G\u00f3mez Nucamendi, propuesta a la que se sum\u00f3 el diputado Adolfo Toledo Infanz\u00f3n, del PRI.<\/p>\n<p>De acuerdo con el Art\u00edculo 77, fracci\u00f3n III de la Ley Org\u00e1nica del Congreso del Estado, y 152 del Reglamento Interior del mismo, el diputado presidente de la Mesa Directiva provisional, Boh\u00f3rquez Reyes, declar\u00f3 erigida como Colegio Electoral a la LXII Legislatura del Estado.<\/p>\n<p>Con ello, a las 23:06 de la noche, tom\u00f3 la protesta de ley al Oficial Mayor, Juan Enrique Lira V\u00e1squez, y al Tesorero, Ram\u00f3n Arturo Arag\u00f3n Daza. El Contralor ratificado, V\u00edctor Manuel Cisneros Gonz\u00e1lez, no estuvo presente.<\/p>\n<p>Al concluir el acto protocolario se levant\u00f3 la declaratoria de Colegio Electoral para dar paso a la sesi\u00f3n ordinaria, en la que se sometieron a consideraci\u00f3n del pleno diferentes asuntos que fueron turnados a las Comisiones correspondientes.<\/p>\n<p>Luego, en el punto de \u201casuntos generales\u201d, la diputada del PRI, Mar\u00eda Luisa Matus Fuentes, pidi\u00f3 que se asentara en actas que al designarse la Mesa Directiva Provisional se procedi\u00f3 conforme a lo establecido en el Art\u00edculo 14 de la Ley Org\u00e1nica del Poder Legislativo, una vez que se levantaron de la sesi\u00f3n sin justificaci\u00f3n alguna el presidente y la vicepresidenta, Jes\u00fas L\u00f3pez Rodr\u00edguez y Remedios Zonia L\u00f3pez Cruz, del PRD y PAN, respectivamente.<\/p>\n<p>Al t\u00e9rmino de la sesi\u00f3n ordinaria, en el vest\u00edbulo del recinto legislativo, el diputado presidente de la Junta de Coordinaci\u00f3n Pol\u00edtica y coordinador del grupo parlamentario del PRI, Alejando Avil\u00e9s \u00c1lvarez, tom\u00f3 la protesta de ley a Rafael Mendoza Kaplan como coordinador de asesores de ese \u00f3rgano legislativo.<\/p>\n<p>Este acto protocolario lo atestiguaron los legisladores Emilia Garc\u00eda Guzm\u00e1n, Arsenio Mej\u00eda Garc\u00eda, Gustavo D\u00edaz S\u00e1nchez, Adolfo Garc\u00eda Morales, Mar\u00eda Luisa Fuentes Matus, Amando Demetrio Boh\u00f3rquez Reyes, Martha Alicia Escamilla Le\u00f3n, Manuel Andr\u00e9s Garc\u00eda D\u00edaz y Fredy Gil Pineda Gopar, del PRI.<\/p>\n<p><a href=\"http:\/\/www.eloriente.net\/home\/wp-content\/uploads\/2014\/01\/Protesta-Congreso-Oaxaca-Oficial-Mayor.jpg\"><img loading=\"lazy\" decoding=\"async\" class=\"alignnone size-medium wp-image-20341\" title=\"Protesta Congreso Oaxaca Oficial Mayor\" src=\"http:\/\/www.eloriente.net\/home\/wp-content\/uploads\/2014\/01\/Protesta-Congreso-Oaxaca-Oficial-Mayor-300x201.jpg\" alt=\"\" width=\"300\" height=\"201\" srcset=\"http:\/\/www.eloriente.net\/home\/wp-content\/uploads\/2014\/01\/Protesta-Congreso-Oaxaca-Oficial-Mayor-300x201.jpg 300w, http:\/\/www.eloriente.net\/home\/wp-content\/uploads\/2014\/01\/Protesta-Congreso-Oaxaca-Oficial-Mayor-1024x688.jpg 1024w, http:\/\/www.eloriente.net\/home\/wp-content\/uploads\/2014\/01\/Protesta-Congreso-Oaxaca-Oficial-Mayor.jpg 2045w\" sizes=\"(max-width: 300px) 100vw, 300px\" \/><\/a><\/p>\n<p>Foto: Congreso de Oaxaca<\/p>\n<p><strong>Otras Entradas:<\/strong><\/p>\n<div id=\"post-19699\">\n<p><a title=\"Permalink to Diputadas proponen reformas reglamentarias para \u201cno legislar al vapor\u201d\" href=\"http:\/\/www.eloriente.net\/home\/2014\/01\/17\/proponen-diputados-reformas-a-su-reglamento-para-mejorar-el-trabajo-legislativo\/\" rel=\"bookmark\">Diputadas proponen reformas reglamentarias para \u201cno legislar al vapor\u201d<\/a><\/p>\n<p><a href=\"http:\/\/www.eloriente.net\/home\/2014\/01\/17\/proponen-diputados-reformas-a-su-reglamento-para-mejorar-el-trabajo-legislativo\/\" rel=\"bookmark\"><img decoding=\"async\" title=\"Diputadas proponen reformas reglamentarias para \u201cno legislar al vapor\u201d\" src=\"http:\/\/www.eloriente.net\/home\/wp-content\/themes\/city-desk\/timthumb.php?src=http%3A%2F%2Fwww.eloriente.net%2Fhome%2Fwp-content%2Fuploads%2F2014%2F01%2FCongreso.jpg&amp;q=90&amp;w=160&amp;h=106&amp;zc=1\" alt=\"Diputadas proponen reformas reglamentarias para \u201cno legislar al vapor\u201d\" \/><\/a>eloriente.net\/Congreso del Estado de Oaxaca 17 de enero de 2014 La diputada Martha Alicia Escamilla Le\u00f3n solicita a sus\u00a0hom\u00f3logos\u00a0hacer un esfuerzo por concurrir todos los d\u00edas y de forma puntual a las actividades del Congreso del Estado.\u00a0 En un ejercicio de autocr\u00edtica, diputados de las fracciones parlamentarias del PRI, PAN y PRD en la LXII [&#8230;]<\/p>\n<p>January 17, 2014<\/p>\n<\/div>\n<div id=\"post-19694\">\n<p><a title=\"Permalink to PRD y consejeros electorales analizan los retos de la Reforma Pol\u00edtico-Electoral\" href=\"http:\/\/www.eloriente.net\/home\/2014\/01\/17\/se-reunen-consejeros-electorales-con-la-dirigencia-nacional-del-prd\/\" rel=\"bookmark\">PRD y consejeros electorales analizan los retos de la Reforma Pol\u00edtico-Electoral<\/a><\/p>\n<p><a href=\"http:\/\/www.eloriente.net\/home\/2014\/01\/17\/se-reunen-consejeros-electorales-con-la-dirigencia-nacional-del-prd\/\" rel=\"bookmark\"><img decoding=\"async\" title=\"PRD y consejeros electorales analizan los retos de la Reforma Pol\u00edtico-Electoral\" src=\"http:\/\/www.eloriente.net\/home\/wp-content\/themes\/city-desk\/timthumb.php?src=http%3A%2F%2Fwww.eloriente.net%2Fhome%2Fwp-content%2Fuploads%2F2014%2F01%2F3.jpg&amp;q=90&amp;w=160&amp;h=106&amp;zc=1\" alt=\"PRD y consejeros electorales analizan los retos de la Reforma Pol\u00edtico-Electoral\" \/><\/a>eloriente.net\/IFE 17 de enero de 2014 El Consejero Lorenzo C\u00f3rdova Vianello, Presidente Provisional del Instituto Federal Electoral (IFE), la Consejera Mar\u00eda Marv\u00e1n, los Consejeros Electorales, Marco Antonio Ba\u00f1os y Benito Nacif, y el Secretario Ejecutivo del Instituto, Edmundo Jacobo, se reunieron con el dirigente nacional del Partido de la Revoluci\u00f3n Democr\u00e1tica (PRD), Jes\u00fas Zambrano, con [&#8230;]<\/p>\n<p>January 17, 2014<\/p>\n<\/div>\n<div id=\"post-19592\">\n<p><a title=\"Permalink to Eduardo Boh\u00f3rquez presenta an\u00e1lisis de \u00cdndice de Percepci\u00f3n de la Corrupci\u00f3n\" href=\"http:\/\/www.eloriente.net\/home\/2014\/01\/15\/eduardo-bohorquez-analiza-indice-de-percepcion-de-la-corrupcion\/\" rel=\"bookmark\">Eduardo Boh\u00f3rquez presenta an\u00e1lisis de \u00cdndice de Percepci\u00f3n de la Corrupci\u00f3n<\/a><\/p>\n<p><a href=\"http:\/\/www.eloriente.net\/home\/2014\/01\/15\/eduardo-bohorquez-analiza-indice-de-percepcion-de-la-corrupcion\/\" rel=\"bookmark\"><img decoding=\"async\" title=\"Eduardo Boh\u00f3rquez presenta an\u00e1lisis de \u00cdndice de Percepci\u00f3n de la Corrupci\u00f3n\" src=\"http:\/\/www.eloriente.net\/home\/wp-content\/themes\/city-desk\/timthumb.php?src=http%3A%2F%2Fwww.eloriente.net%2Fhome%2Fwp-content%2Fuploads%2F2014%2F01%2FEduardo.jpg&amp;q=90&amp;w=160&amp;h=106&amp;zc=1\" alt=\"Eduardo Boh\u00f3rquez presenta an\u00e1lisis de \u00cdndice de Percepci\u00f3n de la Corrupci\u00f3n\" \/><\/a>eloriente.net\/Canal del Congreso 15 de enero de 2014 Pesos y Contra Pesos, programa televisivo de la Auditor\u00eda Superior de la Federaci\u00f3n y del Canal del Congreso, en su emisi\u00f3n del pasado 13 de enero de 2014 el conductor Dr. Juan Pardinas recibi\u00f3 a Eduardo Boh\u00f3rquez, Director de Transparencia Mexicana, quien present\u00f3 a la audiencia un [&#8230;]<\/p>\n<p>January 15, 2014<\/p>\n<\/div>\n<p><a title=\"Permalink to Escucha a Jaime Ruiz, \u00c1ngeles Morales, Cecilia Hern\u00e1ndez y Juan Villegas en Todo Oaxaca Radio 7\/Ene\/14\" href=\"http:\/\/www.eloriente.net\/home\/2014\/01\/09\/escucha-a-jaime-ruiz-angeles-morales-cecilia-hernandez-y-juan-villegas-en-todo-oaxaca-radio-7ene14\/\" rel=\"bookmark\">Escucha a Jaime Ruiz, \u00c1ngeles Morales, Cecilia Hern\u00e1ndez y Juan Villegas en Todo Oaxaca Radio 7\/Ene\/14<\/a><\/p>\n<p><a href=\"http:\/\/www.eloriente.net\/home\/2014\/01\/09\/escucha-a-jaime-ruiz-angeles-morales-cecilia-hernandez-y-juan-villegas-en-todo-oaxaca-radio-7ene14\/\" rel=\"bookmark\"><img decoding=\"async\" title=\"Escucha a Jaime Ruiz, \u00c1ngeles Morales, Cecilia Hern\u00e1ndez y Juan Villegas en Todo Oaxaca Radio 7\/Ene\/14\" src=\"http:\/\/www.eloriente.net\/home\/wp-content\/themes\/city-desk\/timthumb.php?src=http%3A%2F%2Fwww.eloriente.net%2Fhome%2Fwp-content%2Fuploads%2F2014%2F01%2FJuan-Carlos.jpg&amp;q=90&amp;w=160&amp;h=106&amp;zc=1\" alt=\"Escucha a Jaime Ruiz, \u00c1ngeles Morales, Cecilia Hern\u00e1ndez y Juan Villegas en Todo Oaxaca Radio 7\/Ene\/14\" \/><\/a><\/p>\n<p>todooaxacaradio.com 9 de enero de 2014 Como cada martes, en punto de las 17:00 horas se transmiti\u00f3 el programa Todo Oaxaca Radio completamente en vivo desde la Ciudad de Oaxaca de Ju\u00e1rez, a trav\u00e9s de las frecuencias abiertas 570 AM y 94.9 FM, y para todo el mundo a trav\u00e9s de\u00a0www.todooaxacaradio.com. El programa es conducido [&#8230;]<\/p>\n<p>January 9, 2014<\/p>\n\n\t\t\t  <div \n\t\t\t  \tclass = \"fb-comments\" \n\t\t\t  \tdata-href = \"http:\/\/www.eloriente.net\/home\/2014\/01\/31\/mesa-directiva-provisional-nombra-oficial-mayor-tesorero-y-contralor-en-legislatura-de-oaxaca\/\"\n\t\t\t  \tdata-numposts = \"10\"\n\t\t\t\tdata-colorscheme = \"dark\"\n\t\t\t\tdata-order-by = \"social\"\n\t\t\t\tdata-mobile=true>\n\t\t\t  <\/div>\n\t\t  <style>\n\t\t\t.fb_iframe_widget_fluid_desktop iframe {\n\t\t\t    width: 100% !important;\n\t\t\t}\n\t\t  <\/style>\n\t\t  ","protected":false},"excerpt":{"rendered":"<p>eloriente.net\/Congreso de Oaxaca 31 de enero de 2014 + Rafael Mendoza Kaplan es designado Coordinador de Asesores de la Junta de Coordinaci\u00f3n Pol\u00edtica por el diputado presidente del \u00f3rgano legislativo, Alejandro Avil\u00e9s \u00c1lvarez SAN RAYMUNDO Jalpan, Oaxaca, enero 30. (Comunicado)- La LXII Legislatura del Estado, en sesi\u00f3n ordinaria efectuada la noche de este jueves, design\u00f3 [&hellip;]<\/p>\n","protected":false},"author":1,"featured_media":20341,"comment_status":"open","ping_status":"open","sticky":false,"template":"","format":"standard","meta":{"_jetpack_memberships_contains_paid_content":false,"footnotes":""},"categories":[91,32,10,21],"tags":[],"class_list":["post-20340","post","type-post","status-publish","format-standard","has-post-thumbnail","hentry","category-congreso-y-justicia","category-entradas","category-lo-mas-reciente","category-politica-y-gobierno"],"jetpack_featured_media_url":"http:\/\/www.eloriente.net\/home\/wp-content\/uploads\/2014\/01\/Protesta-Congreso-Oaxaca-Oficial-Mayor.jpg","jetpack_sharing_enabled":true,"_links":{"self":[{"href":"http:\/\/www.eloriente.net\/home\/wp-json\/wp\/v2\/posts\/20340"}],"collection":[{"href":"http:\/\/www.eloriente.net\/home\/wp-json\/wp\/v2\/posts"}],"about":[{"href":"http:\/\/www.eloriente.net\/home\/wp-json\/wp\/v2\/types\/post"}],"author":[{"embeddable":true,"href":"http:\/\/www.eloriente.net\/home\/wp-json\/wp\/v2\/users\/1"}],"replies":[{"embeddable":true,"href":"http:\/\/www.eloriente.net\/home\/wp-json\/wp\/v2\/comments?post=20340"}],"version-history":[{"count":2,"href":"http:\/\/www.eloriente.net\/home\/wp-json\/wp\/v2\/posts\/20340\/revisions"}],"predecessor-version":[{"id":20343,"href":"http:\/\/www.eloriente.net\/home\/wp-json\/wp\/v2\/posts\/20340\/revisions\/20343"}],"wp:featuredmedia":[{"embeddable":true,"href":"http:\/\/www.eloriente.net\/home\/wp-json\/wp\/v2\/media\/20341"}],"wp:attachment":[{"href":"http:\/\/www.eloriente.net\/home\/wp-json\/wp\/v2\/media?parent=20340"}],"wp:term":[{"taxonomy":"category","embeddable":true,"href":"http:\/\/www.eloriente.net\/home\/wp-json\/wp\/v2\/categories?post=20340"},{"taxonomy":"post_tag","embeddable":true,"href":"http:\/\/www.eloriente.net\/home\/wp-json\/wp\/v2\/tags?post=20340"}],"curies":[{"name":"wp","href":"https:\/\/api.w.org\/{rel}","templated":true}]}}