{"id":20350,"date":"2014-01-31T15:15:50","date_gmt":"2014-01-31T21:15:50","guid":{"rendered":"http:\/\/www.eloriente.net\/home\/?p=20350"},"modified":"2014-03-18T18:54:51","modified_gmt":"2014-03-19T00:54:51","slug":"de-un-pajaro-las-dos-alas-un-articulo-de-samael-hernandez","status":"publish","type":"post","link":"http:\/\/www.eloriente.net\/home\/2014\/01\/31\/de-un-pajaro-las-dos-alas-un-articulo-de-samael-hernandez\/","title":{"rendered":"De un p\u00e1jaro las dos alas, un art\u00edculo de Samael Hern\u00e1ndez"},"content":{"rendered":"<p>eloriente.net<\/p>\n<p>31 de enero de 2014<\/p>\n<p style=\"text-align: right;\">Por: Samael Hern\u00e1ndez Ruiz<\/p>\n<p>La prensa nacional dio la nota sobre la inconformidad de los trabajadores de la educaci\u00f3n de Coahuila por el descuento que sufrieron a causa de la aplicaci\u00f3n del Impuesto Sobre la Renta (ISR).<a title=\"\" href=\"#_ftn1\">[1]<\/a> Algunos lectores se mostrar\u00e1n sorprendidos de que los maestros coahuilenses protesten por algo que todos los mexicanos que recibimos ingresos pagamos al gobierno federal; lo que quiz\u00e1s pocos sepan es que los trabajadores del Sindicato Nacional de Trabajadores de la Educaci\u00f3n (SNTE) no pagan ese impuesto de la misma forma en como lo pagamos los dem\u00e1s.<\/p>\n<p>La raz\u00f3n de esta peculiaridad es que desde la modificaci\u00f3n del esquema fiscal en el a\u00f1o 2000, si no recuerdo mal, a los trabajadores del sector educativo transferidos a los estados de la rep\u00fablica por el Acuerdo Nacional para la Modernizaci\u00f3n de la Educaci\u00f3n B\u00e1sica (ANMEB,1992), no se les descuenta el impuesto de manera correcta, debido a que la Secretar\u00eda de Educaci\u00f3n P\u00fablica (SEP) no convino, ni capacit\u00f3, ni proporcion\u00f3 a los estados el software con los procedimientos para efectuar las retenciones de acuerdo con el nuevo esquema fiscal.<\/p>\n<p>El resultado de lo anterior, fue que la Secretaria de Hacienda y Cr\u00e9dito P\u00fablico (SHyCP), requiri\u00f3 a los gobiernos de los estados el pago de las diferencias y las multas correspondientes. Los adeudos con la SHyCP, crecieron y se organizaron negociaciones para encontrar una salida al asunto; porque la opci\u00f3n de retenerles a los maestros el impuesto, afectaba duramente sus ingresos y provocar\u00eda, desde luego, las protestas.<\/p>\n<p>Quiz\u00e1s por lo anterior, el 5 de diciembre del 2008 el Gobierno Federal emiti\u00f3 un decreto por el que se otorgaron beneficios fiscales (para quienes tuvieran\u00a0 adeudos con la Federaci\u00f3n) a las entidades federativas, municipios, y demarcaciones territoriales del D.F. y sus \u00f3rganos descentralizados, por \u00a0concepto de impuesto sobre la renta a cargo de sus trabajadores, incluyendo regularizaci\u00f3n de los adeudos que tuviera la Federaci\u00f3n con los citados. <a title=\"\" href=\"#_ftn2\">[2]<\/a><\/p>\n<p>El Decreto establec\u00eda la condonaci\u00f3n total de los adeudos correspondientes al a\u00f1o 2005 y anteriores, y est\u00edmulos fiscales seg\u00fan lo siguiente: 2009 (60%), 2010 (30%) y 2011(10%).<\/p>\n<p>Al firmar y aplicar el Convenio solicitado por la SHyCP, el cual implicar\u00eda la cancelaci\u00f3n de la tabla reversa,<a title=\"\" href=\"#_ftn3\">[3]<\/a> se tendr\u00edan que enterar, con dinero real, los impuestos \u00a0retenidos a los trabajadores; por lo que en caso de que alg\u00fan gobierno estatal \u00a0aceptara el convenio, y cubriera dichos impuestos, generar\u00eda una presi\u00f3n financiera importante sobre su presupuesto y adem\u00e1s, en caso de aplicar el descuento a los trabajadores, se tendr\u00edan repercusiones no amistosas con el SNTE y la Coordinadora Nacional de Trabajadores de la Educaci\u00f3n (CNTE).<a title=\"\" href=\"#_ftn4\">[4]<\/a><\/p>\n<p>La desaparici\u00f3n de la tabla reversa, implic\u00f3 que los gobiernos de los estados comenzar\u00e1n a pagarle a la SHyCP \u00a0las retenciones correspondientes a sus n\u00f3minas, pero las cosas no sucedieron as\u00ed. Por ejemplo, en el caso de Oaxaca, el Instituto Estatal de Educaci\u00f3n P\u00fablica (IEEPO), sigui\u00f3 subsidiando el impuesto a los trabajadores de la educaci\u00f3n con la agravante de las modificaciones hecha a los sueldos tabulares, con el pretexto de la re zonificaci\u00f3n.<\/p>\n<p>El estado de Coahuila decidi\u00f3 dar el salto mortal: aplicar el esquema fiscal como se debe. La respuesta no se hizo esperar y los maestros ya est\u00e1n protestando. El malestar de los trabajadores de la educaci\u00f3n es comprensible, la afectaci\u00f3n a sus salarios es dr\u00e1stica comparada con las deducciones de a\u00f1os anteriores; \u00bfqui\u00e9n es culpable de esta situaci\u00f3n? \u00a0Dejar\u00e9 pendiente la respuesta a esta pregunta, porque requerir\u00eda de un espacio con el que ahora no cuento. Lo importante es se\u00f1alar que en Coahuila se intenta ensayar un remedio similar al que se aplic\u00f3 en Oaxaca, para evitar la dura afectaci\u00f3n a los ingresos de los maestros. De antemano les comento que las medidas elusivas no resolvieron ni resolver\u00e1n el problema.<\/p>\n<p>Ignoro si el gobierno del estado de Oaxaca quiera aplicar el esquema fiscal como lo indica la ley; en todo caso, lo que ocurre en Coahuila parece recalcar la necesidad de que los gobiernos estatales conozcan la historia de la tragedia oaxaque\u00f1a con la Secci\u00f3n XXII del SNTE. Dejo la propuesta por escrito.<\/p>\n<div>\n<hr align=\"left\" size=\"1\" width=\"33%\" \/>\n<div>\n<p><a title=\"\" href=\"#_ftnref1\">[1]<\/a> Ver: <a href=\"http:\/\/www.vanguardia.com.mx\/protestanmaestrosdecoahuilaporretirodelsubsidioalisr-1933656.html\">http:\/\/www.vanguardia.com.mx\/protestanmaestrosdecoahuilaporretirodelsubsidioalisr-1933656.html<\/a><\/p>\n<\/div>\n<div>\n<p><a title=\"\" href=\"#_ftnref2\">[2]<\/a> Decreto por el que se otorgan diversos beneficios fiscales en materia del impuesto sobre la renta, de derechos y aprovechamientos. Diario oficial de la Federaci\u00f3n del 5 de diciembre de 2008. Disponible en: <a href=\"http:\/\/ordenjuridicodemo.segob.gob.mx\/Federal\/PE\/APF\/APC\/SHCP\/Decretos\/2008\/04122008(1).pdf\">http:\/\/ordenjuridicodemo.segob.gob.mx\/Federal\/PE\/APF\/APC\/SHCP\/Decretos\/2008\/04122008(1).pdf<\/a> .<\/p>\n<\/div>\n<div>\n<p><a title=\"\" href=\"#_ftnref3\">[3]<\/a> La tabla reversa es un procedimiento que la Secretar\u00eda de Hacienda y Cr\u00e9dito P\u00fablico estableci\u00f3, para que a los gobiernos de los estados se les hiciera entrega virtual de los recursos para el pago del ISR, derivado de las n\u00f3minas pagadas con recursos del FAEB.<\/p>\n<\/div>\n<div>\n<p><a title=\"\" href=\"#_ftnref4\">[4]<\/a> Incluso el Consejo Nacional de Autoridades Educativas, trat\u00f3 el tema: CONAEDU. Temas estrat\u00e9gicos de inter\u00e9s multilateral. Octubre 2009, XVIII reuni\u00f3n plenaria ordinaria. Informe del grupo de trabajo que act\u00faa como enlace ante el H. Congreso de la Uni\u00f3n. Hay que se\u00f1alar que en Oaxaca, \u00a0la administraci\u00f3n del gobernador Ulises Ruiz firm\u00f3 dicho convenio con la SHyCP.<\/p>\n<p><a href=\"http:\/\/www.eloriente.net\/home\/wp-content\/uploads\/2014\/01\/Estacion-Marte-Coahuila-Atribucio\u0301n-Algunos-derechos-reservados-por-amantedar-.jpg\"><img loading=\"lazy\" decoding=\"async\" class=\"alignnone size-medium wp-image-20351\" title=\"Estacion Marte Coahuila      Atribucio\u0301n Algunos derechos reservados por amantedar\" src=\"http:\/\/www.eloriente.net\/home\/wp-content\/uploads\/2014\/01\/Estacion-Marte-Coahuila-Atribucio\u0301n-Algunos-derechos-reservados-por-amantedar--300x225.jpg\" alt=\"\" width=\"300\" height=\"225\" srcset=\"http:\/\/www.eloriente.net\/home\/wp-content\/uploads\/2014\/01\/Estacion-Marte-Coahuila-Atribucio\u0301n-Algunos-derechos-reservados-por-amantedar--300x225.jpg 300w, http:\/\/www.eloriente.net\/home\/wp-content\/uploads\/2014\/01\/Estacion-Marte-Coahuila-Atribucio\u0301n-Algunos-derechos-reservados-por-amantedar-.jpg 1024w\" sizes=\"(max-width: 300px) 100vw, 300px\" \/><\/a><\/p>\n<p>Foto: Estaci\u00f3n Marte, Coahuila<\/p>\n<dl>\n<dd><a href=\"http:\/\/creativecommons.org\/licenses\/by\/2.0\/\"><img decoding=\"async\" title=\"Atribuci\u00f3n\" src=\"http:\/\/l.yimg.com\/g\/images\/cc_icon_attribution_small.gif\" alt=\"Atribuci\u00f3n\" border=\"0\" \/><\/a> <a title=\"Attribution License\" href=\"http:\/\/creativecommons.org\/licenses\/by\/2.0\/\">Algunos derechos reservados<\/a> por <a href=\"http:\/\/www.flickr.com\/photos\/amantedar\/\">amantedar<\/a><\/dd>\n<\/dl>\n<p>&nbsp;<\/p>\n<p><strong>Otras Entradas:<\/strong><\/p>\n<div id=\"post-19439\">\n<p><a title=\"Permalink to \u00bfMovimientos sociales est\u00e9riles? Un ensayo de Samael Hern\u00e1ndez\" href=\"http:\/\/www.eloriente.net\/home\/2014\/01\/11\/movimientos-sociales-esteriles-un-ensayo-de-samael-hernandez\/\" rel=\"bookmark\">\u00bfMovimientos sociales est\u00e9riles? Un ensayo de Samael Hern\u00e1ndez<\/a><\/p>\n<p><a href=\"http:\/\/www.eloriente.net\/home\/2014\/01\/11\/movimientos-sociales-esteriles-un-ensayo-de-samael-hernandez\/\" rel=\"bookmark\"><img decoding=\"async\" title=\"\u00bfMovimientos sociales est\u00e9riles? Un ensayo de Samael Hern\u00e1ndez\" src=\"http:\/\/www.eloriente.net\/home\/wp-content\/themes\/city-desk\/timthumb.php?src=http%3A%2F%2Fwww.eloriente.net%2Fhome%2Fwp-content%2Fuploads%2F2014%2F01%2FAPPO.jpeg&amp;q=90&amp;w=160&amp;h=106&amp;zc=1\" alt=\"\u00bfMovimientos sociales est\u00e9riles? Un ensayo de Samael Hern\u00e1ndez\" \/><\/a>eloriente.net 11 de enero de 2014 Por: Samael Hern\u00e1ndez Ruiz para ELORIENTE.NET Sergio Zerme\u00f1o en un arti\u0301culo relativamente reciente, hace un diagno\u0301stico en el que se\u00f1ala la incapacidad de los movimientos sociales en Me\u0301xico para mantenerse y procurar mejori\u0301as observables en las condiciones de vida de sus seguidores, a diferencia de lo que ocurre con [&#8230;]<\/p>\n<p>January 11, 2014<\/p>\n<\/div>\n<div id=\"post-9027\">\n<p><a title=\"Permalink to Las 10+ Vistas de @El_Oriente en Febrero 2013\" href=\"http:\/\/www.eloriente.net\/home\/2013\/03\/01\/las-10-vistas-de-el_oriente-en-enero-2013\/\" rel=\"bookmark\">Las 10+ Vistas de @El_Oriente en Febrero 2013<\/a><\/p>\n<p><a href=\"http:\/\/www.eloriente.net\/home\/2013\/03\/01\/las-10-vistas-de-el_oriente-en-enero-2013\/\" rel=\"bookmark\"><img decoding=\"async\" title=\"Las 10+ Vistas de @El_Oriente en Febrero 2013\" src=\"http:\/\/www.eloriente.net\/home\/wp-content\/themes\/city-desk\/timthumb.php?src=http%3A%2F%2Fwww.eloriente.net%2Fhome%2Fwp-content%2Fuploads%2F2013%2F03%2FDR-Philippe-Halsman-%40Magnum-Photos-Marilyn-Monroe-e1362149557795.jpg&amp;q=90&amp;w=160&amp;h=106&amp;zc=1\" alt=\"Las 10+ Vistas de @El_Oriente en Febrero 2013\" \/><\/a>1 de marzo de 2013 Cada mes, El Oriente publicar\u00e1 esta lista de los contenidos m\u00e1s visitados por nuestros usuarios. Esto, para que aquellos que se han perdido una buena recomendaci\u00f3n, una buena nota, tengan la oportunidad de volver sobre ella, aprender, regocijarse, disfrutar. Hay que recordar que el objetivo de El Oriente es no [&#8230;]<\/p>\n<p>March 1, 2013<\/p>\n<\/div>\n<p><a title=\"Permalink to Secci\u00f3n 22: Todo menos Democracia\" href=\"http:\/\/www.eloriente.net\/home\/2013\/02\/20\/seccion-22-todo-menos-democracia\/\" rel=\"bookmark\">Secci\u00f3n 22: Todo menos Democracia<\/a><\/p>\n<p><a href=\"http:\/\/www.eloriente.net\/home\/2013\/02\/20\/seccion-22-todo-menos-democracia\/\" rel=\"bookmark\"><img decoding=\"async\" title=\"Secci\u00f3n 22: Todo menos Democracia\" src=\"http:\/\/www.eloriente.net\/home\/wp-content\/themes\/city-desk\/timthumb.php?src=http%3A%2F%2Fwww.eloriente.net%2Fhome%2Fwp-content%2Fuploads%2F2013%2F02%2Fvoltaire-por-andyket-Algunos-Derechos-Reservados.jpg&amp;q=90&amp;w=160&amp;h=106&amp;zc=1\" alt=\"Secci\u00f3n 22: Todo menos Democracia\" \/><\/a><\/p>\n<p>eloriente.net 20 de febrero de 2013 La actitud de los miembros de la Secci\u00f3n XXII del magisterio, obstruyendo la realizaci\u00f3n de una conferencia de miembros de la organizaci\u00f3n Mexicanos Primero, es una expresi\u00f3n m\u00e1s del \u2018ser magisterial\u2019, ese ente conformado y secuestrado por intereses, liderazgos econ\u00f3micos y mezquindad absoluta. En efecto, los miembros directivos de [&#8230;]<\/p>\n<p>February 20, 2013<\/p>\n<p>&nbsp;<\/p>\n<\/div>\n<\/div>\n\n\t\t\t  <div \n\t\t\t  \tclass = \"fb-comments\" \n\t\t\t  \tdata-href = \"http:\/\/www.eloriente.net\/home\/2014\/01\/31\/de-un-pajaro-las-dos-alas-un-articulo-de-samael-hernandez\/\"\n\t\t\t  \tdata-numposts = \"10\"\n\t\t\t\tdata-colorscheme = \"dark\"\n\t\t\t\tdata-order-by = \"social\"\n\t\t\t\tdata-mobile=true>\n\t\t\t  <\/div>\n\t\t  <style>\n\t\t\t.fb_iframe_widget_fluid_desktop iframe {\n\t\t\t    width: 100% !important;\n\t\t\t}\n\t\t  <\/style>\n\t\t  ","protected":false},"excerpt":{"rendered":"<p>eloriente.net 31 de enero de 2014 Por: Samael Hern\u00e1ndez Ruiz La prensa nacional dio la nota sobre la inconformidad de los trabajadores de la educaci\u00f3n de Coahuila por el descuento que sufrieron a causa de la aplicaci\u00f3n del Impuesto Sobre la Renta (ISR).[1] Algunos lectores se mostrar\u00e1n sorprendidos de que los maestros coahuilenses protesten por [&hellip;]<\/p>\n","protected":false},"author":1,"featured_media":20351,"comment_status":"open","ping_status":"open","sticky":false,"template":"","format":"standard","meta":{"_jetpack_memberships_contains_paid_content":false,"footnotes":""},"categories":[624,49,18,32,13,63,625],"tags":[],"class_list":["post-20350","post","type-post","status-publish","format-standard","has-post-thumbnail","hentry","category-articulistas","category-destacadas","category-educacion-y-cultura","category-entradas","category-especiales","category-estados","category-samael-hernandez"],"jetpack_featured_media_url":"http:\/\/www.eloriente.net\/home\/wp-content\/uploads\/2014\/01\/Estacion-Marte-Coahuila-Atribucio\u0301n-Algunos-derechos-reservados-por-amantedar-.jpg","jetpack_sharing_enabled":true,"_links":{"self":[{"href":"http:\/\/www.eloriente.net\/home\/wp-json\/wp\/v2\/posts\/20350"}],"collection":[{"href":"http:\/\/www.eloriente.net\/home\/wp-json\/wp\/v2\/posts"}],"about":[{"href":"http:\/\/www.eloriente.net\/home\/wp-json\/wp\/v2\/types\/post"}],"author":[{"embeddable":true,"href":"http:\/\/www.eloriente.net\/home\/wp-json\/wp\/v2\/users\/1"}],"replies":[{"embeddable":true,"href":"http:\/\/www.eloriente.net\/home\/wp-json\/wp\/v2\/comments?post=20350"}],"version-history":[{"count":4,"href":"http:\/\/www.eloriente.net\/home\/wp-json\/wp\/v2\/posts\/20350\/revisions"}],"predecessor-version":[{"id":22770,"href":"http:\/\/www.eloriente.net\/home\/wp-json\/wp\/v2\/posts\/20350\/revisions\/22770"}],"wp:featuredmedia":[{"embeddable":true,"href":"http:\/\/www.eloriente.net\/home\/wp-json\/wp\/v2\/media\/20351"}],"wp:attachment":[{"href":"http:\/\/www.eloriente.net\/home\/wp-json\/wp\/v2\/media?parent=20350"}],"wp:term":[{"taxonomy":"category","embeddable":true,"href":"http:\/\/www.eloriente.net\/home\/wp-json\/wp\/v2\/categories?post=20350"},{"taxonomy":"post_tag","embeddable":true,"href":"http:\/\/www.eloriente.net\/home\/wp-json\/wp\/v2\/tags?post=20350"}],"curies":[{"name":"wp","href":"https:\/\/api.w.org\/{rel}","templated":true}]}}