{"id":20364,"date":"2014-02-03T09:16:03","date_gmt":"2014-02-03T15:16:03","guid":{"rendered":"http:\/\/www.eloriente.net\/home\/?p=20364"},"modified":"2014-02-03T09:16:03","modified_gmt":"2014-02-03T15:16:03","slug":"evaluan-desempeno-y-conducta-de-jueces-del-poder-judicial-del-estado","status":"publish","type":"post","link":"http:\/\/www.eloriente.net\/home\/2014\/02\/03\/evaluan-desempeno-y-conducta-de-jueces-del-poder-judicial-del-estado\/","title":{"rendered":"Eval\u00faan desempe\u00f1o y conducta de jueces del Poder Judicial del Estado"},"content":{"rendered":"<p>eloriente.net\/<a href=\"http:\/\/www.tribunaloax.gob.mx\" target=\"_blank\">TSJ<\/a><\/p>\n<p>3 de febrero de 2014<\/p>\n<p><strong>Como parte del procedimiento de ratificaci\u00f3n de los juzgadores, correspondiente a este a\u00f1o se realiza la evaluaci\u00f3n rigurosa de su actuaci\u00f3n y compromiso con los derechos humanos.<\/strong><\/p>\n<p>A trav\u00e9s de un nuevo proceso de evaluaci\u00f3n integral en el que se revisa tanto el desempe\u00f1o profesional de los juzgadores como el compromiso que han demostrado hacia el respeto a los derechos humanos, el Poder Judicial del Estado inici\u00f3 el procedimiento de ratificaci\u00f3n de jueces correspondiente a este a\u00f1o.<\/p>\n<p>Este paso fue calificado como un hecho hist\u00f3rico por el magistrado presidente, Alfredo Rodrigo Lagunas Rivera, al ser la primera vez en se examinan aspectos que \u00a0garanticen a la sociedad, servidores p\u00fablicos judiciales independientes y de excelencia responsables de una impartici\u00f3n de justicia expedita y eficaz en los t\u00e9rminos se\u00f1alados en el art\u00edculo 17 constitucional y que tambi\u00e9n hagan efectivos los principios en la materia consagrados en la Carta Magna.<\/p>\n<p>El titular del Poder Judicial indic\u00f3 que no puede pasar desapercibido que son los Jueces los principales promotores de los derechos humanos previstos en el orden jur\u00eddico interno y supranacional, como lo dispone la Constituci\u00f3n Pol\u00edtica de los Estados Unidos Mexicanos, en su art\u00edculo primero.<\/p>\n<p>Por lo tanto, agreg\u00f3, \u00a0su actuaci\u00f3n debe estar apegada a los principios que rigen la carrera judicial, como son: la legalidad, el debido proceso, la excelencia, profesionalismo, objetividad, imparcialidad, independencia, honorabilidad, permanencia y m\u00e9rito.<\/p>\n<p>Por su parte, el consejero de la Judicatura, Jos\u00e9 Antonio \u00c1lvarez Hern\u00e1ndez, explic\u00f3 que la Comisi\u00f3n de Carrera Judicial, que \u00e9l preside, es la responsable de integrar los expedientes con la informaci\u00f3n necesaria para calificar el desempe\u00f1o de los juzgadores.<\/p>\n<p>Agreg\u00f3 que forman parte de los elementos de evaluaci\u00f3n los resultados de las visitas practicadas por la Visitadur\u00eda General; la informaci\u00f3n estad\u00edstica del n\u00famero y tipo de asuntos atendidos y resueltos; tipo de recursos interpuestos en contra de sus determinaciones y sus resultados.<\/p>\n<p>Tambi\u00e9n, la incidencia de amparos concedidos en su contra y los efectos de los mismos; quejas administrativas interpuestas y sus resoluciones; y las actividades realizadas para la actualizaci\u00f3n constante de sus conocimientos jur\u00eddicos.<\/p>\n<p>El consejero \u00c1lvarez Hern\u00e1ndez coment\u00f3 que la ratificaci\u00f3n es una instituci\u00f3n jur\u00eddica mediante la cual se confirma a un juzgador en el cargo, previa evaluaci\u00f3n objetiva y rigurosa de su actuaci\u00f3n en el periodo para el que fueron nombrados, lo que permite al Poder Judicial decidir si tienen o no la capacidad de continuar desempe\u00f1ando la labor jurisdiccional.<\/p>\n<p>&nbsp;<\/p>\n<p><a href=\"http:\/\/www.eloriente.net\/home\/wp-content\/uploads\/2014\/02\/TSJ.jpg\"><img loading=\"lazy\" decoding=\"async\" class=\"alignnone size-medium wp-image-20365\" title=\"TSJ\" src=\"http:\/\/www.eloriente.net\/home\/wp-content\/uploads\/2014\/02\/TSJ-300x168.jpg\" alt=\"\" width=\"300\" height=\"168\" srcset=\"http:\/\/www.eloriente.net\/home\/wp-content\/uploads\/2014\/02\/TSJ-300x168.jpg 300w, http:\/\/www.eloriente.net\/home\/wp-content\/uploads\/2014\/02\/TSJ.jpg 1024w\" sizes=\"(max-width: 300px) 100vw, 300px\" \/><\/a><\/p>\n<p>Foto: TSJ<\/p>\n<p>&nbsp;<\/p>\n<p><strong>Entradas relacionadas:<\/strong><\/p>\n<p><a title=\"Permalink to Promueve Poder Judicial formaci\u00f3n de abogados con \u00e9tica jur\u00eddica\" href=\"http:\/\/www.eloriente.net\/home\/2014\/01\/29\/promueve-poder-judicial-formacion-de-abogados-con-etica-juridica\/\" rel=\"bookmark\">Promueve Poder Judicial formaci\u00f3n de abogados con \u00e9tica jur\u00eddica<\/a><\/p>\n<p><a href=\"http:\/\/www.eloriente.net\/home\/2014\/01\/29\/promueve-poder-judicial-formacion-de-abogados-con-etica-juridica\/\" rel=\"bookmark\"><img decoding=\"async\" title=\"Promueve Poder Judicial formaci\u00f3n de abogados con \u00e9tica jur\u00eddica\" src=\"http:\/\/www.eloriente.net\/home\/wp-content\/themes\/city-desk\/timthumb.php?src=http%3A%2F%2Fwww.eloriente.net%2Fhome%2Fwp-content%2Fuploads%2F2014%2F01%2FTSJ6.jpg&amp;q=90&amp;w=160&amp;h=106&amp;zc=1\" alt=\"Promueve Poder Judicial formaci\u00f3n de abogados con \u00e9tica jur\u00eddica\" \/><\/a><\/p>\n<p>eloriente.net\/TSJ 29 de enero de 2013 Como parte de la implementaci\u00f3n de pol\u00edticas de calidad, se promovi\u00f3 la creaci\u00f3n de un C\u00f3digo Modelo de \u00c9tica para Estudiantes. El Poder Judicial del Estado es considerado pionero, a nivel nacional, en la creaci\u00f3n de un C\u00f3digo Modelo de \u00c9tica para Estudiantes, resultado del an\u00e1lisis y estudio de [&#8230;]<\/p>\n<p>January 29, 2014<\/p>\n<div id=\"post-20178\">\n<p><a title=\"Permalink to Coordinan acciones Poder Judicial y Centro de Reeducaci\u00f3n para Hombres\" href=\"http:\/\/www.eloriente.net\/home\/2014\/01\/27\/coordinan-acciones-poder-judicial-y-centro-de-reeducacion-para-hombres\/\" rel=\"bookmark\">Coordinan acciones Poder Judicial y Centro de Reeducaci\u00f3n para Hombres<\/a><\/p>\n<p><a href=\"http:\/\/www.eloriente.net\/home\/2014\/01\/27\/coordinan-acciones-poder-judicial-y-centro-de-reeducacion-para-hombres\/\" rel=\"bookmark\"><img decoding=\"async\" title=\"Coordinan acciones Poder Judicial y Centro de Reeducaci\u00f3n para Hombres\" src=\"http:\/\/www.eloriente.net\/home\/wp-content\/themes\/city-desk\/timthumb.php?src=http%3A%2F%2Fwww.eloriente.net%2Fhome%2Fwp-content%2Fuploads%2F2014%2F01%2FTSJ5.jpg&amp;q=90&amp;w=160&amp;h=106&amp;zc=1\" alt=\"Coordinan acciones Poder Judicial y Centro de Reeducaci\u00f3n para Hombres\" \/><\/a><\/p>\n<p>eloriente.net\/TSJ 27 de enero de 2014 En reuni\u00f3n de trabajo revisan acciones para proporcionar atenci\u00f3n especializada a los varones involucrados en procesos legales y anuncian firma de convenio. El Poder Judicial del Estado y el Centro de Reeducaci\u00f3n para Hombres que Ejercen Violencia en Contra de las Mujeres, dependiente de la Secretar\u00eda de Seguridad P\u00fablica [&#8230;]<\/p>\n<p>January 27, 2014<\/p>\n<\/div>\n<div id=\"post-19979\">\n<p><a title=\"Permalink to Juzgados de juicios orales en la Cuenca fomentan el h\u00e1bito de la lectura\" href=\"http:\/\/www.eloriente.net\/home\/2014\/01\/22\/juzgados-de-juicios-orales-en-la-cuenca-fomentan-el-habito-de-la-lectura\/\" rel=\"bookmark\">Juzgados de juicios orales en la Cuenca fomentan el h\u00e1bito de la lectura<\/a><\/p>\n<p><a href=\"http:\/\/www.eloriente.net\/home\/2014\/01\/22\/juzgados-de-juicios-orales-en-la-cuenca-fomentan-el-habito-de-la-lectura\/\" rel=\"bookmark\"><img decoding=\"async\" title=\"Juzgados de juicios orales en la Cuenca fomentan el h\u00e1bito de la lectura\" src=\"http:\/\/www.eloriente.net\/home\/wp-content\/themes\/city-desk\/timthumb.php?src=http%3A%2F%2Fwww.eloriente.net%2Fhome%2Fwp-content%2Fuploads%2F2014%2F01%2FTSJ4.jpg&amp;q=90&amp;w=160&amp;h=106&amp;zc=1\" alt=\"Juzgados de juicios orales en la Cuenca fomentan el h\u00e1bito de la lectura\" \/><\/a><\/p>\n<p>eloriente.net\/TSJ 22 de enero de 2014 Se estimula a los trabajadores de los Juzgados en Tuxtepec\u00a0 y Cosolapa para que destinen a la lectura un m\u00ednimo de una hora, sin afectar sus labores cotidianas. Con la finalidad de promover el h\u00e1bito de la lectura y mejorar la\u00a0 ortograf\u00eda en el personal de los \u00f3rganos jurisdiccionales, [&#8230;]<\/p>\n<p>January 22, 2014<\/p>\n<\/div>\n\n\t\t\t  <div \n\t\t\t  \tclass = \"fb-comments\" \n\t\t\t  \tdata-href = \"http:\/\/www.eloriente.net\/home\/2014\/02\/03\/evaluan-desempeno-y-conducta-de-jueces-del-poder-judicial-del-estado\/\"\n\t\t\t  \tdata-numposts = \"10\"\n\t\t\t\tdata-colorscheme = \"dark\"\n\t\t\t\tdata-order-by = \"social\"\n\t\t\t\tdata-mobile=true>\n\t\t\t  <\/div>\n\t\t  <style>\n\t\t\t.fb_iframe_widget_fluid_desktop iframe {\n\t\t\t    width: 100% !important;\n\t\t\t}\n\t\t  <\/style>\n\t\t  ","protected":false},"excerpt":{"rendered":"<p>eloriente.net\/TSJ 3 de febrero de 2014 Como parte del procedimiento de ratificaci\u00f3n de los juzgadores, correspondiente a este a\u00f1o se realiza la evaluaci\u00f3n rigurosa de su actuaci\u00f3n y compromiso con los derechos humanos. A trav\u00e9s de un nuevo proceso de evaluaci\u00f3n integral en el que se revisa tanto el desempe\u00f1o profesional de los juzgadores como [&hellip;]<\/p>\n","protected":false},"author":26,"featured_media":20365,"comment_status":"open","ping_status":"open","sticky":false,"template":"","format":"standard","meta":{"_jetpack_memberships_contains_paid_content":false,"footnotes":""},"categories":[91,32,10,21],"tags":[],"class_list":["post-20364","post","type-post","status-publish","format-standard","has-post-thumbnail","hentry","category-congreso-y-justicia","category-entradas","category-lo-mas-reciente","category-politica-y-gobierno"],"jetpack_featured_media_url":"http:\/\/www.eloriente.net\/home\/wp-content\/uploads\/2014\/02\/TSJ.jpg","jetpack_sharing_enabled":true,"_links":{"self":[{"href":"http:\/\/www.eloriente.net\/home\/wp-json\/wp\/v2\/posts\/20364"}],"collection":[{"href":"http:\/\/www.eloriente.net\/home\/wp-json\/wp\/v2\/posts"}],"about":[{"href":"http:\/\/www.eloriente.net\/home\/wp-json\/wp\/v2\/types\/post"}],"author":[{"embeddable":true,"href":"http:\/\/www.eloriente.net\/home\/wp-json\/wp\/v2\/users\/26"}],"replies":[{"embeddable":true,"href":"http:\/\/www.eloriente.net\/home\/wp-json\/wp\/v2\/comments?post=20364"}],"version-history":[{"count":3,"href":"http:\/\/www.eloriente.net\/home\/wp-json\/wp\/v2\/posts\/20364\/revisions"}],"predecessor-version":[{"id":20368,"href":"http:\/\/www.eloriente.net\/home\/wp-json\/wp\/v2\/posts\/20364\/revisions\/20368"}],"wp:featuredmedia":[{"embeddable":true,"href":"http:\/\/www.eloriente.net\/home\/wp-json\/wp\/v2\/media\/20365"}],"wp:attachment":[{"href":"http:\/\/www.eloriente.net\/home\/wp-json\/wp\/v2\/media?parent=20364"}],"wp:term":[{"taxonomy":"category","embeddable":true,"href":"http:\/\/www.eloriente.net\/home\/wp-json\/wp\/v2\/categories?post=20364"},{"taxonomy":"post_tag","embeddable":true,"href":"http:\/\/www.eloriente.net\/home\/wp-json\/wp\/v2\/tags?post=20364"}],"curies":[{"name":"wp","href":"https:\/\/api.w.org\/{rel}","templated":true}]}}