{"id":20448,"date":"2014-02-04T14:14:11","date_gmt":"2014-02-04T20:14:11","guid":{"rendered":"http:\/\/www.eloriente.net\/home\/?p=20448"},"modified":"2014-02-04T14:47:37","modified_gmt":"2014-02-04T20:47:37","slug":"que-me-pregunten-para-devolver-sentido-social-a-constitucion-benjamin-robles-inicia-sesiones-senado","status":"publish","type":"post","link":"http:\/\/www.eloriente.net\/home\/2014\/02\/04\/que-me-pregunten-para-devolver-sentido-social-a-constitucion-benjamin-robles-inicia-sesiones-senado\/","title":{"rendered":"Que Me Pregunten para devolver &#8216;sentido social&#8217; a Constituci\u00f3n: Benjam\u00edn Robles; inicia sesiones Senado"},"content":{"rendered":"<p>eloriente.net<\/p>\n<p>4 de febrero de 2014<\/p>\n<p>Este mediod\u00eda, el Senado de la Rep\u00fablica el denominado periodo &#8216;corto&#8217; de sesiones del a\u00f1o, que durar\u00e1 hasta el pr\u00f3ximo mes de abril. En este contexto, las diversas fracciones parlamentarias fijaron su posicionamiento por el inicio del periodo, pero adem\u00e1s se conmemor\u00f3 en sus respectivos mensajes el aniversario de la Constituci\u00f3n Mexicana de 1917, marcado para este 5 de febrero.<\/p>\n<p>Por Oaxaca y en representaci\u00f3n de la bancada del Partido de la Revoluci\u00f3n Democr\u00e1tica, el senador Benjam\u00edn Robles Montoya intervino para defender, dijo, el &#8216;sentido social&#8217; de la Carta Magna mexicana.<\/p>\n<p>A continuaci\u00f3n dicha intervenci\u00f3n:<br \/>\n<iframe loading=\"lazy\" src=\"\/\/www.youtube.com\/embed\/URcpumUGLIM\" frameborder=\"0\" width=\"420\" height=\"315\"><\/iframe><\/p>\n<p>Intervenci\u00f3n en tribuna del Senador Benjam\u00edn Robles Montoya, para fijar su posicionamiento respecto al Aniversario de la Promulgaci\u00f3n de la Constituci\u00f3n Pol\u00edtica de los Estados Unidos Mexicanos de 1917.<\/p>\n<p>Sen. Benjam\u00edn Robles Montoya, (BRM): Con el permiso de la Presidenta.<\/p>\n<p>Compa\u00f1eros, compa\u00f1eras legisladores.<\/p>\n<p>#QueMePregunten, compa\u00f1eras, compa\u00f1eros, se ha convertido en un frase \u00fanica para quienes consideran que el poder p\u00fablico se ejerce con una alta dosis de discrecionalidad distante del inter\u00e9s colectivo y fuera del alcance; e inclusive, a espaldas de la mayor\u00eda de los ciudadanos.<\/p>\n<p>#QueMePregunten, por lo tanto es hoy no s\u00f3lo una exigencia de consulta popular en torno a la reforma energ\u00e9tica, sino que se traduce a la vez como un grito que exige democracia donde se dice que hay democracia, que exige di\u00e1logo donde se dice que hay di\u00e1logo, que exige representaci\u00f3n donde se dice que hay representaci\u00f3n.<\/p>\n<p>Es decir, #QueMePregunten es una exigencia para que la realidad responda por fin a lo que decimos en las palabras, en los discursos, en leyes, en intenciones. #QueMePregunten para que dejemos de una vez por todas las simulaciones, la llamada democracia de spots, el r\u00e9gimen de apariencias y arribemos de una vez por todas a un ejercicio del poder p\u00fablico coherente, que piense hable y act\u00fae de manera profundamente integra y comprometida con M\u00e9xico.<\/p>\n<p>Y hago esta reflexi\u00f3n inicial, Senadora Presidente, porque hoy comenzamos un nuevo periodo ordinario de sesiones en el Senado de la Rep\u00fablica, que hemos de construir, estoy seguro, de manera intensa y productiva.<\/p>\n<p>Pero tambi\u00e9n lo hago porque ma\u00f1ana 5 de febrero conmemoramos un aniversario m\u00e1s de la Constituci\u00f3n Pol\u00edtica de los Estados Unidos Mexicanos, una Constituci\u00f3n cuyo esp\u00edritu tendr\u00eda que animar el principio y el fin en este periodo de sesiones y en lo general en nuestra labor legislativa y pol\u00edtica.<\/p>\n<p>Me refiero por supuesto a una Carta Magna que tambi\u00e9n reclama coherencia, sobre todo para hacer corresponder la realidad con aquello que decimos; en este caso hacer correspondientes los altos derechos contenidos en ella con la vida en los hechos de las mujeres y hombres de M\u00e9xico.<\/p>\n<p>En suma, compa\u00f1eras y compa\u00f1eros, que la Constituci\u00f3n y Leyes marchen en la misma direcci\u00f3n que las ideas, necesidades y deseos de la gente, y no por el contrario en caminos paralelos o peor a\u00fan contrapuestos.<\/p>\n<p>As\u00ed visto, el aniversario de Nuestra Carta Magna en el 2014 tiene visos de luto y bandera a media asta; entre otras razones porque cuando la reforma energ\u00e9tica y otras disposiciones impuestas hace apenas algunas semanas o meses por el partido en el Gobierno Federal la Carta Magna sufri\u00f3 tremendas vejaciones y con ellas se cay\u00f3 en el error de distanciar al pueblo de la Constituci\u00f3n, a las ideas y verdades, verdaderas necesidades de la gente del contenido de nuestra Ley Suprema.<\/p>\n<p>Lo afirmo as\u00ed, compa\u00f1eras y compa\u00f1eros, porque estoy convencido que la gran aportaci\u00f3n de la Constituci\u00f3n de 1917 para el pa\u00eds y para el mundo, fue su profundo sentido social, su alto contenido a favor de los colectivos m\u00e1s vulnerables, de los m\u00e1s d\u00e9biles, de los que atravesaban por la pobreza m\u00e1s longeva y palpable.<\/p>\n<p>Nuestra Constituci\u00f3n lo que privilegi\u00f3 antes de cualquier cosa o consideraci\u00f3n, fue construir una democracia basada en el bienestar social y en la dignidad de las personas, pero sobre todo de sus comunidades.<\/p>\n<p>Ya don Alberto Trueba Urbina refer\u00eda que a partir de la Constituci\u00f3n de 1917, estos instrumentos, adem\u00e1s de se\u00f1alar las normas que organicen a un Estado y que aseguren los derechos individuales, deben ser estatuto protectores y redentores de los econ\u00f3micamente d\u00e9biles en funci\u00f3n de realizar precisamente el inter\u00e9s colectivo y suprimir el r\u00e9gimen de explotaci\u00f3n del hombre por el hombre.<\/p>\n<p>As\u00ed refer\u00eda, el derecho constitucional se convierte por lo tanto en un instrumento jur\u00eddico para transformar la vida humana; y yo coincido indudablemente con este enfoque de Trueba, pr\u00edista por cierto, aunque de otra generaci\u00f3n.<\/p>\n<p>Un enfoque que por lo dem\u00e1s reprueba el viraje ideol\u00f3gico y de sentido que a \u00faltimas fechas se ha privilegiado por parte del partido en el gobierno, proclive a otros intereses que no son precisamente los de aquellos constitucionalistas mexicanos ni de los pobres y desprotegidos, sino de todo lo contrario.<\/p>\n<p>As\u00ed, pregunto: \u00bfQu\u00e9 conmemoramos ma\u00f1ana? La Constituci\u00f3n de 1917 o la Constituci\u00f3n que se ha venido modificando en detrimento de las mayor\u00edas, \u00bfd\u00f3nde est\u00e1 el sentido social de la Carta Magna? La misma que abri\u00f3 para el mundo una forma distinta de garantizar los derechos sociales colectivos.<\/p>\n<p>Este 5 de febrero, compa\u00f1eras y compa\u00f1eros, pregunto \u00bfes a\u00fan fecha de celebraci\u00f3n y orgullo para M\u00e9xico? \u00bfO debido a los certeros golpes que ha sufrido, ninguna conmemoraci\u00f3n es v\u00e1lida, ning\u00fan alarde patri\u00f3tico?<\/p>\n<p>Yo me resisto, yo creo que nuestra Ley Suprema a\u00fan contiene un buen n\u00famero de conquistas, principios y derechos a favor de las personas y de las comunidades.<\/p>\n<p>Y tambi\u00e9n creo que nosotros debemos convertirnos en los defensores de los derechos que a\u00fan persisten.<\/p>\n<p>En este sentido, vamos a continuar en el PRD nuestra defensa de la Constituci\u00f3n porque con ello asumimos el compromiso de defender a los m\u00e1s d\u00e9biles, a los m\u00e1s desprotegidos; y por otro lado, vamos a insistir, a proponer y a trabajar de manera coherente y consistente y sin descaso para devolverle a la Carta Marga ese sentido social que la hizo referencia para las menciones y orientadora para las mujeres y los hombres de nuestro pa\u00eds.<\/p>\n<p>Porque yo lo creo, y lo digo con toda firmeza, que este car\u00e1cter social de la Constituci\u00f3n no puede modificarse ni con imposiciones en la C\u00e1maras ni con mayoriteos artificiales, sino que est\u00e1 en la hechura, en el ADN de las mexicanas, en la buena madera de los mexicanos.<\/p>\n<p>Por lo tanto, compa\u00f1eras y compa\u00f1eros, ma\u00f1ana celebramos la Constituci\u00f3n, pero la nuestra, la que procura por una vida mejor para todos, la que debe proteger lo que es nuestro, el patrimonio nacional, los recursos del pa\u00eds, la que garantiza en temas fundamentales que las personas deben ser consultadas, lo mismo que fue \u00fatil para consolidar la paz y atisbar los derechos sociales.<\/p>\n<p>Con una Constituci\u00f3n a la altura de nuestro siglo y nuestra realidad, por un periodo legislativo donde se construyen consensos a fines a las necesidades de M\u00e9xico, hemos de trabajar apasionada, coherente y patri\u00f3ticamente en los meses por venir.<\/p>\n<p>As\u00ed lo haremos las Senadoras y los Senadores del PRD en esta C\u00e1mara Alta.<\/p>\n<p>Gracias, Senadora Presidenta.<\/p>\n<p><a href=\"http:\/\/www.eloriente.net\/home\/wp-content\/uploads\/2014\/02\/Benjam\u00edn-Robles-Senadores-PRD.jpg\"><img loading=\"lazy\" decoding=\"async\" class=\"alignnone size-medium wp-image-20449\" title=\"Benjam\u00edn Robles Senadores PRD\" src=\"http:\/\/www.eloriente.net\/home\/wp-content\/uploads\/2014\/02\/Benjam\u00edn-Robles-Senadores-PRD-300x199.jpg\" alt=\"\" width=\"300\" height=\"199\" srcset=\"http:\/\/www.eloriente.net\/home\/wp-content\/uploads\/2014\/02\/Benjam\u00edn-Robles-Senadores-PRD-300x199.jpg 300w, http:\/\/www.eloriente.net\/home\/wp-content\/uploads\/2014\/02\/Benjam\u00edn-Robles-Senadores-PRD.jpg 380w\" sizes=\"(max-width: 300px) 100vw, 300px\" \/><\/a><\/p>\n<p>&nbsp;<\/p>\n<p><strong>Otras Entradas:<\/strong><\/p>\n<p><a title=\"Permalink to Senado discute sobre C\u00f3digo Nacional de Procedimientos Penales, aqu\u00ed documento \u00edntegro\" href=\"http:\/\/www.eloriente.net\/home\/2014\/02\/04\/senado-discute-codigo-nacional-de-procedimientos-penales-consulta-documento-integro\/\" rel=\"bookmark\">Senado discute sobre C\u00f3digo Nacional de Procedimientos Penales, aqu\u00ed documento \u00edntegro<\/a><\/p>\n<p><a href=\"http:\/\/www.eloriente.net\/home\/2014\/02\/04\/senado-discute-codigo-nacional-de-procedimientos-penales-consulta-documento-integro\/\" rel=\"bookmark\"><img decoding=\"async\" title=\"Senado discute sobre C\u00f3digo Nacional de Procedimientos Penales, aqu\u00ed documento \u00edntegro\" src=\"http:\/\/www.eloriente.net\/home\/wp-content\/themes\/city-desk\/timthumb.php?src=http%3A%2F%2Fwww.eloriente.net%2Fhome%2Fwp-content%2Fuploads%2F2014%2F02%2FCARCEL-ESP.jpg&amp;q=90&amp;w=160&amp;h=106&amp;zc=1\" alt=\"Senado discute sobre C\u00f3digo Nacional de Procedimientos Penales, aqu\u00ed documento \u00edntegro\" \/><\/a><\/p>\n<p>eloriente.net 4 de febrero de 2014 ELORIENTE.NET pone a tu disposici\u00f3n el documento \u00edntegro del C\u00f3digo Nacional de Procedimientos Penales para consulta de nuestros lectores, tras la actual discusi\u00f3n sobre el tema en el recinto legislativo de la C\u00e1mara de Senadores, durante el inicio del\u00a0segundo periodo ordinario de sesiones del Congreso, correspondiente al Segundo A\u00f1o [&#8230;]<\/p>\n<p>February 4, 2014<\/p>\n<div id=\"post-20403\">\n<p><a title=\"Permalink to Laicidad y libertades\" href=\"http:\/\/www.eloriente.net\/home\/2014\/02\/03\/laicidad-y-libertades\/\" rel=\"bookmark\">Laicidad y libertades<\/a><\/p>\n<p><a href=\"http:\/\/www.eloriente.net\/home\/2014\/02\/03\/laicidad-y-libertades\/\" rel=\"bookmark\"><img decoding=\"async\" title=\"Laicidad y libertades\" src=\"http:\/\/www.eloriente.net\/home\/wp-content\/themes\/city-desk\/timthumb.php?src=http%3A%2F%2Fwww.eloriente.net%2Fhome%2Fwp-content%2Fuploads%2F2014%2F02%2FMiguel-Carbonell.png&amp;q=90&amp;w=160&amp;h=106&amp;zc=1\" alt=\"Laicidad y libertades\" \/><\/a>eloriente.net 3 de febrero de 2014 Por: Miguel Carbonell Da click en la imagen para visualizar la ponencia en el seminario \u201cLa Rep\u00fablica Laica y la Libertad de Convicciones \u00c9ticas, de Conciencia y de Religi\u00f3n\u201d, mesa de discusi\u00f3n Laicidad y Libertades. \u00a0 Entradas relacionadas: El v\u00ednculo entre derechos humanos y personalidad eloriente.net 21 de enero [&#8230;]<\/p>\n<p>February 3, 2014<\/p>\n<\/div>\n<div id=\"post-20364\">\n<p><a title=\"Permalink to Eval\u00faan desempe\u00f1o y conducta de jueces del Poder Judicial del Estado\" href=\"http:\/\/www.eloriente.net\/home\/2014\/02\/03\/evaluan-desempeno-y-conducta-de-jueces-del-poder-judicial-del-estado\/\" rel=\"bookmark\">Eval\u00faan desempe\u00f1o y conducta de jueces del Poder Judicial del Estado<\/a><\/p>\n<p><a href=\"http:\/\/www.eloriente.net\/home\/2014\/02\/03\/evaluan-desempeno-y-conducta-de-jueces-del-poder-judicial-del-estado\/\" rel=\"bookmark\"><img decoding=\"async\" title=\"Eval\u00faan desempe\u00f1o y conducta de jueces del Poder Judicial del Estado\" src=\"http:\/\/www.eloriente.net\/home\/wp-content\/themes\/city-desk\/timthumb.php?src=http%3A%2F%2Fwww.eloriente.net%2Fhome%2Fwp-content%2Fuploads%2F2014%2F02%2FTSJ.jpg&amp;q=90&amp;w=160&amp;h=106&amp;zc=1\" alt=\"Eval\u00faan desempe\u00f1o y conducta de jueces del Poder Judicial del Estado\" \/><\/a>eloriente.net\/TSJ 3 de febrero de 2014 Como parte del procedimiento de ratificaci\u00f3n de los juzgadores, correspondiente a este a\u00f1o se realiza la evaluaci\u00f3n rigurosa de su actuaci\u00f3n y compromiso con los derechos humanos. A trav\u00e9s de un nuevo proceso de evaluaci\u00f3n integral en el que se revisa tanto el desempe\u00f1o profesional de los juzgadores como [&#8230;]<\/p>\n<p>February 3, 2014<\/p>\n<\/div>\n\n\t\t\t  <div \n\t\t\t  \tclass = \"fb-comments\" \n\t\t\t  \tdata-href = \"http:\/\/www.eloriente.net\/home\/2014\/02\/04\/que-me-pregunten-para-devolver-sentido-social-a-constitucion-benjamin-robles-inicia-sesiones-senado\/\"\n\t\t\t  \tdata-numposts = \"10\"\n\t\t\t\tdata-colorscheme = \"dark\"\n\t\t\t\tdata-order-by = \"social\"\n\t\t\t\tdata-mobile=true>\n\t\t\t  <\/div>\n\t\t  <style>\n\t\t\t.fb_iframe_widget_fluid_desktop iframe {\n\t\t\t    width: 100% !important;\n\t\t\t}\n\t\t  <\/style>\n\t\t  ","protected":false},"excerpt":{"rendered":"<p>eloriente.net 4 de febrero de 2014 Este mediod\u00eda, el Senado de la Rep\u00fablica el denominado periodo &#8216;corto&#8217; de sesiones del a\u00f1o, que durar\u00e1 hasta el pr\u00f3ximo mes de abril. En este contexto, las diversas fracciones parlamentarias fijaron su posicionamiento por el inicio del periodo, pero adem\u00e1s se conmemor\u00f3 en sus respectivos mensajes el aniversario de [&hellip;]<\/p>\n","protected":false},"author":1,"featured_media":20449,"comment_status":"open","ping_status":"open","sticky":false,"template":"","format":"standard","meta":{"_jetpack_memberships_contains_paid_content":false,"footnotes":""},"categories":[91,32,10,24,21],"tags":[],"class_list":["post-20448","post","type-post","status-publish","format-standard","has-post-thumbnail","hentry","category-congreso-y-justicia","category-entradas","category-lo-mas-reciente","category-mexico-y-el-mundo","category-politica-y-gobierno"],"jetpack_featured_media_url":"http:\/\/www.eloriente.net\/home\/wp-content\/uploads\/2014\/02\/Benjam\u00edn-Robles-Senadores-PRD.jpg","jetpack_sharing_enabled":true,"_links":{"self":[{"href":"http:\/\/www.eloriente.net\/home\/wp-json\/wp\/v2\/posts\/20448"}],"collection":[{"href":"http:\/\/www.eloriente.net\/home\/wp-json\/wp\/v2\/posts"}],"about":[{"href":"http:\/\/www.eloriente.net\/home\/wp-json\/wp\/v2\/types\/post"}],"author":[{"embeddable":true,"href":"http:\/\/www.eloriente.net\/home\/wp-json\/wp\/v2\/users\/1"}],"replies":[{"embeddable":true,"href":"http:\/\/www.eloriente.net\/home\/wp-json\/wp\/v2\/comments?post=20448"}],"version-history":[{"count":3,"href":"http:\/\/www.eloriente.net\/home\/wp-json\/wp\/v2\/posts\/20448\/revisions"}],"predecessor-version":[{"id":20451,"href":"http:\/\/www.eloriente.net\/home\/wp-json\/wp\/v2\/posts\/20448\/revisions\/20451"}],"wp:featuredmedia":[{"embeddable":true,"href":"http:\/\/www.eloriente.net\/home\/wp-json\/wp\/v2\/media\/20449"}],"wp:attachment":[{"href":"http:\/\/www.eloriente.net\/home\/wp-json\/wp\/v2\/media?parent=20448"}],"wp:term":[{"taxonomy":"category","embeddable":true,"href":"http:\/\/www.eloriente.net\/home\/wp-json\/wp\/v2\/categories?post=20448"},{"taxonomy":"post_tag","embeddable":true,"href":"http:\/\/www.eloriente.net\/home\/wp-json\/wp\/v2\/tags?post=20448"}],"curies":[{"name":"wp","href":"https:\/\/api.w.org\/{rel}","templated":true}]}}