{"id":20471,"date":"2014-02-05T09:07:40","date_gmt":"2014-02-05T15:07:40","guid":{"rendered":"http:\/\/www.eloriente.net\/home\/?p=20471"},"modified":"2014-02-05T09:15:54","modified_gmt":"2014-02-05T15:15:54","slug":"reconocen-avances-en-materia-de-justicia-para-adolescentes-en-oaxaca","status":"publish","type":"post","link":"http:\/\/www.eloriente.net\/home\/2014\/02\/05\/reconocen-avances-en-materia-de-justicia-para-adolescentes-en-oaxaca\/","title":{"rendered":"Reconocen avances en materia de justicia para adolescentes en Oaxaca"},"content":{"rendered":"<p>eloriente.net\/TSJ<\/p>\n<p>5 de febrero de 2014<\/p>\n<p><strong>El magistrado Alfredo Lagunas Rivera, se reuni\u00f3 con la presidente del Tribunal de Justicia para Adolescentes del Estado de Morelos, Ana Virinia P\u00e9rez G\u00fcemes.<\/strong><\/p>\n<p>Oaxaca es punta de lanza en el impulso al fortalecimiento de la justicia para adolescentes, por ello es imprescindible reconocer la labor realizada en esta materia y tomarla como modelo en las dem\u00e1s entidades del pa\u00eds, afirm\u00f3 la presidenta del Tribunal Unitario de Justicia para Adolescentes del Estado de Morelos, Ana Virinia P\u00e9rez G\u00fcemes y Ocampo, al reunirse con el titular del Poder Judicial, magistrado Alfredo Lagunas Rivera.<\/p>\n<p>Durante el encuentro, en el que intercambiaron impresiones y puntos de vista relacionados con la administraci\u00f3n de justicia y de inter\u00e9s para ambas instituciones, coincidieron en continuar sumando esfuerzos con la finalidad de construir y consolidar en el pa\u00eds un sistema de justicia juvenil m\u00e1s humano y garantista.<\/p>\n<p>Como parte de esta labor, la magistrada P\u00e9rez G\u00fcemes y Ocampo se refiri\u00f3 a los resultados del Segundo Congreso Internacional de Justicia para Adolescentes, efectuado en el mes de noviembre del 2013 en Morelos, donde los Poderes Judiciales de las entidades concretaron aportaciones para crear una legislaci\u00f3n unificada que rija a los Tribunales de todo el pa\u00eds, basada en el C\u00f3digo Procesal Federal actualmente en an\u00e1lisis en la C\u00e1mara de Diputados.<\/p>\n<p>Asimismo, anticip\u00f3 que por la estrecha relaci\u00f3n que mantienen ambas entidades, se avanza en la planeaci\u00f3n del Tercer Congreso Internacional de Justicia para Adolescentes, el cual podr\u00eda desarrollarse este a\u00f1o en el Distrito Federal y al que se espera la llegada de titulares de tribunales especializados y servidores p\u00fablicos judiciales de varios estados, para actualizarse con el apoyo de especialistas de talla internacional.<\/p>\n<p>Por su parte, el magistrado Alfredo Lagunas Rivera resalt\u00f3 el inter\u00e9s del estado de Morelos por estrechar lazos de colaboraci\u00f3n con el Poder Judicial de Oaxaca y conocer de cerca el trabajo en materia de justicia para adolescentes, pues es compromiso de la instituci\u00f3n elevar al m\u00e1ximo nivel la rehabilitaci\u00f3n de los j\u00f3venes y prevenir el incremento de las conductas delictivas en el futuro a trav\u00e9s de un servicio acorde a sus necesidades.<\/p>\n<p>\u00abLa intenci\u00f3n es intercambiar experiencias y promover ideas para mejorar el servicio de justicia hacia aquellos adolescentes que mantienen conflictos con la ley penal y que requieren reinsertarse en la sociedad\u00bb, coment\u00f3.<\/p>\n<p>Al respecto, ambos funcionarios concluyeron que a pesar de que en algunos estados no se ha dado la importancia que se debe al tema, es tarea indispensable continuar con la labor de preparaci\u00f3n y capacitaci\u00f3n de los servidores judiciales para impartir una justicia acorde a los principios y garant\u00edas constitucionales, con pleno respeto a los derechos humanos.<\/p>\n<p>Cabe se\u00f1alar que en el mes de noviembre pasado, en el marco del Segundo Congreso Internacional de Justicia para Adolescentes, en Morelos, el magistrado Alfredo Lagunas Rivera, recibi\u00f3 una estatuilla de plata por ser la entidad pionera en el impulso y desarrollo del Primer Congreso Internacional de Justicia Juvenil en el a\u00f1o 2012.<\/p>\n<p>&nbsp;<\/p>\n<p><a href=\"http:\/\/www.eloriente.net\/home\/wp-content\/uploads\/2014\/02\/TSJ1.jpg\"><img loading=\"lazy\" decoding=\"async\" class=\"alignnone size-medium wp-image-20472\" title=\"TSJ\" src=\"http:\/\/www.eloriente.net\/home\/wp-content\/uploads\/2014\/02\/TSJ1-300x289.jpg\" alt=\"\" width=\"300\" height=\"289\" srcset=\"http:\/\/www.eloriente.net\/home\/wp-content\/uploads\/2014\/02\/TSJ1-300x289.jpg 300w, http:\/\/www.eloriente.net\/home\/wp-content\/uploads\/2014\/02\/TSJ1.jpg 560w\" sizes=\"(max-width: 300px) 100vw, 300px\" \/><\/a><\/p>\n<p>Foto: TSJ<\/p>\n<p>&nbsp;<\/p>\n<p><strong>Entradas relacionadas:<\/strong><\/p>\n<p><a title=\"Permalink to Que Me Pregunten para devolver \u2018sentido social\u2019 a Constituci\u00f3n: Benjam\u00edn Robles; inicia sesiones Senado\" href=\"http:\/\/www.eloriente.net\/home\/2014\/02\/04\/que-me-pregunten-para-devolver-sentido-social-a-constitucion-benjamin-robles-inicia-sesiones-senado\/\" rel=\"bookmark\">Que Me Pregunten para devolver \u2018sentido social\u2019 a Constituci\u00f3n: Benjam\u00edn Robles; inicia sesiones Senado<\/a><\/p>\n<p><a href=\"http:\/\/www.eloriente.net\/home\/2014\/02\/04\/que-me-pregunten-para-devolver-sentido-social-a-constitucion-benjamin-robles-inicia-sesiones-senado\/\" rel=\"bookmark\"><img decoding=\"async\" title=\"Que Me Pregunten para devolver \u2018sentido social\u2019 a Constituci\u00f3n: Benjam\u00edn Robles; inicia sesiones Senado\" src=\"http:\/\/www.eloriente.net\/home\/wp-content\/themes\/city-desk\/timthumb.php?src=http%3A%2F%2Fwww.eloriente.net%2Fhome%2Fwp-content%2Fuploads%2F2014%2F02%2FBenjam%C3%ADn-Robles-Senadores-PRD.jpg&amp;q=90&amp;w=160&amp;h=106&amp;zc=1\" alt=\"Que Me Pregunten para devolver \u2018sentido social\u2019 a Constituci\u00f3n: Benjam\u00edn Robles; inicia sesiones Senado\" \/><\/a><\/p>\n<p>eloriente.net 4 de febrero de 2014 Este mediod\u00eda, el Senado de la Rep\u00fablica el denominado periodo \u2018corto\u2019 de sesiones del a\u00f1o, que durar\u00e1 hasta el pr\u00f3ximo mes de abril. En este contexto, las diversas fracciones parlamentarias fijaron su posicionamiento por el inicio del periodo, pero adem\u00e1s se conmemor\u00f3 en sus respectivos mensajes el aniversario de [&#8230;]<\/p>\n<p>February 4, 2014<\/p>\n<div id=\"post-20364\">\n<p><a title=\"Permalink to Eval\u00faan desempe\u00f1o y conducta de jueces del Poder Judicial del Estado\" href=\"http:\/\/www.eloriente.net\/home\/2014\/02\/03\/evaluan-desempeno-y-conducta-de-jueces-del-poder-judicial-del-estado\/\" rel=\"bookmark\">Eval\u00faan desempe\u00f1o y conducta de jueces del Poder Judicial del Estado<\/a><\/p>\n<p><a href=\"http:\/\/www.eloriente.net\/home\/2014\/02\/03\/evaluan-desempeno-y-conducta-de-jueces-del-poder-judicial-del-estado\/\" rel=\"bookmark\"><img decoding=\"async\" title=\"Eval\u00faan desempe\u00f1o y conducta de jueces del Poder Judicial del Estado\" src=\"http:\/\/www.eloriente.net\/home\/wp-content\/themes\/city-desk\/timthumb.php?src=http%3A%2F%2Fwww.eloriente.net%2Fhome%2Fwp-content%2Fuploads%2F2014%2F02%2FTSJ.jpg&amp;q=90&amp;w=160&amp;h=106&amp;zc=1\" alt=\"Eval\u00faan desempe\u00f1o y conducta de jueces del Poder Judicial del Estado\" \/><\/a><\/p>\n<p>eloriente.net\/TSJ 3 de febrero de 2014 Como parte del procedimiento de ratificaci\u00f3n de los juzgadores, correspondiente a este a\u00f1o se realiza la evaluaci\u00f3n rigurosa de su actuaci\u00f3n y compromiso con los derechos humanos. A trav\u00e9s de un nuevo proceso de evaluaci\u00f3n integral en el que se revisa tanto el desempe\u00f1o profesional de los juzgadores como [&#8230;]<\/p>\n<p>February 3, 2014<\/p>\n<\/div>\n<div id=\"post-20280\">\n<p><a title=\"Permalink to Promueve Poder Judicial formaci\u00f3n de abogados con \u00e9tica jur\u00eddica\" href=\"http:\/\/www.eloriente.net\/home\/2014\/01\/29\/promueve-poder-judicial-formacion-de-abogados-con-etica-juridica\/\" rel=\"bookmark\">Promueve Poder Judicial formaci\u00f3n de abogados con \u00e9tica jur\u00eddica<\/a><\/p>\n<p><a href=\"http:\/\/www.eloriente.net\/home\/2014\/01\/29\/promueve-poder-judicial-formacion-de-abogados-con-etica-juridica\/\" rel=\"bookmark\"><img decoding=\"async\" title=\"Promueve Poder Judicial formaci\u00f3n de abogados con \u00e9tica jur\u00eddica\" src=\"http:\/\/www.eloriente.net\/home\/wp-content\/themes\/city-desk\/timthumb.php?src=http%3A%2F%2Fwww.eloriente.net%2Fhome%2Fwp-content%2Fuploads%2F2014%2F01%2FTSJ6.jpg&amp;q=90&amp;w=160&amp;h=106&amp;zc=1\" alt=\"Promueve Poder Judicial formaci\u00f3n de abogados con \u00e9tica jur\u00eddica\" \/><\/a><\/p>\n<p>eloriente.net\/TSJ 29 de enero de 2013 Como parte de la implementaci\u00f3n de pol\u00edticas de calidad, se promovi\u00f3 la creaci\u00f3n de un C\u00f3digo Modelo de \u00c9tica para Estudiantes. El Poder Judicial del Estado es considerado pionero, a nivel nacional, en la creaci\u00f3n de un C\u00f3digo Modelo de \u00c9tica para Estudiantes, resultado del an\u00e1lisis y estudio de [&#8230;]<\/p>\n<p>January 29, 2014<\/p>\n<\/div>\n\n\t\t\t  <div \n\t\t\t  \tclass = \"fb-comments\" \n\t\t\t  \tdata-href = \"http:\/\/www.eloriente.net\/home\/2014\/02\/05\/reconocen-avances-en-materia-de-justicia-para-adolescentes-en-oaxaca\/\"\n\t\t\t  \tdata-numposts = \"10\"\n\t\t\t\tdata-colorscheme = \"dark\"\n\t\t\t\tdata-order-by = \"social\"\n\t\t\t\tdata-mobile=true>\n\t\t\t  <\/div>\n\t\t  <style>\n\t\t\t.fb_iframe_widget_fluid_desktop iframe {\n\t\t\t    width: 100% !important;\n\t\t\t}\n\t\t  <\/style>\n\t\t  ","protected":false},"excerpt":{"rendered":"<p>eloriente.net\/TSJ 5 de febrero de 2014 El magistrado Alfredo Lagunas Rivera, se reuni\u00f3 con la presidente del Tribunal de Justicia para Adolescentes del Estado de Morelos, Ana Virinia P\u00e9rez G\u00fcemes. Oaxaca es punta de lanza en el impulso al fortalecimiento de la justicia para adolescentes, por ello es imprescindible reconocer la labor realizada en esta [&hellip;]<\/p>\n","protected":false},"author":26,"featured_media":20472,"comment_status":"open","ping_status":"open","sticky":false,"template":"","format":"standard","meta":{"_jetpack_memberships_contains_paid_content":false,"footnotes":""},"categories":[91,32,10,21],"tags":[],"class_list":["post-20471","post","type-post","status-publish","format-standard","has-post-thumbnail","hentry","category-congreso-y-justicia","category-entradas","category-lo-mas-reciente","category-politica-y-gobierno"],"jetpack_featured_media_url":"http:\/\/www.eloriente.net\/home\/wp-content\/uploads\/2014\/02\/TSJ1.jpg","jetpack_sharing_enabled":true,"_links":{"self":[{"href":"http:\/\/www.eloriente.net\/home\/wp-json\/wp\/v2\/posts\/20471"}],"collection":[{"href":"http:\/\/www.eloriente.net\/home\/wp-json\/wp\/v2\/posts"}],"about":[{"href":"http:\/\/www.eloriente.net\/home\/wp-json\/wp\/v2\/types\/post"}],"author":[{"embeddable":true,"href":"http:\/\/www.eloriente.net\/home\/wp-json\/wp\/v2\/users\/26"}],"replies":[{"embeddable":true,"href":"http:\/\/www.eloriente.net\/home\/wp-json\/wp\/v2\/comments?post=20471"}],"version-history":[{"count":3,"href":"http:\/\/www.eloriente.net\/home\/wp-json\/wp\/v2\/posts\/20471\/revisions"}],"predecessor-version":[{"id":20474,"href":"http:\/\/www.eloriente.net\/home\/wp-json\/wp\/v2\/posts\/20471\/revisions\/20474"}],"wp:featuredmedia":[{"embeddable":true,"href":"http:\/\/www.eloriente.net\/home\/wp-json\/wp\/v2\/media\/20472"}],"wp:attachment":[{"href":"http:\/\/www.eloriente.net\/home\/wp-json\/wp\/v2\/media?parent=20471"}],"wp:term":[{"taxonomy":"category","embeddable":true,"href":"http:\/\/www.eloriente.net\/home\/wp-json\/wp\/v2\/categories?post=20471"},{"taxonomy":"post_tag","embeddable":true,"href":"http:\/\/www.eloriente.net\/home\/wp-json\/wp\/v2\/tags?post=20471"}],"curies":[{"name":"wp","href":"https:\/\/api.w.org\/{rel}","templated":true}]}}