{"id":20482,"date":"2014-02-05T09:50:55","date_gmt":"2014-02-05T15:50:55","guid":{"rendered":"http:\/\/www.eloriente.net\/home\/?p=20482"},"modified":"2014-02-05T09:50:55","modified_gmt":"2014-02-05T15:50:55","slug":"congreso-del-estado-intervendra-en-conflicto-poselectoral-en-san-jose-cosolopa","status":"publish","type":"post","link":"http:\/\/www.eloriente.net\/home\/2014\/02\/05\/congreso-del-estado-intervendra-en-conflicto-poselectoral-en-san-jose-cosolopa\/","title":{"rendered":"Congreso del Estado intervendr\u00e1 en conflicto poselectoral en San Jos\u00e9 Cosolopa"},"content":{"rendered":"<p>eloriente.net\/Congreso del Estado<\/p>\n<p>5 de febrero de 2014<\/p>\n<p><strong>El diputado Manuel P\u00e9rez Morales pide desaparecer poderes y nombrar a un administrador. <\/strong><\/p>\n<p><strong>El legislador Gustavo D\u00edaz S\u00e1nchez pide que se busque una salida inmediata antes que se desborden los \u00e1nimos de la sociedad cosolapense.<\/strong><\/p>\n<p>Para atender el conflicto poselectoral en San Jos\u00e9 Cosolapa, el Congreso del Estado actuar\u00e1 con apego a la ley, pues el Poder Legislativo debe ser el primero en acatar las disposiciones para hacer cumplir el procedimiento correspondiente, manifest\u00f3 la diputada presidenta de la Comisi\u00f3n Permanente de Gobernaci\u00f3n de la LXII Legislatura, Mar\u00eda Lilia Arcelia Mendoza Cruz, del PRI.<\/p>\n<p>Y es que durante la sesi\u00f3n ordinaria realizada el jueves 30 de enero, el diputado Manuel P\u00e9rez Morales, del Partido Social Dem\u00f3crata (PSD), denunci\u00f3 que el mi\u00e9rcoles de la semana pasada fueron detenidos arbitrariamente tres ciudadanos de Cosolapa cuando se manifestaban contra la ingobernabilidad que priva en ese municipio ubicado en la regi\u00f3n de la Cuenca del Papaloapan.<\/p>\n<p>Aunado a ello, precis\u00f3 el legislador pecedista, al d\u00eda siguiente detuvieron a diez ciudadanos m\u00e1s en el mismo municipio, por lo que pidi\u00f3 a la Comisi\u00f3n Permanente de Gobernaci\u00f3n que \u00abagilice la integraci\u00f3n del expediente para desaparecer poderes y se evite un ba\u00f1o de sangre en esa localidad\u00bb.<\/p>\n<p>Por ello, pidi\u00f3 a la Comisi\u00f3n Permanente de Gobernaci\u00f3n, que preside la diputada Cruz Mendoza, emita un dictamen para que a la brevedad se decrete, en sesi\u00f3n extraordinaria, la desaparici\u00f3n de poderes en ese municipio y se nombre a un administrador que permita generar condiciones para llevar a cabo una asamblea debidamente vigilada.<\/p>\n<p>El diputado P\u00e9rez Morales llam\u00f3 a sus compa\u00f1eros a asumir esa responsabilidad atendiendo el conflicto sin entrar en confrontaciones con el Poder Ejecutivo y respetando la normatividad, pero d\u00e1ndole agilidad al proceso antes de que la violencia se desborde en Cosolapa.<\/p>\n<p>Por su parte, la diputada presidenta de la Comisi\u00f3n Permanente de Gobernaci\u00f3n, Lilia Mendoza Cruz, indic\u00f3 que el Congreso del Estado debe ser el primero en acatar las disposiciones, porque la desaparici\u00f3n de poderes en cualquier municipio conlleva un procedimiento y es necesario cumplirlo, pues hacerlo por decisiones unilaterales los convierte en actores que truncan la ley.<\/p>\n<p>La legisladora del PRI inform\u00f3 que la Comisi\u00f3n que preside est\u00e1 integrando debidamente los expedientes, los cuales, dijo, a\u00fan est\u00e1n incompletos para poder iniciar el procedimiento de la desaparici\u00f3n de poderes.<\/p>\n<p>\u00abSabemos de los casos de ingobernabilidad que prevalecen en varios municipios de la entidad y conocemos de los hechos por informaci\u00f3n de algunos actores o a trav\u00e9s de la prensa, pero para hacer legal el procedimiento de desaparici\u00f3n de poderes es necesario integrar un expediente\u00bb, argument\u00f3.<\/p>\n<p>\u00abAs\u00ed, el Congreso del Estado podr\u00e1 tomar las decisiones pertinentes, por lo que debemos ser los primeros en poner el ejemplo, cumpliendo con lo que la ley mandata\u00bb, subray\u00f3.<\/p>\n<p>En tanto, el diputado Gustavo D\u00edaz S\u00e1nchez, del PRI, pidi\u00f3 a la referida Comisi\u00f3n legislativa que agilice este procedimiento, pues el conflicto ya lleva un mes y se intensifican las acciones antagonistas sin que se d\u00e9 seguimiento puntual.<\/p>\n<p>Legislador por esa zona de la Cuenca, D\u00edaz S\u00e1nchez demand\u00f3 la acci\u00f3n inmediata del Congreso del Estado, a trav\u00e9s de la integraci\u00f3n que la Comisi\u00f3n Permanente de Gobernaci\u00f3n, para que haga el dictamen y busque una salida inmediata antes que se desborden los \u00e1nimos de la sociedad cosolapense.<\/p>\n<p>&nbsp;<\/p>\n<p><a href=\"http:\/\/www.eloriente.net\/home\/wp-content\/uploads\/2014\/02\/diputada.jpg\"><img loading=\"lazy\" decoding=\"async\" class=\"alignnone size-medium wp-image-20483\" title=\"diputada\" src=\"http:\/\/www.eloriente.net\/home\/wp-content\/uploads\/2014\/02\/diputada-300x196.jpg\" alt=\"\" width=\"300\" height=\"196\" srcset=\"http:\/\/www.eloriente.net\/home\/wp-content\/uploads\/2014\/02\/diputada-300x196.jpg 300w, http:\/\/www.eloriente.net\/home\/wp-content\/uploads\/2014\/02\/diputada-1024x671.jpg 1024w, http:\/\/www.eloriente.net\/home\/wp-content\/uploads\/2014\/02\/diputada.jpg 1037w\" sizes=\"(max-width: 300px) 100vw, 300px\" \/><\/a><\/p>\n<p>Foto: Congreso del Estado<\/p>\n<p>&nbsp;<\/p>\n<p><strong>Entradas relacionadas:<\/strong><\/p>\n<p><a title=\"Permalink to Mesa Directiva provisional nombra Oficial Mayor, Tesorero y Contralor en Legislatura de Oaxaca\" href=\"http:\/\/www.eloriente.net\/home\/2014\/01\/31\/mesa-directiva-provisional-nombra-oficial-mayor-tesorero-y-contralor-en-legislatura-de-oaxaca\/\" rel=\"bookmark\">Mesa Directiva provisional nombra Oficial Mayor, Tesorero y Contralor en Legislatura de Oaxaca<\/a><\/p>\n<p><a href=\"http:\/\/www.eloriente.net\/home\/2014\/01\/31\/mesa-directiva-provisional-nombra-oficial-mayor-tesorero-y-contralor-en-legislatura-de-oaxaca\/\" rel=\"bookmark\"><img decoding=\"async\" title=\"Mesa Directiva provisional nombra Oficial Mayor, Tesorero y Contralor en Legislatura de Oaxaca\" src=\"http:\/\/www.eloriente.net\/home\/wp-content\/themes\/city-desk\/timthumb.php?src=http%3A%2F%2Fwww.eloriente.net%2Fhome%2Fwp-content%2Fuploads%2F2014%2F01%2FProtesta-Congreso-Oaxaca-Oficial-Mayor.jpg&amp;q=90&amp;w=160&amp;h=106&amp;zc=1\" alt=\"Mesa Directiva provisional nombra Oficial Mayor, Tesorero y Contralor en Legislatura de Oaxaca\" \/><\/a><\/p>\n<p>eloriente.net\/Congreso de Oaxaca 31 de enero de 2014 + Rafael Mendoza Kaplan es designado Coordinador de Asesores de la Junta de Coordinaci\u00f3n Pol\u00edtica por el diputado presidente del \u00f3rgano legislativo, Alejandro Avil\u00e9s \u00c1lvarez SAN RAYMUNDO Jalpan, Oaxaca, enero 30. (Comunicado)- La LXII Legislatura del Estado, en sesi\u00f3n ordinaria efectuada la noche de este jueves, design\u00f3 [&#8230;]<\/p>\n<p>January 31, 2014<\/p>\n<p><a title=\"Permalink to La Guelaguetza, por primera vez, ya es autosostenible: Jos\u00e9 Zorrilla ante Diputados\" href=\"http:\/\/www.eloriente.net\/home\/2014\/01\/30\/la-guelaguetza-por-primera-vez-ya-es-autosostenible-jose-zorrilla-ante-diputados\/\" rel=\"bookmark\">La Guelaguetza, por primera vez, ya es autosostenible: Jos\u00e9 Zorrilla ante Diputados<\/a><\/p>\n<p><a href=\"http:\/\/www.eloriente.net\/home\/2014\/01\/30\/la-guelaguetza-por-primera-vez-ya-es-autosostenible-jose-zorrilla-ante-diputados\/\" rel=\"bookmark\"><img decoding=\"async\" title=\"La Guelaguetza, por primera vez, ya es autosostenible: Jos\u00e9 Zorrilla ante Diputados\" src=\"http:\/\/www.eloriente.net\/home\/wp-content\/themes\/city-desk\/timthumb.php?src=http%3A%2F%2Fwww.eloriente.net%2Fhome%2Fwp-content%2Fuploads%2F2014%2F01%2FComparecencia-Secretario-de-Turismo-Congreso.jpg&amp;q=90&amp;w=160&amp;h=106&amp;zc=1\" alt=\"La Guelaguetza, por primera vez, ya es autosostenible: Jos\u00e9 Zorrilla ante Diputados\" \/><\/a><\/p>\n<p>eloriente.net\/Congreso del Estado 30 de enero de 2014 SAN RAYMUNDO Jalpan, Oaxaca, enero 29.-\u00a0 Diputados de la LXII Legislatura del Estado exhortaron al Secretario de Turismo y Desarrollo Econ\u00f3mico (STYDE), Jos\u00e9 Zorrilla de San Mart\u00edn Diego, a cambiar la actitud y las estrategias de gobierno para darles una visi\u00f3n de Estado y empezar a transformar [&#8230;]<\/p>\n<p>January 30, 2014<\/p>\n<p><a title=\"Permalink to Diputadas solicitan garantizar participaci\u00f3n de mujeres y j\u00f3venes en cargos de elecci\u00f3n popular\" href=\"http:\/\/www.eloriente.net\/home\/2014\/01\/27\/diputadas-solicitan-garantizar-participacion-de-mujeres-y-jovenes-en-cargos-de-eleccion-popular\/\" rel=\"bookmark\">Diputadas solicitan garantizar participaci\u00f3n de mujeres y j\u00f3venes en cargos de elecci\u00f3n popular<\/a><\/p>\n<p><a href=\"http:\/\/www.eloriente.net\/home\/2014\/01\/27\/diputadas-solicitan-garantizar-participacion-de-mujeres-y-jovenes-en-cargos-de-eleccion-popular\/\" rel=\"bookmark\"><img decoding=\"async\" title=\"Diputadas solicitan garantizar participaci\u00f3n de mujeres y j\u00f3venes en cargos de elecci\u00f3n popular\" src=\"http:\/\/www.eloriente.net\/home\/wp-content\/themes\/city-desk\/timthumb.php?src=http%3A%2F%2Fwww.eloriente.net%2Fhome%2Fwp-content%2Fuploads%2F2014%2F01%2FDip-Carmelita-Ric%C3%A1rdez.jpg&amp;q=90&amp;w=160&amp;h=106&amp;zc=1\" alt=\"Diputadas solicitan garantizar participaci\u00f3n de mujeres y j\u00f3venes en cargos de elecci\u00f3n popular\" \/><\/a><\/p>\n<p>eloriente.net\/C\u00e1mara de Diputados 27 de enero de 2014 La propuesta tiene como objetivo hacer equitativo el acceso de hombres y mujeres a los \u00f3rganos de gobierno, afirman diputadas del PRI en su iniciativa con proyecto de decreto. Diputadas de la fracci\u00f3n parlamentaria del PRI en la LXII Legislatura del Estado, propusieron adiciones y reformas en [&#8230;]<\/p>\n<p>January 27, 2014<\/p>\n\n\t\t\t  <div \n\t\t\t  \tclass = \"fb-comments\" \n\t\t\t  \tdata-href = \"http:\/\/www.eloriente.net\/home\/2014\/02\/05\/congreso-del-estado-intervendra-en-conflicto-poselectoral-en-san-jose-cosolopa\/\"\n\t\t\t  \tdata-numposts = \"10\"\n\t\t\t\tdata-colorscheme = \"dark\"\n\t\t\t\tdata-order-by = \"social\"\n\t\t\t\tdata-mobile=true>\n\t\t\t  <\/div>\n\t\t  <style>\n\t\t\t.fb_iframe_widget_fluid_desktop iframe {\n\t\t\t    width: 100% !important;\n\t\t\t}\n\t\t  <\/style>\n\t\t  ","protected":false},"excerpt":{"rendered":"<p>eloriente.net\/Congreso del Estado 5 de febrero de 2014 El diputado Manuel P\u00e9rez Morales pide desaparecer poderes y nombrar a un administrador. El legislador Gustavo D\u00edaz S\u00e1nchez pide que se busque una salida inmediata antes que se desborden los \u00e1nimos de la sociedad cosolapense. Para atender el conflicto poselectoral en San Jos\u00e9 Cosolapa, el Congreso del [&hellip;]<\/p>\n","protected":false},"author":26,"featured_media":20483,"comment_status":"open","ping_status":"open","sticky":false,"template":"","format":"standard","meta":{"_jetpack_memberships_contains_paid_content":false,"footnotes":""},"categories":[91,32],"tags":[],"class_list":["post-20482","post","type-post","status-publish","format-standard","has-post-thumbnail","hentry","category-congreso-y-justicia","category-entradas"],"jetpack_featured_media_url":"http:\/\/www.eloriente.net\/home\/wp-content\/uploads\/2014\/02\/diputada.jpg","jetpack_sharing_enabled":true,"_links":{"self":[{"href":"http:\/\/www.eloriente.net\/home\/wp-json\/wp\/v2\/posts\/20482"}],"collection":[{"href":"http:\/\/www.eloriente.net\/home\/wp-json\/wp\/v2\/posts"}],"about":[{"href":"http:\/\/www.eloriente.net\/home\/wp-json\/wp\/v2\/types\/post"}],"author":[{"embeddable":true,"href":"http:\/\/www.eloriente.net\/home\/wp-json\/wp\/v2\/users\/26"}],"replies":[{"embeddable":true,"href":"http:\/\/www.eloriente.net\/home\/wp-json\/wp\/v2\/comments?post=20482"}],"version-history":[{"count":2,"href":"http:\/\/www.eloriente.net\/home\/wp-json\/wp\/v2\/posts\/20482\/revisions"}],"predecessor-version":[{"id":20485,"href":"http:\/\/www.eloriente.net\/home\/wp-json\/wp\/v2\/posts\/20482\/revisions\/20485"}],"wp:featuredmedia":[{"embeddable":true,"href":"http:\/\/www.eloriente.net\/home\/wp-json\/wp\/v2\/media\/20483"}],"wp:attachment":[{"href":"http:\/\/www.eloriente.net\/home\/wp-json\/wp\/v2\/media?parent=20482"}],"wp:term":[{"taxonomy":"category","embeddable":true,"href":"http:\/\/www.eloriente.net\/home\/wp-json\/wp\/v2\/categories?post=20482"},{"taxonomy":"post_tag","embeddable":true,"href":"http:\/\/www.eloriente.net\/home\/wp-json\/wp\/v2\/tags?post=20482"}],"curies":[{"name":"wp","href":"https:\/\/api.w.org\/{rel}","templated":true}]}}