{"id":20486,"date":"2014-02-05T10:08:13","date_gmt":"2014-02-05T16:08:13","guid":{"rendered":"http:\/\/www.eloriente.net\/home\/?p=20486"},"modified":"2014-02-05T10:11:44","modified_gmt":"2014-02-05T16:11:44","slug":"cursan-policias-municipales-educacion-media-superior","status":"publish","type":"post","link":"http:\/\/www.eloriente.net\/home\/2014\/02\/05\/cursan-policias-municipales-educacion-media-superior\/","title":{"rendered":"Cursan polic\u00edas municipales educaci\u00f3n media superior"},"content":{"rendered":"<p>eloriente.net\/<a href=\"http:\/\/www.municipiodeoaxaca.gob.mx\/\" target=\"_blank\">Ayuntamiento de Oaxaca de Ju\u00e1rez<\/a><\/p>\n<p>5 de febrero de 2014<\/p>\n<p>Para contar con elementos de polic\u00eda mejor preparados y m\u00e1s profesionales, la Comisar\u00eda de Seguridad P\u00fablica del Honorable Ayuntamiento de Oaxaca de Ju\u00e1rez, apoya a los elementos de la corporaci\u00f3n para que concluyan sus estudios de nivel medio superior.<\/p>\n<p>Al respecto, la responsable del programa, Mar\u00eda Guadalupe Y\u00e1\u00f1ez Santos destac\u00f3 que es una prioridad de la Comisar\u00eda de Seguridad P\u00fablica disponer de elementos policiacos con una preparaci\u00f3n acad\u00e9mica y capacitaci\u00f3n permanente, de tal manera que se reflejar\u00e1 en su actuar diario y reacci\u00f3n ante los hechos delictivos.<\/p>\n<p>Asimismo destac\u00f3, que los elementos adscritos a la corporaci\u00f3n municipal desean por voluntad propia continuar con sus estudios y lograr con ello superaci\u00f3n personal.<\/p>\n<p>A\u00f1adi\u00f3 adem\u00e1s, que los polic\u00edas de la corporaci\u00f3n han mostrado muy buena disponibilidad, ya que las asesor\u00edas las toman durante sus d\u00edas de franquicia, lo que representa un esfuerzo m\u00e1s para ellos y sus familias.<\/p>\n<p>Y\u00e1\u00f1ez Santos detall\u00f3 que la Comisar\u00eda municipal cuenta con un convenio de colaboraci\u00f3n y plan de estudios con el Instituto Estatal de Educaci\u00f3n P\u00fablica de Oaxaca (IEEPO), en el que se prev\u00e9 culminen la preparatoria en un lapso de 8 meses.<\/p>\n<p>&nbsp;<\/p>\n<p><a href=\"http:\/\/www.eloriente.net\/home\/wp-content\/uploads\/2014\/02\/policias.jpg\"><img loading=\"lazy\" decoding=\"async\" class=\"alignnone size-medium wp-image-20487\" title=\"policias\" src=\"http:\/\/www.eloriente.net\/home\/wp-content\/uploads\/2014\/02\/policias-300x171.jpg\" alt=\"\" width=\"300\" height=\"171\" srcset=\"http:\/\/www.eloriente.net\/home\/wp-content\/uploads\/2014\/02\/policias-300x171.jpg 300w, http:\/\/www.eloriente.net\/home\/wp-content\/uploads\/2014\/02\/policias.jpg 1019w\" sizes=\"(max-width: 300px) 100vw, 300px\" \/><\/a><\/p>\n<p>Foto: Ayuntamiento de Oaxaca de Ju\u00e1rez<\/p>\n<p>&nbsp;<\/p>\n<p><strong>Entradas relacionadas:\u00a0<\/strong><\/p>\n<p><a title=\"Permalink to Acuerdan grupos de autodefensa en Michoac\u00e1n reintegrarse a la vida institucional\" href=\"http:\/\/www.eloriente.net\/home\/2014\/01\/27\/acuerdan-grupos-ciudadanos-gobierno-de-michoacan-y-federal-reintegrarse-a-la-vida-institucional\/\" rel=\"bookmark\">Acuerdan grupos de autodefensa en Michoac\u00e1n reintegrarse a la vida institucional<\/a><\/p>\n<p><a href=\"http:\/\/www.eloriente.net\/home\/2014\/01\/27\/acuerdan-grupos-ciudadanos-gobierno-de-michoacan-y-federal-reintegrarse-a-la-vida-institucional\/\" rel=\"bookmark\"><img decoding=\"async\" title=\"Acuerdan grupos de autodefensa en Michoac\u00e1n reintegrarse a la vida institucional\" src=\"http:\/\/www.eloriente.net\/home\/wp-content\/themes\/city-desk\/timthumb.php?src=http%3A%2F%2Fwww.eloriente.net%2Fhome%2Fwp-content%2Fuploads%2F2014%2F01%2FTepalcapetec.png&amp;q=90&amp;w=160&amp;h=106&amp;zc=1\" alt=\"Acuerdan grupos de autodefensa en Michoac\u00e1n reintegrarse a la vida institucional\" \/><\/a><\/p>\n<p>eloriente.net\/Secretar\u00eda de Gobernaci\u00f3n 27 de enero de 2014 En respuesta al llamado de la Secretar\u00eda de Gobernaci\u00f3n y en el marco del Acuerdo para el Apoyo Federal a la Seguridad de Michoac\u00e1n, los gobiernos de la Rep\u00fablica y de esta entidad, as\u00ed como los grupos de ciudadanos organizados firmaron hoy un acuerdo de ocho puntos [&#8230;]<\/p>\n<p>January 27, 2014<\/p>\n<p><a title=\"Permalink to Municipio de Oaxaca busca soluci\u00f3n a crisis entre mototaxistas\" href=\"http:\/\/www.eloriente.net\/home\/2014\/01\/25\/municipio-de-oaxaca-busca-solucion-a-crisis-entre-mototaxistas\/\" rel=\"bookmark\">Municipio de Oaxaca busca soluci\u00f3n a crisis entre mototaxistas<\/a><\/p>\n<p><a href=\"http:\/\/www.eloriente.net\/home\/2014\/01\/25\/municipio-de-oaxaca-busca-solucion-a-crisis-entre-mototaxistas\/\" rel=\"bookmark\"><img decoding=\"async\" title=\"Municipio de Oaxaca busca soluci\u00f3n a crisis entre mototaxistas\" src=\"http:\/\/www.eloriente.net\/home\/wp-content\/themes\/city-desk\/timthumb.php?src=http%3A%2F%2Fwww.eloriente.net%2Fhome%2Fwp-content%2Fuploads%2F2014%2F01%2Fmototaxis.jpg&amp;q=90&amp;w=160&amp;h=106&amp;zc=1\" alt=\"Municipio de Oaxaca busca soluci\u00f3n a crisis entre mototaxistas\" \/><\/a><\/p>\n<p>eloriente.net\/Ayuntamiento de Oaxaca de Ju\u00e1rez 25 de enero de 2014 A fin de coadyuvar en la b\u00fasqueda de una soluci\u00f3n a la crisis que mantiene enfrentados a diferentes organizaciones de mototaxis que operan en la capital oaxaque\u00f1a, el Presidente Municipal de Oaxaca de Ju\u00e1rez, Javier Villaca\u00f1a Jim\u00e9nez, solicitar\u00e1 a las autoridades correspondientes del gobierno estatal [&#8230;]<\/p>\n<p>January 25, 2014<\/p>\n<p><a title=\"Permalink to SEP convoca a participar en foros para revisi\u00f3n del Modelo Educativo\" href=\"http:\/\/www.eloriente.net\/home\/2014\/01\/15\/sep-convoca-a-participar-en-foros-para-revision-del-modelo-educativo\/\" rel=\"bookmark\">SEP convoca a participar en foros para revisi\u00f3n del Modelo Educativo<\/a><\/p>\n<p><a href=\"http:\/\/www.eloriente.net\/home\/2014\/01\/15\/sep-convoca-a-participar-en-foros-para-revision-del-modelo-educativo\/\" rel=\"bookmark\"><img decoding=\"async\" title=\"SEP convoca a participar en foros para revisi\u00f3n del Modelo Educativo\" src=\"http:\/\/www.eloriente.net\/home\/wp-content\/themes\/city-desk\/timthumb.php?src=http%3A%2F%2Fwww.eloriente.net%2Fhome%2Fwp-content%2Fuploads%2F2014%2F01%2FHomenaje-a-la-bandera.jpg&amp;q=90&amp;w=160&amp;h=106&amp;zc=1\" alt=\"SEP convoca a participar en foros para revisi\u00f3n del Modelo Educativo\" \/><\/a><\/p>\n<p>eloriente.net\/SEP 15 de enero de 2014 Con el objetivo de llevar a M\u00e9xico a su m\u00e1ximo potencial y en la b\u00fasqueda de una educaci\u00f3n de calidad, la\u00a0Secretar\u00eda de Educaci\u00f3n P\u00fablica\u00a0convoc\u00f3 a todos los sectores involucrados en la educaci\u00f3n del pa\u00eds a participar en los \u201cForos de Consulta Nacional\u00a0para la revisi\u00f3n del Modelo Educativo\u201d,\u00a0que se llevar\u00e1n [&#8230;]<\/p>\n<p>January 15, 2014<\/p>\n\n\t\t\t  <div \n\t\t\t  \tclass = \"fb-comments\" \n\t\t\t  \tdata-href = \"http:\/\/www.eloriente.net\/home\/2014\/02\/05\/cursan-policias-municipales-educacion-media-superior\/\"\n\t\t\t  \tdata-numposts = \"10\"\n\t\t\t\tdata-colorscheme = \"dark\"\n\t\t\t\tdata-order-by = \"social\"\n\t\t\t\tdata-mobile=true>\n\t\t\t  <\/div>\n\t\t  <style>\n\t\t\t.fb_iframe_widget_fluid_desktop iframe {\n\t\t\t    width: 100% !important;\n\t\t\t}\n\t\t  <\/style>\n\t\t  ","protected":false},"excerpt":{"rendered":"<p>eloriente.net\/Ayuntamiento de Oaxaca de Ju\u00e1rez 5 de febrero de 2014 Para contar con elementos de polic\u00eda mejor preparados y m\u00e1s profesionales, la Comisar\u00eda de Seguridad P\u00fablica del Honorable Ayuntamiento de Oaxaca de Ju\u00e1rez, apoya a los elementos de la corporaci\u00f3n para que concluyan sus estudios de nivel medio superior. Al respecto, la responsable del programa, [&hellip;]<\/p>\n","protected":false},"author":26,"featured_media":20487,"comment_status":"open","ping_status":"open","sticky":false,"template":"","format":"standard","meta":{"_jetpack_memberships_contains_paid_content":false,"footnotes":""},"categories":[32,10,23],"tags":[],"class_list":["post-20486","post","type-post","status-publish","format-standard","has-post-thumbnail","hentry","category-entradas","category-lo-mas-reciente","category-municipios"],"jetpack_featured_media_url":"http:\/\/www.eloriente.net\/home\/wp-content\/uploads\/2014\/02\/policias.jpg","jetpack_sharing_enabled":true,"_links":{"self":[{"href":"http:\/\/www.eloriente.net\/home\/wp-json\/wp\/v2\/posts\/20486"}],"collection":[{"href":"http:\/\/www.eloriente.net\/home\/wp-json\/wp\/v2\/posts"}],"about":[{"href":"http:\/\/www.eloriente.net\/home\/wp-json\/wp\/v2\/types\/post"}],"author":[{"embeddable":true,"href":"http:\/\/www.eloriente.net\/home\/wp-json\/wp\/v2\/users\/26"}],"replies":[{"embeddable":true,"href":"http:\/\/www.eloriente.net\/home\/wp-json\/wp\/v2\/comments?post=20486"}],"version-history":[{"count":3,"href":"http:\/\/www.eloriente.net\/home\/wp-json\/wp\/v2\/posts\/20486\/revisions"}],"predecessor-version":[{"id":20489,"href":"http:\/\/www.eloriente.net\/home\/wp-json\/wp\/v2\/posts\/20486\/revisions\/20489"}],"wp:featuredmedia":[{"embeddable":true,"href":"http:\/\/www.eloriente.net\/home\/wp-json\/wp\/v2\/media\/20487"}],"wp:attachment":[{"href":"http:\/\/www.eloriente.net\/home\/wp-json\/wp\/v2\/media?parent=20486"}],"wp:term":[{"taxonomy":"category","embeddable":true,"href":"http:\/\/www.eloriente.net\/home\/wp-json\/wp\/v2\/categories?post=20486"},{"taxonomy":"post_tag","embeddable":true,"href":"http:\/\/www.eloriente.net\/home\/wp-json\/wp\/v2\/tags?post=20486"}],"curies":[{"name":"wp","href":"https:\/\/api.w.org\/{rel}","templated":true}]}}