{"id":20545,"date":"2014-02-06T11:42:43","date_gmt":"2014-02-06T17:42:43","guid":{"rendered":"http:\/\/www.eloriente.net\/home\/?p=20545"},"modified":"2014-02-06T13:36:10","modified_gmt":"2014-02-06T19:36:10","slug":"conferencia-impacto-economico-tributario-y-legal-de-las-reformas-fiscales-2014-en-itam","status":"publish","type":"post","link":"http:\/\/www.eloriente.net\/home\/2014\/02\/06\/conferencia-impacto-economico-tributario-y-legal-de-las-reformas-fiscales-2014-en-itam\/","title":{"rendered":"Video: Conferencia \u00abImpacto econ\u00f3mico, tributario y legal de reformas fiscales\u00bb, en ITAM"},"content":{"rendered":"<p>eloriente.net\/<a href=\"http:\/\/www.itam.mx\" target=\"_blank\">ITAM<\/a><\/p>\n<p>6 de febrero de 2014<\/p>\n<p>En semanas pasadas, el Departamento Acad\u00e9mico de Contabilidad del\u00a0Instituto Tecnol\u00f3gico Aut\u00f3nomo de M\u00e9xico (ITAM) y\u00a0la consultora Chevez Ru\u00edz Zamarripa y C\u00eda. S.C.\u00a0realizaron la conferencia \u00abImpacto econ\u00f3mico, tributario y legal de las reformas fiscales 2014\u00bb.<\/p>\n<p>El evento dio cita al Dr. Arturo Fern\u00e1ndez, Rector del ITAM, y el Dr. Carlos Alc\u00e9rreca. Por parte de la consultora particip\u00f3 el Mtro. en Derecho Fiscal C\u00e9sar Fares, el CP. Francisco Moguel, el CP. Iv\u00e1n Moguel, el CP. Ricardo Paullada y el CP. Jos\u00e9 Carlos Silva, quienes expresaron su pensar acerca de las consecuencias econ\u00f3micas y legales de la aprobaci\u00f3n de la Reforma Fiscal, gestionada por el Gobierno Federal de M\u00e9xico.<\/p>\n<p>ELORIENTE.NET pone a tu disposici\u00f3n la grabaci\u00f3n del evento:<\/p>\n<p>&nbsp;<\/p>\n<p><iframe loading=\"lazy\" src=\"\/\/www.youtube.com\/embed\/Bb8ZXZBKhxI\" frameborder=\"0\" width=\"560\" height=\"315\"><\/iframe><\/p>\n<p>Video:\u00a0<a dir=\"ltr\" href=\"http:\/\/www.youtube.com\/user\/itam?feature=watch\" data-sessionlink=\"feature=watch&amp;ei=P8bzUvvDJOTPiwKUzIDwDA\" data-ytid=\"UC1PUNjrDQsFbRqm_fwv-JGg\" data-name=\"watch\">ITAM<\/a><\/p>\n<p>&nbsp;<\/p>\n<p><strong>Entradas relacionadas:<\/strong><\/p>\n<p><a title=\"Permalink to Foro Reforma Energ\u00e9tica desde Ibero Puebla\" href=\"http:\/\/www.eloriente.net\/home\/2013\/12\/05\/foro-reforma-energetica-desde-ibero-puebla\/\" rel=\"bookmark\">Foro Reforma Energ\u00e9tica desde Ibero Puebla<\/a><\/p>\n<p><a href=\"http:\/\/www.eloriente.net\/home\/2013\/12\/05\/foro-reforma-energetica-desde-ibero-puebla\/\" rel=\"bookmark\"><img decoding=\"async\" title=\"Foro Reforma Energ\u00e9tica desde Ibero Puebla\" src=\"http:\/\/www.eloriente.net\/home\/wp-content\/themes\/city-desk\/timthumb.php?src=http%3A%2F%2Fwww.eloriente.net%2Fhome%2Fwp-content%2Fuploads%2F2013%2F12%2FForo-Ibero.jpg&amp;q=90&amp;w=160&amp;h=106&amp;zc=1\" alt=\"Foro Reforma Energ\u00e9tica desde Ibero Puebla\" \/><\/a><\/p>\n<p>eloriente.net\/IberoPuebla 5 de diciembre de 2013 ELORIENTE:NET pone a tu disposici\u00f3n la transmisi\u00f3n del primer panel del Foro Reforma Energ\u00e9tica, que se realiz\u00f3 el pasado 4 de septiembre de 2013, organizado por el Departamento de Ciencias Sociales de la Universidad Iberoamericana Puebla. El Foro estuvo conformado por dos paneles en los que se cont\u00f3 con [&#8230;]<\/p>\n<p>December 5, 2013<\/p>\n<p><a title=\"Permalink to Analizan Reforma Fiscal 2014 en UABJO\" href=\"http:\/\/www.eloriente.net\/home\/2013\/10\/27\/analizan-reforma-fiscal-2014-en-uabjo\/\" rel=\"bookmark\">Analizan Reforma Fiscal 2014 en UABJO<\/a><\/p>\n<p><a href=\"http:\/\/www.eloriente.net\/home\/2013\/10\/27\/analizan-reforma-fiscal-2014-en-uabjo\/\" rel=\"bookmark\"><img decoding=\"async\" title=\"Analizan Reforma Fiscal 2014 en UABJO\" src=\"http:\/\/www.eloriente.net\/home\/wp-content\/themes\/city-desk\/timthumb.php?src=http%3A%2F%2Fwww.eloriente.net%2Fhome%2Fwp-content%2Fuploads%2F2013%2F10%2FConferencia-UABJO-Reforma-Fiscal.jpg&amp;q=90&amp;w=160&amp;h=106&amp;zc=1\" alt=\"Analizan Reforma Fiscal 2014 en UABJO\" \/><\/a><\/p>\n<p>eloriente.net\/UABJO 27 de octubre de 2013 Con el objetivo de promover entre la comunidad universitaria el an\u00e1lisis y la reflexi\u00f3n sobre la reforma fiscal 2014, la Facultad de Contadur\u00eda y Administraci\u00f3n (FCA) de la Universidad Aut\u00f3noma \u201cBenito Ju\u00e1rez\u201d de Oaxaca (UABJO), realiz\u00f3 la conferencia titulada \u201cPerspectivas de la reforma fiscal 2014\u201d, en el auditorio de [&#8230;]<\/p>\n<p>October 27, 2013<\/p>\n<p><a title=\"Permalink to A prop\u00f3sito de Reforma Fiscal: \u00bfQu\u00e9 es el balance estructural?: CIDE\" href=\"http:\/\/www.eloriente.net\/home\/2013\/10\/19\/a-proposito-de-reforma-fiscal-que-es-el-balance-estructural-cide\/\" rel=\"bookmark\">A prop\u00f3sito de Reforma Fiscal: \u00bfQu\u00e9 es el balance estructural?: CIDE<\/a><\/p>\n<p><a href=\"http:\/\/www.eloriente.net\/home\/2013\/10\/19\/a-proposito-de-reforma-fiscal-que-es-el-balance-estructural-cide\/\" rel=\"bookmark\"><img decoding=\"async\" title=\"A prop\u00f3sito de Reforma Fiscal: \u00bfQu\u00e9 es el balance estructural?: CIDE\" src=\"http:\/\/www.eloriente.net\/home\/wp-content\/themes\/city-desk\/timthumb.php?src=http%3A%2F%2Fwww.eloriente.net%2Fhome%2Fwp-content%2Fuploads%2F2013%2F10%2FInvestigador-CIDE.png&amp;q=90&amp;w=160&amp;h=106&amp;zc=1\" alt=\"A prop\u00f3sito de Reforma Fiscal: \u00bfQu\u00e9 es el balance estructural?: CIDE\" \/><\/a><\/p>\n<p>eloriente.net\/CIDE 19 de octubre de 2013 El Centro de Investigaci\u00f3n y Docencia Econ\u00f3mica produce estos videos de orientaci\u00f3n que por su sencillez y adecuada planeaci\u00f3n resultan muy \u00fatiles para entender los tiempos que vivimos. En este caso, Alejandro Villag\u00f3mez explica \u201cbrevemente el concepto de una regla fiscal de balance estructural. \u00c9ste es un instrumento de [&#8230;]<\/p>\n<p>October 19, 2013<\/p>\n<p>&nbsp;<\/p>\n\n\t\t\t  <div \n\t\t\t  \tclass = \"fb-comments\" \n\t\t\t  \tdata-href = \"http:\/\/www.eloriente.net\/home\/2014\/02\/06\/conferencia-impacto-economico-tributario-y-legal-de-las-reformas-fiscales-2014-en-itam\/\"\n\t\t\t  \tdata-numposts = \"10\"\n\t\t\t\tdata-colorscheme = \"dark\"\n\t\t\t\tdata-order-by = \"social\"\n\t\t\t\tdata-mobile=true>\n\t\t\t  <\/div>\n\t\t  <style>\n\t\t\t.fb_iframe_widget_fluid_desktop iframe {\n\t\t\t    width: 100% !important;\n\t\t\t}\n\t\t  <\/style>\n\t\t  ","protected":false},"excerpt":{"rendered":"<p>eloriente.net\/ITAM 6 de febrero de 2014 En semanas pasadas, el Departamento Acad\u00e9mico de Contabilidad del\u00a0Instituto Tecnol\u00f3gico Aut\u00f3nomo de M\u00e9xico (ITAM) y\u00a0la consultora Chevez Ru\u00edz Zamarripa y C\u00eda. S.C.\u00a0realizaron la conferencia \u00abImpacto econ\u00f3mico, tributario y legal de las reformas fiscales 2014\u00bb. El evento dio cita al Dr. Arturo Fern\u00e1ndez, Rector del ITAM, y el Dr. Carlos [&hellip;]<\/p>\n","protected":false},"author":26,"featured_media":20546,"comment_status":"open","ping_status":"open","sticky":false,"template":"","format":"standard","meta":{"_jetpack_memberships_contains_paid_content":false,"footnotes":""},"categories":[3,18,32,10,21,84],"tags":[],"class_list":["post-20545","post","type-post","status-publish","format-standard","has-post-thumbnail","hentry","category-canal-1-tu-aula","category-educacion-y-cultura","category-entradas","category-lo-mas-reciente","category-politica-y-gobierno","category-universidades"],"jetpack_featured_media_url":"http:\/\/www.eloriente.net\/home\/wp-content\/uploads\/2014\/02\/ITAM.png","jetpack_sharing_enabled":true,"_links":{"self":[{"href":"http:\/\/www.eloriente.net\/home\/wp-json\/wp\/v2\/posts\/20545"}],"collection":[{"href":"http:\/\/www.eloriente.net\/home\/wp-json\/wp\/v2\/posts"}],"about":[{"href":"http:\/\/www.eloriente.net\/home\/wp-json\/wp\/v2\/types\/post"}],"author":[{"embeddable":true,"href":"http:\/\/www.eloriente.net\/home\/wp-json\/wp\/v2\/users\/26"}],"replies":[{"embeddable":true,"href":"http:\/\/www.eloriente.net\/home\/wp-json\/wp\/v2\/comments?post=20545"}],"version-history":[{"count":6,"href":"http:\/\/www.eloriente.net\/home\/wp-json\/wp\/v2\/posts\/20545\/revisions"}],"predecessor-version":[{"id":20566,"href":"http:\/\/www.eloriente.net\/home\/wp-json\/wp\/v2\/posts\/20545\/revisions\/20566"}],"wp:featuredmedia":[{"embeddable":true,"href":"http:\/\/www.eloriente.net\/home\/wp-json\/wp\/v2\/media\/20546"}],"wp:attachment":[{"href":"http:\/\/www.eloriente.net\/home\/wp-json\/wp\/v2\/media?parent=20545"}],"wp:term":[{"taxonomy":"category","embeddable":true,"href":"http:\/\/www.eloriente.net\/home\/wp-json\/wp\/v2\/categories?post=20545"},{"taxonomy":"post_tag","embeddable":true,"href":"http:\/\/www.eloriente.net\/home\/wp-json\/wp\/v2\/tags?post=20545"}],"curies":[{"name":"wp","href":"https:\/\/api.w.org\/{rel}","templated":true}]}}