{"id":20568,"date":"2014-02-06T13:55:30","date_gmt":"2014-02-06T19:55:30","guid":{"rendered":"http:\/\/www.eloriente.net\/home\/?p=20568"},"modified":"2014-02-06T14:00:06","modified_gmt":"2014-02-06T20:00:06","slug":"videoblogs-en-el-oriente-empresa-y-entorno-con-jesus-rodriguez-socorro-ii","status":"publish","type":"post","link":"http:\/\/www.eloriente.net\/home\/2014\/02\/06\/videoblogs-en-el-oriente-empresa-y-entorno-con-jesus-rodriguez-socorro-ii\/","title":{"rendered":"Videoblogs en El Oriente: Empresa y Entorno con Jes\u00fas Rodr\u00edguez Socorro (II)"},"content":{"rendered":"<p>eloriente.net<\/p>\n<p>6 de febrero de 2014<\/p>\n<p>En esta p\u00e1gina de internet nos interesan las sociedades proclives al pensamiento y la reflexi\u00f3n. Por eso, ELORIENTE.NET pone a tu disposici\u00f3n una serie de videoblogs para diversos sectores, con personajes que generosamente comparten opiniones, reflexiones y estudios contigo y con el resto del mundo.<\/p>\n<p>Semanalmente, ELORIENTE.NET cuenta con la participaci\u00f3n del empresario oaxaque\u00f1o, Jes\u00fas Rodr\u00edguez Socorro, quien emite su opini\u00f3n respecto a temas econ\u00f3micos y empresariales, te invitamos a seguirlo peri\u00f3dicamente.<\/p>\n<p>&nbsp;<\/p>\n<p><iframe loading=\"lazy\" src=\"\/\/www.youtube.com\/embed\/FcOgwLb5-_A\" frameborder=\"0\" width=\"560\" height=\"315\"><\/iframe><\/p>\n<p>&nbsp;<\/p>\n<p><strong>Entradas relacionadas:<\/strong><\/p>\n<p><a title=\"Permalink to Videoblogs en El Oriente: Empresa y Entorno con Jes\u00fas Rodr\u00edguez Socorro (I)\" href=\"http:\/\/www.eloriente.net\/home\/2014\/01\/22\/videoblogs-en-eloriente-net-jesus-rodriguez-socorro-i\/\" rel=\"bookmark\">Videoblogs en El Oriente: Empresa y Entorno con Jes\u00fas Rodr\u00edguez Socorro (I)<\/a><\/p>\n<p><a href=\"http:\/\/www.eloriente.net\/home\/2014\/01\/22\/videoblogs-en-eloriente-net-jesus-rodriguez-socorro-i\/\" rel=\"bookmark\"><img decoding=\"async\" title=\"Videoblogs en El Oriente: Empresa y Entorno con Jes\u00fas Rodr\u00edguez Socorro (I)\" src=\"http:\/\/www.eloriente.net\/home\/wp-content\/themes\/city-desk\/timthumb.php?src=http%3A%2F%2Fwww.eloriente.net%2Fhome%2Fwp-content%2Fuploads%2F2014%2F01%2FJes%C3%BAs-Rodr%C3%ADguez-I.png&amp;q=90&amp;w=160&amp;h=106&amp;zc=1\" alt=\"Videoblogs en El Oriente: Empresa y Entorno con Jes\u00fas Rodr\u00edguez Socorro (I)\" \/><\/a><\/p>\n<p>eloriente.net 22 de enero de 2014 En esta p\u00e1gina de internet nos interesan las sociedades proclives al pensamiento y la reflexi\u00f3n. Por eso, a partir de este d\u00eda, ELORIENTE.NET dar\u00e1 un paso a\u00fan m\u00e1s adelante en el contenido que lo hace diferente y de avanzada. Daremos inicio con un interesante ejercicio en Videoblogs, para diversos [&#8230;]<\/p>\n<p>January 22, 2014<\/p>\n<p><a title=\"Permalink to \u00bfC\u00f3mo votaron los diputados federales de Oaxaca ante Reformas Estructurales?\" href=\"http:\/\/www.eloriente.net\/home\/2014\/01\/21\/como-votaron-los-diputados-federales-de-oaxaca-ante-reformas-estructurales\/\" rel=\"bookmark\">\u00bfC\u00f3mo votaron los diputados federales de Oaxaca ante Reformas Estructurales?<\/a><\/p>\n<p><a href=\"http:\/\/www.eloriente.net\/home\/2014\/01\/21\/como-votaron-los-diputados-federales-de-oaxaca-ante-reformas-estructurales\/\" rel=\"bookmark\"><img decoding=\"async\" title=\"\u00bfC\u00f3mo votaron los diputados federales de Oaxaca ante Reformas Estructurales?\" src=\"http:\/\/www.eloriente.net\/home\/wp-content\/themes\/city-desk\/timthumb.php?src=http%3A%2F%2Fwww.eloriente.net%2Fhome%2Fwp-content%2Fuploads%2F2013%2F03%2Fsan-lazaro.jpg&amp;q=90&amp;w=160&amp;h=106&amp;zc=1\" alt=\"\u00bfC\u00f3mo votaron los diputados federales de Oaxaca ante Reformas Estructurales?\" \/><\/a><\/p>\n<p>eloriente.net 21 de enero de 2014 Durante el a\u00f10 2013, el Gobierno de la Rep\u00fablica, logr\u00f3 la aprobaci\u00f3n de las Reformas Estructurales en materia de educaci\u00f3n, telecomunicaciones, hacendaria y energ\u00e9tica, a pesar de la fuerte discrepancia entre diversos miembros y fracciones de las c\u00e1maras de Diputados y de Senadores. Por esta raz\u00f3n, el portal de [&#8230;]<\/p>\n<p>January 21, 2014<\/p>\n<div id=\"post-19830\">\n<p><a title=\"Permalink to 60% de mexicanos intuyen aumentos en luz, gas y gasolina por Reforma Energ\u00e9tica\" href=\"http:\/\/www.eloriente.net\/home\/2014\/01\/20\/mexicanos-intuyen-alza-de-precios-en-luz-gas-y-gasolina-por-reforma-energetica\/\" rel=\"bookmark\">60% de mexicanos intuyen aumentos en luz, gas y gasolina por Reforma Energ\u00e9tica<\/a><\/p>\n<p><a href=\"http:\/\/www.eloriente.net\/home\/2014\/01\/20\/mexicanos-intuyen-alza-de-precios-en-luz-gas-y-gasolina-por-reforma-energetica\/\" rel=\"bookmark\"><img decoding=\"async\" title=\"60% de mexicanos intuyen aumentos en luz, gas y gasolina por Reforma Energ\u00e9tica\" src=\"http:\/\/www.eloriente.net\/home\/wp-content\/themes\/city-desk\/timthumb.php?src=http%3A%2F%2Fwww.eloriente.net%2Fhome%2Fwp-content%2Fuploads%2F2014%2F01%2FPEMEX.jpg&amp;q=90&amp;w=160&amp;h=106&amp;zc=1\" alt=\"60% de mexicanos intuyen aumentos en luz, gas y gasolina por Reforma Energ\u00e9tica\" \/><\/a><\/p>\n<p>eloriente.net 20 de enero de 2014 Recientemente, la agencia de investigaci\u00f3n Parametr\u00eda dio a conocer los resultados de la aplicaci\u00f3n de su encuesta de opini\u00f3n p\u00fablica \u201cEl impacto de la comunicaci\u00f3n pol\u00edtica en la reforma energ\u00e9tica\u201d, la cual eval\u00faa la actual percepci\u00f3n de la poblaci\u00f3n mexicana sobre las empresas paraestatales Petr\u00f3leos Mexicanos (PEMEX) y Comisi\u00f3n [&#8230;]<\/p>\n<p>January 20, 2014<\/p>\n<\/div>\n\n\t\t\t  <div \n\t\t\t  \tclass = \"fb-comments\" \n\t\t\t  \tdata-href = \"http:\/\/www.eloriente.net\/home\/2014\/02\/06\/videoblogs-en-el-oriente-empresa-y-entorno-con-jesus-rodriguez-socorro-ii\/\"\n\t\t\t  \tdata-numposts = \"10\"\n\t\t\t\tdata-colorscheme = \"dark\"\n\t\t\t\tdata-order-by = \"social\"\n\t\t\t\tdata-mobile=true>\n\t\t\t  <\/div>\n\t\t  <style>\n\t\t\t.fb_iframe_widget_fluid_desktop iframe {\n\t\t\t    width: 100% !important;\n\t\t\t}\n\t\t  <\/style>\n\t\t  ","protected":false},"excerpt":{"rendered":"<p>eloriente.net 6 de febrero de 2014 En esta p\u00e1gina de internet nos interesan las sociedades proclives al pensamiento y la reflexi\u00f3n. Por eso, ELORIENTE.NET pone a tu disposici\u00f3n una serie de videoblogs para diversos sectores, con personajes que generosamente comparten opiniones, reflexiones y estudios contigo y con el resto del mundo. Semanalmente, ELORIENTE.NET cuenta con [&hellip;]<\/p>\n","protected":false},"author":26,"featured_media":20569,"comment_status":"open","ping_status":"open","sticky":false,"template":"","format":"standard","meta":{"_jetpack_memberships_contains_paid_content":false,"footnotes":""},"categories":[6,32,99,10,23,19,98],"tags":[],"class_list":["post-20568","post","type-post","status-publish","format-standard","has-post-thumbnail","hentry","category-canal-4-especiales","category-entradas","category-jesus-rodriguez-socorro","category-lo-mas-reciente","category-municipios","category-turismo-y-negocios","category-videoblogs"],"jetpack_featured_media_url":"http:\/\/www.eloriente.net\/home\/wp-content\/uploads\/2014\/02\/JR.png","jetpack_sharing_enabled":true,"_links":{"self":[{"href":"http:\/\/www.eloriente.net\/home\/wp-json\/wp\/v2\/posts\/20568"}],"collection":[{"href":"http:\/\/www.eloriente.net\/home\/wp-json\/wp\/v2\/posts"}],"about":[{"href":"http:\/\/www.eloriente.net\/home\/wp-json\/wp\/v2\/types\/post"}],"author":[{"embeddable":true,"href":"http:\/\/www.eloriente.net\/home\/wp-json\/wp\/v2\/users\/26"}],"replies":[{"embeddable":true,"href":"http:\/\/www.eloriente.net\/home\/wp-json\/wp\/v2\/comments?post=20568"}],"version-history":[{"count":6,"href":"http:\/\/www.eloriente.net\/home\/wp-json\/wp\/v2\/posts\/20568\/revisions"}],"predecessor-version":[{"id":20574,"href":"http:\/\/www.eloriente.net\/home\/wp-json\/wp\/v2\/posts\/20568\/revisions\/20574"}],"wp:featuredmedia":[{"embeddable":true,"href":"http:\/\/www.eloriente.net\/home\/wp-json\/wp\/v2\/media\/20569"}],"wp:attachment":[{"href":"http:\/\/www.eloriente.net\/home\/wp-json\/wp\/v2\/media?parent=20568"}],"wp:term":[{"taxonomy":"category","embeddable":true,"href":"http:\/\/www.eloriente.net\/home\/wp-json\/wp\/v2\/categories?post=20568"},{"taxonomy":"post_tag","embeddable":true,"href":"http:\/\/www.eloriente.net\/home\/wp-json\/wp\/v2\/tags?post=20568"}],"curies":[{"name":"wp","href":"https:\/\/api.w.org\/{rel}","templated":true}]}}