{"id":20576,"date":"2014-02-06T15:17:28","date_gmt":"2014-02-06T21:17:28","guid":{"rendered":"http:\/\/www.eloriente.net\/home\/?p=20576"},"modified":"2014-02-06T16:43:52","modified_gmt":"2014-02-06T22:43:52","slug":"inicia-primer-temporada-del-ano-de-la-orquesta-de-camara-de-bellas-artes","status":"publish","type":"post","link":"http:\/\/www.eloriente.net\/home\/2014\/02\/06\/inicia-primer-temporada-del-ano-de-la-orquesta-de-camara-de-bellas-artes\/","title":{"rendered":"Inicia primer temporada del a\u00f1o de la Orquesta de C\u00e1mara de Bellas Artes"},"content":{"rendered":"<p>eloriente.net\/OCEBA<\/p>\n<p>6 de febrero de 2014<\/p>\n<p>La Orquesta de C\u00e1mara de la Escuela de Bellas Artes (OCEBA) de la UABJO reinicia sus actividades interpretando conciertos mensuales para el deleite del p\u00fablico oaxaque\u00f1o. Debido al \u00e9xito de la temporada pasada, a partir de febrero la OCEBA se presentar\u00e1 tambi\u00e9n en el Centro Cultural San Pablo, adem\u00e1s de sus sedes habituales.<\/p>\n<p>Durante esta primera temporada, habr\u00e1 varios solistas invitados. En marzo la violinista Gloria L\u00f3pez, concertino de la Orquesta Filarm\u00f3nica de Toluca, interpretar\u00e1 el Concierto para viol\u00edn No. 5 en La mayor \u201cTurco\u201d de Mozart. La maestra Yadira Guevara, primera flauta de la Orquesta Filarm\u00f3nica del Polit\u00e9cnico interpretar\u00e1 el Concierto en C mayor para piccolo y orquesta de Vivaldi, la Suite Antique para flauta y orquesta de Jhon Rutter y el Concierto para flauta y guitarra de Alan Thomas, acompa\u00f1ada del guitarrista Jos\u00e9 Francisco G\u00f3mez. Estas bell\u00edsimas obras se escuchar\u00e1n por primera vez en Oaxaca en abril. En mayo, la OCEBA acompa\u00f1ar\u00e1 al maestro Jascha Gonz\u00e1lez, primer viol\u00edn de la Orquesta Sinf\u00f3nica de Jalapa. La temporada concluir\u00e1 en junio con la intervenci\u00f3n del Cuarteto Ju\u00e1rez interpretando el Concierto en La del compositor alem\u00e1n Richard Strauss, ya que en ese mes se celebra el 150\u00b0 aniversario de su nacimiento.<\/p>\n<p>En febrero, el concierto comenzar\u00e1 con un Minueto de Wolfgang Amadeus Mozart. Posteriormente la OCEBA interpretar\u00e1 la Sonata No. 1 a cinco voces del compositor barroco Tomaso Giovani Albinoni y finalizar\u00e1 con el Concierto de Brandemburgo No. 3 en Sol Mayor de Johan Sebasti\u00e1n Bach.<\/p>\n<p>Los conciertos se llevar\u00e1n a cabo el pr\u00f3ximo mi\u00e9rcoles 12 de febrero a las 18:30 horas en la Sala Ju\u00e1rez de la Escuela de Bellas Artes ubicada en Plaza de la Danza s\/n; el jueves 13 de febrero a las 20:00 horas en la Biblioteca Henestrosa, ubicada en Porfirio D\u00edaz 115, esq. Morelos; y el viernes 14 de febrero a las 20:00 horas en el Centro Cultural San Pablo, en Independencia 904. La entrada para todos los conciertos es libre.<\/p>\n<p style=\"text-align: center;\"><a href=\"http:\/\/www.eloriente.net\/home\/wp-content\/uploads\/2014\/02\/OCEBA-febrero.jpg\" target=\"_blank\"><img loading=\"lazy\" decoding=\"async\" class=\"aligncenter\" style=\"-webkit-user-select: none; cursor: -webkit-zoom-in;\" src=\"http:\/\/www.eloriente.net\/home\/wp-content\/uploads\/2014\/02\/OCEBA-febrero.jpg\" alt=\"\" width=\"317\" height=\"490\" \/><\/a><\/p>\n<p style=\"text-align: left;\">\n<p>&nbsp;<\/p>\n<p>&nbsp;<\/p>\n<p style=\"text-align: left;\"><strong>Entradas relacionadas:<span style=\"text-align: left;\">\u00a0<\/span><\/strong><\/p>\n<p><a title=\"Permalink to Convocan a j\u00f3venes arquitectos a crear centro cultural en Bolonia, Italia\" href=\"http:\/\/www.eloriente.net\/home\/2014\/02\/05\/convocan-a-jovenes-arquitectos-a-crear-centro-cultural-en-bolonia-italia\/\" rel=\"bookmark\">Convocan a j\u00f3venes arquitectos a crear centro cultural en Bolonia, Italia<\/a><\/p>\n<p style=\"text-align: left;\"><a href=\"http:\/\/www.eloriente.net\/home\/2014\/02\/05\/convocan-a-jovenes-arquitectos-a-crear-centro-cultural-en-bolonia-italia\/\" rel=\"bookmark\"><img decoding=\"async\" title=\"Convocan a j\u00f3venes arquitectos a crear centro cultural en Bolonia, Italia\" src=\"http:\/\/www.eloriente.net\/home\/wp-content\/themes\/city-desk\/timthumb.php?src=http%3A%2F%2Fwww.eloriente.net%2Fhome%2Fwp-content%2Fuploads%2F2014%2F02%2Farch.jpg&amp;q=90&amp;w=160&amp;h=106&amp;zc=1\" alt=\"Convocan a j\u00f3venes arquitectos a crear centro cultural en Bolonia, Italia\" \/><\/a><\/p>\n<p>eloriente.net 5 de febrero de 2014 La asociaci\u00f3n Young Architects Competitions (YAC) y la empresa italiana Nute Partecipazioni convocan a j\u00f3venes proyectistas, reci\u00e9n graduados o estudiantes de la licenciatura en arquitectura a participar en el concurso \u201cSpace to culture\u201d (Espacio para la cultura), con la finalidad de transformar un antigua edificio ubicado en la ciudad [&#8230;]<\/p>\n<p>February 5, 2014<\/p>\n<div id=\"post-20491\">\n<p><a title=\"Permalink to Defensores del Museo del Ferrocarril exigen la preservaci\u00f3n del recinto\" href=\"http:\/\/www.eloriente.net\/home\/2014\/02\/05\/defensores-del-museo-del-ferrocarri-exigen-la-preservacion-del-recinto\/\" rel=\"bookmark\">Defensores del Museo del Ferrocarril exigen la preservaci\u00f3n del recinto<\/a><\/p>\n<p><a href=\"http:\/\/www.eloriente.net\/home\/2014\/02\/05\/defensores-del-museo-del-ferrocarri-exigen-la-preservacion-del-recinto\/\" rel=\"bookmark\"><img decoding=\"async\" title=\"Defensores del Museo del Ferrocarril exigen la preservaci\u00f3n del recinto\" src=\"http:\/\/www.eloriente.net\/home\/wp-content\/themes\/city-desk\/timthumb.php?src=http%3A%2F%2Fwww.eloriente.net%2Fhome%2Fwp-content%2Fuploads%2F2014%2F02%2Fferrocarril.jpg&amp;q=90&amp;w=160&amp;h=106&amp;zc=1\" alt=\"Defensores del Museo del Ferrocarril exigen la preservaci\u00f3n del recinto\" \/><\/a><\/p>\n<p>eloriente.net 5 de febrero de 2014 Un grupo de ciudadanos, autodenominados como \u201cdefensores del Museo del Ferrocarril\u201d, invitan al p\u00fablico en general a apoyar\u00a0la preservaci\u00f3n del recinto. Buscan generar estrategias que garanticen la estabilidad y el fortalecimiento de este patrimonio que actualmente est\u00e1 en riesgo de desaparecer. Defensores del Museo del Ferrocarril declararon haberse unido [&#8230;]<\/p>\n<p>February 5, 2014<\/p>\n<\/div>\n<div id=\"post-19548\">\n<p><a title=\"Permalink to Restauraci\u00f3n pict\u00f3rica de retablo en Oaxaca, gana menci\u00f3n honor\u00edfica\" href=\"http:\/\/www.eloriente.net\/home\/2014\/02\/04\/restauracion-pictorica-de-retablo-en-oaxaca-gana-mencion-honorifica\/\" rel=\"bookmark\">Restauraci\u00f3n pict\u00f3rica de retablo en Oaxaca, gana menci\u00f3n honor\u00edfica<\/a><\/p>\n<p><a href=\"http:\/\/www.eloriente.net\/home\/2014\/02\/04\/restauracion-pictorica-de-retablo-en-oaxaca-gana-mencion-honorifica\/\" rel=\"bookmark\"><img decoding=\"async\" title=\"Restauraci\u00f3n pict\u00f3rica de retablo en Oaxaca, gana menci\u00f3n honor\u00edfica\" src=\"http:\/\/www.eloriente.net\/home\/wp-content\/themes\/city-desk\/timthumb.php?src=http%3A%2F%2Fwww.eloriente.net%2Fhome%2Fwp-content%2Fuploads%2F2014%2F01%2FRestauraci%C3%B3n-portada.jpg&amp;q=90&amp;w=160&amp;h=106&amp;zc=1\" alt=\"Restauraci\u00f3n pict\u00f3rica de retablo en Oaxaca, gana menci\u00f3n honor\u00edfica\" \/><\/a><\/p>\n<p>eloriente.net\/CONACULTA 14 de enero de 2014 Yolanda Madrid Alan\u00eds y Magdalena Casta\u00f1eda Hern\u00e1ndez obtuvieron la distinci\u00f3n por el mejor trabajo de conservaci\u00f3n de bienes muebles. Las obras de los siglos XVI y XVIII forman parte del Templo de San Juan Bautista y reflejan \u201cun discurso asociado a la vida de Cristo\u201d. La restauraci\u00f3n de las [&#8230;]<\/p>\n<p>February 4, 2014<\/p>\n<\/div>\n\n\t\t\t  <div \n\t\t\t  \tclass = \"fb-comments\" \n\t\t\t  \tdata-href = \"http:\/\/www.eloriente.net\/home\/2014\/02\/06\/inicia-primer-temporada-del-ano-de-la-orquesta-de-camara-de-bellas-artes\/\"\n\t\t\t  \tdata-numposts = \"10\"\n\t\t\t\tdata-colorscheme = \"dark\"\n\t\t\t\tdata-order-by = \"social\"\n\t\t\t\tdata-mobile=true>\n\t\t\t  <\/div>\n\t\t  <style>\n\t\t\t.fb_iframe_widget_fluid_desktop iframe {\n\t\t\t    width: 100% !important;\n\t\t\t}\n\t\t  <\/style>\n\t\t  ","protected":false},"excerpt":{"rendered":"<p>eloriente.net\/OCEBA 6 de febrero de 2014 La Orquesta de C\u00e1mara de la Escuela de Bellas Artes (OCEBA) de la UABJO reinicia sus actividades interpretando conciertos mensuales para el deleite del p\u00fablico oaxaque\u00f1o. Debido al \u00e9xito de la temporada pasada, a partir de febrero la OCEBA se presentar\u00e1 tambi\u00e9n en el Centro Cultural San Pablo, adem\u00e1s [&hellip;]<\/p>\n","protected":false},"author":26,"featured_media":20577,"comment_status":"open","ping_status":"open","sticky":false,"template":"","format":"standard","meta":{"_jetpack_memberships_contains_paid_content":false,"footnotes":""},"categories":[8,32],"tags":[],"class_list":["post-20576","post","type-post","status-publish","format-standard","has-post-thumbnail","hentry","category-agenda","category-entradas"],"jetpack_featured_media_url":"http:\/\/www.eloriente.net\/home\/wp-content\/uploads\/2014\/02\/orquesta-de-camara-elo.jpg","jetpack_sharing_enabled":true,"_links":{"self":[{"href":"http:\/\/www.eloriente.net\/home\/wp-json\/wp\/v2\/posts\/20576"}],"collection":[{"href":"http:\/\/www.eloriente.net\/home\/wp-json\/wp\/v2\/posts"}],"about":[{"href":"http:\/\/www.eloriente.net\/home\/wp-json\/wp\/v2\/types\/post"}],"author":[{"embeddable":true,"href":"http:\/\/www.eloriente.net\/home\/wp-json\/wp\/v2\/users\/26"}],"replies":[{"embeddable":true,"href":"http:\/\/www.eloriente.net\/home\/wp-json\/wp\/v2\/comments?post=20576"}],"version-history":[{"count":6,"href":"http:\/\/www.eloriente.net\/home\/wp-json\/wp\/v2\/posts\/20576\/revisions"}],"predecessor-version":[{"id":20584,"href":"http:\/\/www.eloriente.net\/home\/wp-json\/wp\/v2\/posts\/20576\/revisions\/20584"}],"wp:featuredmedia":[{"embeddable":true,"href":"http:\/\/www.eloriente.net\/home\/wp-json\/wp\/v2\/media\/20577"}],"wp:attachment":[{"href":"http:\/\/www.eloriente.net\/home\/wp-json\/wp\/v2\/media?parent=20576"}],"wp:term":[{"taxonomy":"category","embeddable":true,"href":"http:\/\/www.eloriente.net\/home\/wp-json\/wp\/v2\/categories?post=20576"},{"taxonomy":"post_tag","embeddable":true,"href":"http:\/\/www.eloriente.net\/home\/wp-json\/wp\/v2\/tags?post=20576"}],"curies":[{"name":"wp","href":"https:\/\/api.w.org\/{rel}","templated":true}]}}