{"id":20631,"date":"2014-02-07T17:37:39","date_gmt":"2014-02-07T23:37:39","guid":{"rendered":"http:\/\/www.eloriente.net\/home\/?p=20631"},"modified":"2014-02-07T21:31:00","modified_gmt":"2014-02-08T03:31:00","slug":"justicia-social-eje-de-colaboracion-entre-dif-estatal-y-poder-judicial","status":"publish","type":"post","link":"http:\/\/www.eloriente.net\/home\/2014\/02\/07\/justicia-social-eje-de-colaboracion-entre-dif-estatal-y-poder-judicial\/","title":{"rendered":"45 mil personas han utilizado Centro de Justicia Alternativa: Lagunas"},"content":{"rendered":"<p>eloriente.net\/<a href=\"http:\/\/www.tribunaloax.gob.mx\" target=\"_blank\">TSJ<\/a><\/p>\n<p>7 de febrero de 2014<\/p>\n<p><strong>A trav\u00e9s de la firma de un convenio, ambas instituciones materializaron su compromiso por brindar una atenci\u00f3n integral a los grupos vulnerables.<\/strong><\/p>\n<p>Como parte del fortalecimiento a la pol\u00edtica social que impulsa al gobierno de Oaxaca, el titular del Poder Judicial, magistrado Alfredo Lagunas Rivera y la presidenta honoraria del Sistema DIF Estatal, Man\u00e9 S\u00e1nchez C\u00e1mara de Cu\u00e9, encabezaron este viernes la firma de un convenio de colaboraci\u00f3n entre el \u00f3rgano de justicia, a trav\u00e9s del Centro de Justicia Alternativa y el Sistema Estatal para el Desarrollo Integral de la Familia (DIF).<\/p>\n<p>De esta manera, ambas instituciones materializaron su compromiso por brindar una atenci\u00f3n integral y especializada a los grupos vulnerables como son las ni\u00f1as, ni\u00f1os, adolescentes y adultos mayores, ante la aparici\u00f3n de nuevas problem\u00e1ticas sociales, as\u00ed como la creciente demanda de asistencia social y de impartici\u00f3n de justicia entre las familias oaxaque\u00f1as.<\/p>\n<p>En un acto que se llev\u00f3 a cabo en las instalaciones del Consejo de la Judicatura, el Magistrado Presidente asegur\u00f3 que el Poder Judicial es un \u00f3rgano que busca consolidar la instituci\u00f3n de la familia desde la l\u00f3gica de los derechos humanos y para fortalecer las acciones que emprende el DIF-Estatal, pondr\u00e1 a su disposici\u00f3n los servicios del Centro de Justicia Alternativa, el cual cuenta con una experiencia de atenci\u00f3n a m\u00e1s de 45 mil usuarios desde su aparici\u00f3n en el a\u00f1o 2010.<\/p>\n<p>\u00c9ste, dijo, ser\u00e1 el canal por el que se fomenten valores de protecci\u00f3n, cordialidad y solidaridad social; asimismo, tendr\u00e1 la funci\u00f3n de canalizar a las diversas \u00e1reas del DIF a todas aquellas personas que, adem\u00e1s de un proceso de conciliaci\u00f3n, requieran de servicios de asistencia social y busquen pacificar las tensiones de orden familiar.<\/p>\n<p>\u00abTenemos el objetivo de colocarnos como un colaborador a trav\u00e9s de la mediaci\u00f3n y conciliaci\u00f3n para que las familias encuentren un espacio de descongesti\u00f3n de problemas, sin llegar al extremo de los procesos judiciales\u00bb, afirm\u00f3.<\/p>\n<p>Por su parte, Man\u00e9 S\u00e1nchez C\u00e1mara explic\u00f3 que el compromiso de la instituci\u00f3n que representa, ser\u00e1 canalizar al Centro de Justicia Alternativa a quienes requieran alg\u00fan tipo de servicio especializado por la existencia de alg\u00fan conflicto legal en materia civil, familiar, mercantil, penal, vecinal y en materia administrativa entre particulares y autoridades.<\/p>\n<p>\u00abTenemos un firme compromiso de coraz\u00f3n y consideramos que este convenio amalgama a dos \u00f3rganos fundamentales en la mejora de las condiciones sociales y legales de las personas\u00bb, puntualiz\u00f3.<\/p>\n<p>En la firma del convenio estuvieron presentes tambi\u00e9n la directora general del DIF Estatal, Mar\u00eda de F\u00e1tima Garc\u00eda Le\u00f3n; la procuradora para la Defensa del Menor, la Mujer y la Familia del DIF, Laura Adriana Vargas Mayoral; la directora de Desarrollo Familiar y Comunitario del DIF, Liliana del Carmen Baroja; la directora del Centro de Justicia Alternativa, Celia Aspiroz Garc\u00eda, as\u00ed como consejeros de la judicatura y funcionarios judiciales.<\/p>\n<p>&nbsp;<\/p>\n<p><a href=\"http:\/\/www.eloriente.net\/home\/wp-content\/uploads\/2014\/02\/dif-judicial.jpg\"><img loading=\"lazy\" decoding=\"async\" class=\"alignnone size-medium wp-image-20632\" title=\"dif-judicial\" src=\"http:\/\/www.eloriente.net\/home\/wp-content\/uploads\/2014\/02\/dif-judicial-300x200.jpg\" alt=\"\" width=\"300\" height=\"200\" srcset=\"http:\/\/www.eloriente.net\/home\/wp-content\/uploads\/2014\/02\/dif-judicial-300x200.jpg 300w, http:\/\/www.eloriente.net\/home\/wp-content\/uploads\/2014\/02\/dif-judicial.jpg 1024w\" sizes=\"(max-width: 300px) 100vw, 300px\" \/><\/a><\/p>\n<p>Foto: TSJ<\/p>\n<p>&nbsp;<\/p>\n<p><strong>Entradas relacionadas:<\/strong><\/p>\n<p><a title=\"Permalink to Eval\u00faan desempe\u00f1o y conducta de jueces del Poder Judicial del Estado\" href=\"http:\/\/www.eloriente.net\/home\/2014\/02\/03\/evaluan-desempeno-y-conducta-de-jueces-del-poder-judicial-del-estado\/\" rel=\"bookmark\">Eval\u00faan desempe\u00f1o y conducta de jueces del Poder Judicial del Estado<\/a><\/p>\n<p><a href=\"http:\/\/www.eloriente.net\/home\/2014\/02\/03\/evaluan-desempeno-y-conducta-de-jueces-del-poder-judicial-del-estado\/\" rel=\"bookmark\"><img decoding=\"async\" title=\"Eval\u00faan desempe\u00f1o y conducta de jueces del Poder Judicial del Estado\" src=\"http:\/\/www.eloriente.net\/home\/wp-content\/themes\/city-desk\/timthumb.php?src=http%3A%2F%2Fwww.eloriente.net%2Fhome%2Fwp-content%2Fuploads%2F2014%2F02%2FTSJ.jpg&amp;q=90&amp;w=160&amp;h=106&amp;zc=1\" alt=\"Eval\u00faan desempe\u00f1o y conducta de jueces del Poder Judicial del Estado\" \/><\/a><\/p>\n<p>eloriente.net\/TSJ 3 de febrero de 2014 Como parte del procedimiento de ratificaci\u00f3n de los juzgadores, correspondiente a este a\u00f1o se realiza la evaluaci\u00f3n rigurosa de su actuaci\u00f3n y compromiso con los derechos humanos. A trav\u00e9s de un nuevo proceso de evaluaci\u00f3n integral en el que se revisa tanto el desempe\u00f1o profesional de los juzgadores como [&#8230;]<\/p>\n<p>February 3, 2014<\/p>\n<p><a title=\"Permalink to Promueve Poder Judicial formaci\u00f3n de abogados con \u00e9tica jur\u00eddica\" href=\"http:\/\/www.eloriente.net\/home\/2014\/01\/29\/promueve-poder-judicial-formacion-de-abogados-con-etica-juridica\/\" rel=\"bookmark\">Promueve Poder Judicial formaci\u00f3n de abogados con \u00e9tica jur\u00eddica<\/a><\/p>\n<p><a href=\"http:\/\/www.eloriente.net\/home\/2014\/01\/29\/promueve-poder-judicial-formacion-de-abogados-con-etica-juridica\/\" rel=\"bookmark\"><img decoding=\"async\" title=\"Promueve Poder Judicial formaci\u00f3n de abogados con \u00e9tica jur\u00eddica\" src=\"http:\/\/www.eloriente.net\/home\/wp-content\/themes\/city-desk\/timthumb.php?src=http%3A%2F%2Fwww.eloriente.net%2Fhome%2Fwp-content%2Fuploads%2F2014%2F01%2FTSJ6.jpg&amp;q=90&amp;w=160&amp;h=106&amp;zc=1\" alt=\"Promueve Poder Judicial formaci\u00f3n de abogados con \u00e9tica jur\u00eddica\" \/><\/a><\/p>\n<p>eloriente.net\/TSJ 29 de enero de 2013 Como parte de la implementaci\u00f3n de pol\u00edticas de calidad, se promovi\u00f3 la creaci\u00f3n de un C\u00f3digo Modelo de \u00c9tica para Estudiantes. El Poder Judicial del Estado es considerado pionero, a nivel nacional, en la creaci\u00f3n de un C\u00f3digo Modelo de \u00c9tica para Estudiantes, resultado del an\u00e1lisis y estudio de [&#8230;]<\/p>\n<p>January 29, 2014<\/p>\n<div id=\"post-20178\">\n<p><a title=\"Permalink to Coordinan acciones Poder Judicial y Centro de Reeducaci\u00f3n para Hombres\" href=\"http:\/\/www.eloriente.net\/home\/2014\/01\/27\/coordinan-acciones-poder-judicial-y-centro-de-reeducacion-para-hombres\/\" rel=\"bookmark\">Coordinan acciones Poder Judicial y Centro de Reeducaci\u00f3n para Hombres<\/a><\/p>\n<p><a href=\"http:\/\/www.eloriente.net\/home\/2014\/01\/27\/coordinan-acciones-poder-judicial-y-centro-de-reeducacion-para-hombres\/\" rel=\"bookmark\"><img decoding=\"async\" title=\"Coordinan acciones Poder Judicial y Centro de Reeducaci\u00f3n para Hombres\" src=\"http:\/\/www.eloriente.net\/home\/wp-content\/themes\/city-desk\/timthumb.php?src=http%3A%2F%2Fwww.eloriente.net%2Fhome%2Fwp-content%2Fuploads%2F2014%2F01%2FTSJ5.jpg&amp;q=90&amp;w=160&amp;h=106&amp;zc=1\" alt=\"Coordinan acciones Poder Judicial y Centro de Reeducaci\u00f3n para Hombres\" \/><\/a><\/p>\n<p>eloriente.net\/TSJ 27 de enero de 2014 En reuni\u00f3n de trabajo revisan acciones para proporcionar atenci\u00f3n especializada a los varones involucrados en procesos legales y anuncian firma de convenio. El Poder Judicial del Estado y el Centro de Reeducaci\u00f3n para Hombres que Ejercen Violencia en Contra de las Mujeres, dependiente de la Secretar\u00eda de Seguridad P\u00fablica [&#8230;]<\/p>\n<p>January 27, 2014<\/p>\n<\/div>\n\n\t\t\t  <div \n\t\t\t  \tclass = \"fb-comments\" \n\t\t\t  \tdata-href = \"http:\/\/www.eloriente.net\/home\/2014\/02\/07\/justicia-social-eje-de-colaboracion-entre-dif-estatal-y-poder-judicial\/\"\n\t\t\t  \tdata-numposts = \"10\"\n\t\t\t\tdata-colorscheme = \"dark\"\n\t\t\t\tdata-order-by = \"social\"\n\t\t\t\tdata-mobile=true>\n\t\t\t  <\/div>\n\t\t  <style>\n\t\t\t.fb_iframe_widget_fluid_desktop iframe {\n\t\t\t    width: 100% !important;\n\t\t\t}\n\t\t  <\/style>\n\t\t  ","protected":false},"excerpt":{"rendered":"<p>eloriente.net\/TSJ 7 de febrero de 2014 A trav\u00e9s de la firma de un convenio, ambas instituciones materializaron su compromiso por brindar una atenci\u00f3n integral a los grupos vulnerables. Como parte del fortalecimiento a la pol\u00edtica social que impulsa al gobierno de Oaxaca, el titular del Poder Judicial, magistrado Alfredo Lagunas Rivera y la presidenta honoraria [&hellip;]<\/p>\n","protected":false},"author":26,"featured_media":20632,"comment_status":"open","ping_status":"open","sticky":false,"template":"","format":"standard","meta":{"_jetpack_memberships_contains_paid_content":false,"footnotes":""},"categories":[91,22,32,10,21],"tags":[],"class_list":["post-20631","post","type-post","status-publish","format-standard","has-post-thumbnail","hentry","category-congreso-y-justicia","category-derechos-humanos","category-entradas","category-lo-mas-reciente","category-politica-y-gobierno"],"jetpack_featured_media_url":"http:\/\/www.eloriente.net\/home\/wp-content\/uploads\/2014\/02\/dif-judicial.jpg","jetpack_sharing_enabled":true,"_links":{"self":[{"href":"http:\/\/www.eloriente.net\/home\/wp-json\/wp\/v2\/posts\/20631"}],"collection":[{"href":"http:\/\/www.eloriente.net\/home\/wp-json\/wp\/v2\/posts"}],"about":[{"href":"http:\/\/www.eloriente.net\/home\/wp-json\/wp\/v2\/types\/post"}],"author":[{"embeddable":true,"href":"http:\/\/www.eloriente.net\/home\/wp-json\/wp\/v2\/users\/26"}],"replies":[{"embeddable":true,"href":"http:\/\/www.eloriente.net\/home\/wp-json\/wp\/v2\/comments?post=20631"}],"version-history":[{"count":4,"href":"http:\/\/www.eloriente.net\/home\/wp-json\/wp\/v2\/posts\/20631\/revisions"}],"predecessor-version":[{"id":20634,"href":"http:\/\/www.eloriente.net\/home\/wp-json\/wp\/v2\/posts\/20631\/revisions\/20634"}],"wp:featuredmedia":[{"embeddable":true,"href":"http:\/\/www.eloriente.net\/home\/wp-json\/wp\/v2\/media\/20632"}],"wp:attachment":[{"href":"http:\/\/www.eloriente.net\/home\/wp-json\/wp\/v2\/media?parent=20631"}],"wp:term":[{"taxonomy":"category","embeddable":true,"href":"http:\/\/www.eloriente.net\/home\/wp-json\/wp\/v2\/categories?post=20631"},{"taxonomy":"post_tag","embeddable":true,"href":"http:\/\/www.eloriente.net\/home\/wp-json\/wp\/v2\/tags?post=20631"}],"curies":[{"name":"wp","href":"https:\/\/api.w.org\/{rel}","templated":true}]}}