{"id":20706,"date":"2014-02-10T09:32:58","date_gmt":"2014-02-10T15:32:58","guid":{"rendered":"http:\/\/www.eloriente.net\/home\/?p=20706"},"modified":"2014-02-10T09:34:06","modified_gmt":"2014-02-10T15:34:06","slug":"se-creara-centro-de-artes-cinematograficas-y-audiovisuales-en-oaxaca","status":"publish","type":"post","link":"http:\/\/www.eloriente.net\/home\/2014\/02\/10\/se-creara-centro-de-artes-cinematograficas-y-audiovisuales-en-oaxaca\/","title":{"rendered":"Se crear\u00e1 Centro de Artes Cinematogr\u00e1ficas y Audiovisuales en Oaxaca"},"content":{"rendered":"<p>eloriente.net\/Gobierno del Estado<\/p>\n<p>10 de febrero de 2014<\/p>\n<p><strong>El Gobernador Gabino Cu\u00e9 sostuvo una reuni\u00f3n con los titulares de SECULTA, SINFRA y SEFIN, adem\u00e1s de los representantes de la Asociaci\u00f3n Civil OaxacaCine para afinar los detalles de este proyecto cultural.<\/strong><\/p>\n<p><strong><\/strong><strong>Este espacio consolidar\u00e1 a Oaxaca como uno de los pocos estados del pa\u00eds en contar con una Cineteca Estatal para divulgar la cinematograf\u00eda mundial y acrecentar su producci\u00f3n a nivel local y nacional.<\/strong><\/p>\n<p>Para concretar el proyecto cultural que contempla la creaci\u00f3n del Centro de Artes Cinematogr\u00e1ficas y Audiovisuales de Oaxaca, el Gobernador Gabino Cu\u00e9 Monteagudo sostuvo una reuni\u00f3n con los Secretarios de las Culturas y Artes, de las Infraestructuras y de Finanzas, as\u00ed como los representantes de la Asociaci\u00f3n Civil OaxacaCine, para ajustar los detalles de este espacio que promover\u00e1 la cultura cinematogr\u00e1fica y atender\u00e1 las demandas del sector art\u00edstico audiovisual.<\/p>\n<p>Durante este encuentro efectuado en Palacio de Gobierno, el titular del Poder Ejecutivo Estatal reiter\u00f3 su disposici\u00f3n y respaldo para la realizaci\u00f3n de este espacio estrat\u00e9gico de convergencia cultural que brindar\u00e1 a las y los oaxaque\u00f1os un sitio dedicado exclusivamente a la proyecci\u00f3n y apreciaci\u00f3n de la cinematograf\u00eda mundial y regional, que adem\u00e1s fomentar\u00e1 el desarrollo de actividades y programas que estimulen a creadores y productores oaxaque\u00f1os.<\/p>\n<p>Este Centro de Artes Cinematogr\u00e1ficas, albergar\u00e1 dos salas cinematogr\u00e1ficas con capacidad superior a 300 personas, biblioteca especializada en artes visuales y cinematograf\u00eda, videoteca para la consulta de archivos, caf\u00e9 restaurante y \u00e1reas verdes. Su creaci\u00f3n est\u00e1 prevista en 2014 a trav\u00e9s de dos etapas: la primera consistir\u00eda en la construcci\u00f3n y equipamiento de ambas salas de cine, en tanto que la segunda abarcar\u00e1 la restauraci\u00f3n del inmueble y plantaci\u00f3n de \u00e1rboles.<\/p>\n<p>Funcionar\u00e1 bajo cuatro ejes b\u00e1sicos: exhibici\u00f3n cinematogr\u00e1fica de calidad, formaci\u00f3n de j\u00f3venes con aspiraciones audiovisuales o cinematogr\u00e1ficas a trav\u00e9s de talleres, creaci\u00f3n de una comisi\u00f3n f\u00edlmica que genere en el estado la capacidad de atraer producciones nacionales e internacionales y el rescate de archivos f\u00edlmicos de las televisoras en el estado.<\/p>\n<p>En este sentido, Cu\u00e9 Monteagudo instruy\u00f3 a los titulares de SECULTA, SINFRA y SEFIN, Francisco Mart\u00ednez, Netzahualc\u00f3yotl Salvatierra y Enrique Arnaud, respectivamente, as\u00ed como al Director del Instituto de Patrimonio Cultural del Estado de Oaxaca (INPAC), Jorge Valencia, realizar las acciones que permitan generar las condiciones adecuadas para la apertura \u00a0de este espacio que contribuir\u00e1 al desarrollo social de la entidad e impulsar\u00e1 la riqueza cultural de Oaxaca.<\/p>\n<p>\u201cLa cultura constituye una fuente de identidad, cohesi\u00f3n social y expresi\u00f3n de la conciencia de la sociedad. El Gobierno de Oaxaca est\u00e1 consciente de que el Centro de Artes Cinematogr\u00e1ficas y Audiovisuales impulsar\u00e1 el desarrollo del sector art\u00edstico y cultural, a trav\u00e9s de diversos programas que permitan la preservaci\u00f3n del patrimonio art\u00edstico de las y los oaxaque\u00f1os, as\u00ed como el aprovechamiento sustentable de los recursos de la cultura estatal\u201d, agreg\u00f3 el Gobernador.<\/p>\n<p><strong>Destina Gobierno de Cu\u00e9 656 mdp en tres proyectos de infraestructura cultural<\/strong><\/p>\n<p>El Centro de Artes Cinematogr\u00e1ficas y Audiovisuales forma parte de los tres proyectos estrat\u00e9gicos de infraestructura cultural que promueve el Gobierno del Estado y que junto con la Ciudad de los Archivos, permitir\u00e1 el rescate y modernizaci\u00f3n del Archivos Hist\u00f3ricos del Estado de Oaxaca, adem\u00e1s de la creaci\u00f3n del Centro de Iniciaci\u00f3n Musical, mismos que requerir\u00e1n en su conjunto una inversi\u00f3n por el orden de los 656 millones de pesos.<\/p>\n<p>En su oportunidad, el Presidente de OaxacaCine, Rigoberto P\u00e9rezcano, agradeci\u00f3 el apoyo del Gobernador para la creaci\u00f3n de la Cineteca de Oaxaca que no solo albergar\u00e1 a las y los amantes del cine, sino que tambi\u00e9n pretender funcionar como un punto de encuentro para la sociedad oaxaque\u00f1a.<\/p>\n<p>\u201cEl Centro de Artes Cinematogr\u00e1ficas y Audiovisuales de Oaxaca no solo divulgar\u00e1 la cinematograf\u00eda mundial y acrecentar\u00e1 su producci\u00f3n a nivel estatal y nacional, sino que tambi\u00e9n busca que las y los oaxaque\u00f1os cuenten con un espacio propio y de recreaci\u00f3n\u201d, sostuvo.<\/p>\n<p>Junto a la arquitecta Julia Escobedo -quien ser\u00e1 la encargada de la rehabilitaci\u00f3n del inmueble- el tambi\u00e9n director de cine resalt\u00f3 que con el Centro de Artes Cinematogr\u00e1ficas, Oaxaca se mantendr\u00e1 vigente en divulgaci\u00f3n f\u00edlmica, adem\u00e1s de sumarse a las pocas ciudades con un espacio de este tipo como\u00a0 Nuevo Le\u00f3n, Tijuana y Cuernavaca, adem\u00e1s que proyectar\u00e1 el arte y cultura de la entidad \u00a0a nivel nacional.<\/p>\n<p>A trav\u00e9s de OaxacaCine se han proyectado 147 funciones en el Teatro \u201cMacedonio Alcal\u00e1\u201d a las que han asistido 39 mil espectadores, lo anterior impuls\u00f3 a la Asociaci\u00f3n Civil a sumar esfuerzos con el Gobierno Estatal para crear el Centro de Artes Cinematogr\u00e1ficas y Audiovisuales de Oaxaca.<\/p>\n<p>&nbsp;<\/p>\n<p><a href=\"http:\/\/www.eloriente.net\/home\/wp-content\/uploads\/2014\/02\/pochote.jpg\"><img loading=\"lazy\" decoding=\"async\" class=\"alignnone size-medium wp-image-20707\" title=\"pochote\" src=\"http:\/\/www.eloriente.net\/home\/wp-content\/uploads\/2014\/02\/pochote-300x225.jpg\" alt=\"\" width=\"300\" height=\"225\" srcset=\"http:\/\/www.eloriente.net\/home\/wp-content\/uploads\/2014\/02\/pochote-300x225.jpg 300w, http:\/\/www.eloriente.net\/home\/wp-content\/uploads\/2014\/02\/pochote.jpg 500w\" sizes=\"(max-width: 300px) 100vw, 300px\" \/><\/a><\/p>\n<p>Pochote fue por mucho tiempo un espacio para la difusi\u00f3n cinematogr\u00e1fica en Oaxaca.<br \/>\nFoto:\u00a0<a id=\"yui_3_11_0_3_1392046405619_925\" href=\"http:\/\/www.flickr.com\/photos\/ojoqtv\/\" data-track=\"photoAttributionNameClick\" data-rapid_p=\"3\">Fernando Garcia Aguinaco<\/a><\/p>\n<p>&nbsp;<\/p>\n<p><strong>Entradas relacionadas:<\/strong><\/p>\n<p><a title=\"Permalink to Convocan a j\u00f3venes arquitectos a crear centro cultural en Bolonia, Italia\" href=\"http:\/\/www.eloriente.net\/home\/2014\/02\/05\/convocan-a-jovenes-arquitectos-a-crear-centro-cultural-en-bolonia-italia\/\" rel=\"bookmark\">Convocan a j\u00f3venes arquitectos a crear centro cultural en Bolonia, Italia<\/a><\/p>\n<p><a href=\"http:\/\/www.eloriente.net\/home\/2014\/02\/05\/convocan-a-jovenes-arquitectos-a-crear-centro-cultural-en-bolonia-italia\/\" rel=\"bookmark\"><img decoding=\"async\" title=\"Convocan a j\u00f3venes arquitectos a crear centro cultural en Bolonia, Italia\" src=\"http:\/\/www.eloriente.net\/home\/wp-content\/themes\/city-desk\/timthumb.php?src=http%3A%2F%2Fwww.eloriente.net%2Fhome%2Fwp-content%2Fuploads%2F2014%2F02%2Farch.jpg&amp;q=90&amp;w=160&amp;h=106&amp;zc=1\" alt=\"Convocan a j\u00f3venes arquitectos a crear centro cultural en Bolonia, Italia\" \/><\/a><\/p>\n<p>eloriente.net 5 de febrero de 2014 La asociaci\u00f3n Young Architects Competitions (YAC) y la empresa italiana Nute Partecipazioni convocan a j\u00f3venes proyectistas, reci\u00e9n graduados o estudiantes de la licenciatura en arquitectura a participar en el concurso \u201cSpace to culture\u201d (Espacio para la cultura), con la finalidad de transformar un antigua edificio ubicado en la ciudad [&#8230;]<\/p>\n<p>February 5, 2014<\/p>\n<div id=\"post-19548\">\n<p><a title=\"Permalink to Restauraci\u00f3n pict\u00f3rica de retablo en Oaxaca, gana menci\u00f3n honor\u00edfica\" href=\"http:\/\/www.eloriente.net\/home\/2014\/02\/04\/restauracion-pictorica-de-retablo-en-oaxaca-gana-mencion-honorifica\/\" rel=\"bookmark\">Restauraci\u00f3n pict\u00f3rica de retablo en Oaxaca, gana menci\u00f3n honor\u00edfica<\/a><\/p>\n<p><a href=\"http:\/\/www.eloriente.net\/home\/2014\/02\/04\/restauracion-pictorica-de-retablo-en-oaxaca-gana-mencion-honorifica\/\" rel=\"bookmark\"><img decoding=\"async\" title=\"Restauraci\u00f3n pict\u00f3rica de retablo en Oaxaca, gana menci\u00f3n honor\u00edfica\" src=\"http:\/\/www.eloriente.net\/home\/wp-content\/themes\/city-desk\/timthumb.php?src=http%3A%2F%2Fwww.eloriente.net%2Fhome%2Fwp-content%2Fuploads%2F2014%2F01%2FRestauraci%C3%B3n-portada.jpg&amp;q=90&amp;w=160&amp;h=106&amp;zc=1\" alt=\"Restauraci\u00f3n pict\u00f3rica de retablo en Oaxaca, gana menci\u00f3n honor\u00edfica\" \/><\/a><\/p>\n<p>eloriente.net\/CONACULTA 14 de enero de 2014 Yolanda Madrid Alan\u00eds y Magdalena Casta\u00f1eda Hern\u00e1ndez obtuvieron la distinci\u00f3n por el mejor trabajo de conservaci\u00f3n de bienes muebles. Las obras de los siglos XVI y XVIII forman parte del Templo de San Juan Bautista y reflejan \u201cun discurso asociado a la vida de Cristo\u201d. La restauraci\u00f3n de las [&#8230;]<\/p>\n<p>February 4, 2014<\/p>\n<p><a title=\"Permalink to Participa en concurso nacional de fotograf\u00eda \u2018De aqu\u00ed Soy\u2019\" href=\"http:\/\/www.eloriente.net\/home\/2014\/01\/25\/participa-en-concurso-nacional-de-fotografia-de-aqui-soy\/\" rel=\"bookmark\">Participa en concurso nacional de fotograf\u00eda \u2018De aqu\u00ed Soy\u2019<\/a><\/p>\n<p><a href=\"http:\/\/www.eloriente.net\/home\/2014\/01\/25\/participa-en-concurso-nacional-de-fotografia-de-aqui-soy\/\" rel=\"bookmark\"><img decoding=\"async\" title=\"Participa en concurso nacional de fotograf\u00eda \u2018De aqu\u00ed Soy\u2019\" src=\"http:\/\/www.eloriente.net\/home\/wp-content\/themes\/city-desk\/timthumb.php?src=http%3A%2F%2Fwww.eloriente.net%2Fhome%2Fwp-content%2Fuploads%2F2014%2F01%2Focelotl-Tradici%C3%B3nenmediodelasequ%C3%ADa-02_-copia.jpg&amp;q=90&amp;w=160&amp;h=106&amp;zc=1\" alt=\"Participa en concurso nacional de fotograf\u00eda \u2018De aqu\u00ed Soy\u2019\" \/><\/a><\/p>\n<p>eloriente.net 25 de enero de 2014 La agencia mexicana de fotograf\u00eda y edici\u00f3n Cuartoscuro convoca a fot\u00f3grafos a participar en el Concurso Nacional de Fotograf\u00eda 2014 \u201cDe aqu\u00ed soy\u201d, en la que se busca los participantes plasmen a trav\u00e9s de sus im\u00e1genes el sentido de pertenencia al lugar, barrio, ciudad o colonia que los vio [&#8230;]<\/p>\n<p>January 25, 2014<\/p>\n<\/div>\n\n\t\t\t  <div \n\t\t\t  \tclass = \"fb-comments\" \n\t\t\t  \tdata-href = \"http:\/\/www.eloriente.net\/home\/2014\/02\/10\/se-creara-centro-de-artes-cinematograficas-y-audiovisuales-en-oaxaca\/\"\n\t\t\t  \tdata-numposts = \"10\"\n\t\t\t\tdata-colorscheme = \"dark\"\n\t\t\t\tdata-order-by = \"social\"\n\t\t\t\tdata-mobile=true>\n\t\t\t  <\/div>\n\t\t  <style>\n\t\t\t.fb_iframe_widget_fluid_desktop iframe {\n\t\t\t    width: 100% !important;\n\t\t\t}\n\t\t  <\/style>\n\t\t  ","protected":false},"excerpt":{"rendered":"<p>eloriente.net\/Gobierno del Estado 10 de febrero de 2014 El Gobernador Gabino Cu\u00e9 sostuvo una reuni\u00f3n con los titulares de SECULTA, SINFRA y SEFIN, adem\u00e1s de los representantes de la Asociaci\u00f3n Civil OaxacaCine para afinar los detalles de este proyecto cultural. Este espacio consolidar\u00e1 a Oaxaca como uno de los pocos estados del pa\u00eds en contar [&hellip;]<\/p>\n","protected":false},"author":26,"featured_media":20707,"comment_status":"open","ping_status":"open","sticky":false,"template":"","format":"standard","meta":{"_jetpack_memberships_contains_paid_content":false,"footnotes":""},"categories":[18,32,10],"tags":[],"class_list":["post-20706","post","type-post","status-publish","format-standard","has-post-thumbnail","hentry","category-educacion-y-cultura","category-entradas","category-lo-mas-reciente"],"jetpack_featured_media_url":"http:\/\/www.eloriente.net\/home\/wp-content\/uploads\/2014\/02\/pochote.jpg","jetpack_sharing_enabled":true,"_links":{"self":[{"href":"http:\/\/www.eloriente.net\/home\/wp-json\/wp\/v2\/posts\/20706"}],"collection":[{"href":"http:\/\/www.eloriente.net\/home\/wp-json\/wp\/v2\/posts"}],"about":[{"href":"http:\/\/www.eloriente.net\/home\/wp-json\/wp\/v2\/types\/post"}],"author":[{"embeddable":true,"href":"http:\/\/www.eloriente.net\/home\/wp-json\/wp\/v2\/users\/26"}],"replies":[{"embeddable":true,"href":"http:\/\/www.eloriente.net\/home\/wp-json\/wp\/v2\/comments?post=20706"}],"version-history":[{"count":3,"href":"http:\/\/www.eloriente.net\/home\/wp-json\/wp\/v2\/posts\/20706\/revisions"}],"predecessor-version":[{"id":20711,"href":"http:\/\/www.eloriente.net\/home\/wp-json\/wp\/v2\/posts\/20706\/revisions\/20711"}],"wp:featuredmedia":[{"embeddable":true,"href":"http:\/\/www.eloriente.net\/home\/wp-json\/wp\/v2\/media\/20707"}],"wp:attachment":[{"href":"http:\/\/www.eloriente.net\/home\/wp-json\/wp\/v2\/media?parent=20706"}],"wp:term":[{"taxonomy":"category","embeddable":true,"href":"http:\/\/www.eloriente.net\/home\/wp-json\/wp\/v2\/categories?post=20706"},{"taxonomy":"post_tag","embeddable":true,"href":"http:\/\/www.eloriente.net\/home\/wp-json\/wp\/v2\/tags?post=20706"}],"curies":[{"name":"wp","href":"https:\/\/api.w.org\/{rel}","templated":true}]}}