{"id":20719,"date":"2014-02-10T10:35:40","date_gmt":"2014-02-10T16:35:40","guid":{"rendered":"http:\/\/www.eloriente.net\/home\/?p=20719"},"modified":"2014-02-14T18:42:50","modified_gmt":"2014-02-15T00:42:50","slug":"te","status":"publish","type":"post","link":"http:\/\/www.eloriente.net\/home\/2014\/02\/10\/te\/","title":{"rendered":"T\u00e9"},"content":{"rendered":"<p style=\"text-align: left;\" align=\"center\">eloriente.net<\/p>\n<p style=\"text-align: left;\" align=\"center\">10 de febrero de 2014<\/p>\n<p style=\"text-align: right;\">Por:\u00a0<a href=\"http:\/\/www.eloriente.net\/home\/author\/omar\/\" target=\"_blank\">Omar Alejandro \u00c1ngel Cort\u00e9s<\/a><\/p>\n<p style=\"text-align: left;\" align=\"center\"><strong>T\u00e9<\/strong><\/p>\n<p style=\"text-align: right;\" align=\"center\"><strong><\/strong><em>A Ella<\/em><\/p>\n<p style=\"text-align: left;\" align=\"right\">Sales. Sales llagan de mi rostro y te vas. Pie. Pienso en aquellas cosas tuyas, ingenuas, de sonrisas capaces, en retener este sutil recuerdo que desfragmenta y se estalla con tu hartante azotar. Jam\u00e1s provino el ruido de palabras lubisneas. Nunca belleza imposibilit\u00f3 al que ama. Amanece. El sol derrumba en luz a este pasado contenedor de peces, ahora muertos, de vida media. Med\u00edas el tiempo con la fugaz distancia existente entre dos miradas al dormir, en las caricias de dos lenguas -rosadas, rozantes- de cansado camino por los dedos sobre el pecho. Ahora, sal. Sal que volv\u00eda de tus lavios a mi voca, vida. Vida y ser que te entr\u00f3 de mi, condenando hoy a mi exilio de ti. Huyes, murmuras de tu rostro y te vas. \u00bfSer\u00e1 de ti quien abri\u00f3 herida inmortal?, pienso. Solo. S\u00f3lo s\u00e9 que no pudiste, que olvidaste. Sales. Sales llagan de mi rostro y con la ma\u00f1ana, con el amanecer derramado, prometiendo entre s\u00e1banas, te vas.<\/p>\n<p align=\"right\">(Hmo., Son., Febrero 2014)<\/p>\n<p>&nbsp;<\/p>\n<p style=\"text-align: left;\" align=\"right\"><strong><a href=\"http:\/\/www.eloriente.net\/home\/wp-content\/uploads\/2014\/02\/mujer.jpg\"><img loading=\"lazy\" decoding=\"async\" class=\"alignnone size-medium wp-image-20721\" src=\"http:\/\/www.eloriente.net\/home\/wp-content\/uploads\/2014\/02\/mujer-300x199.jpg\" alt=\"\" width=\"300\" height=\"199\" srcset=\"http:\/\/www.eloriente.net\/home\/wp-content\/uploads\/2014\/02\/mujer-300x199.jpg 300w, http:\/\/www.eloriente.net\/home\/wp-content\/uploads\/2014\/02\/mujer.jpg 500w\" sizes=\"(max-width: 300px) 100vw, 300px\" \/><\/a><\/strong><\/p>\n<p style=\"text-align: left;\" align=\"right\">Foto:\u00a0<a id=\"yui_3_11_0_3_1392049902701_1037\" href=\"http:\/\/www.flickr.com\/photos\/instantessueltos\/\">instantessueltos<\/a><\/p>\n<p>&nbsp;<\/p>\n<p style=\"text-align: left;\" align=\"right\"><strong>Entradas relacionadas:<\/strong><\/p>\n<p><a title=\"Permalink to Carta a mi madre\" href=\"http:\/\/www.eloriente.net\/home\/2014\/01\/28\/carta-a-mi-madre\/\" rel=\"bookmark\">Carta a mi madre<\/a><\/p>\n<p style=\"text-align: left;\" align=\"right\"><a href=\"http:\/\/www.eloriente.net\/home\/2014\/01\/28\/carta-a-mi-madre\/\" rel=\"bookmark\"><img decoding=\"async\" src=\"http:\/\/www.eloriente.net\/home\/wp-content\/themes\/city-desk\/timthumb.php?src=http%3A%2F%2Fwww.eloriente.net%2Fhome%2Fwp-content%2Fuploads%2F2014%2F01%2Fmam%C3%A1.jpg&amp;q=90&amp;w=160&amp;h=106&amp;zc=1\" alt=\"Carta a mi madre\" \/><\/a><\/p>\n<p>eloriente.net 28 de enero de 2014 Por: Omar Alejandro \u00c1ngel Cort\u00e9s CARTA A MI MADRE (Fragmento) A Martha, quien sabe. D\u00edas antes, en peque\u00f1as hojas secas, \/ escribo \/ estas l\u00edneas \/ de premeditada partida.\/ \u00bfPor qu\u00e9 habr\u00eda de recordarte \/ despu\u00e9s? \/ \u00bfResulta acaso memorable \/ ahogarse en penumbras, como el somormujo? \/ Sales [&#8230;]<\/p>\n<p>January 28, 2014<\/p>\n<div>\n<p><a title=\"Permalink to Bonfigli\" href=\"http:\/\/www.eloriente.net\/home\/2014\/01\/06\/bonfigli\/\" rel=\"bookmark\">Bonfigli<\/a><\/p>\n<p><a href=\"http:\/\/www.eloriente.net\/home\/2014\/01\/06\/bonfigli\/\" rel=\"bookmark\"><img decoding=\"async\" src=\"http:\/\/www.eloriente.net\/home\/wp-content\/themes\/city-desk\/timthumb.php?src=http%3A%2F%2Fwww.eloriente.net%2Fhome%2Fwp-content%2Fuploads%2F2014%2F01%2FMujer.jpg&amp;q=90&amp;w=160&amp;h=106&amp;zc=1\" alt=\"Bonfigli\" \/><\/a><\/p>\n<p>eloriente.net 6 de enero de 2013 Por: Omar Alejandro \u00c1ngel Cort\u00e9s\u00a0 A ti \u00bfQu\u00e9 clase de belleza tienen tus ojos que me reflejo hermosa? Aqu\u00ed, ahora, te veo y, como la bocanada de humo que exhalo, igual que la gota suicida recorriendo tu \u00faltima copa, resulta dif\u00edcil, con exactitud, comprender el c\u00f3mo, por qu\u00e9 y [&#8230;]<\/p>\n<p>January 6, 2014<\/p>\n<p><a title=\"Permalink to Crom\u00e1tico\" href=\"http:\/\/www.eloriente.net\/home\/2013\/12\/01\/cromatico\/\" rel=\"bookmark\">Crom\u00e1tico<\/a><\/p>\n<p><a href=\"http:\/\/www.eloriente.net\/home\/2013\/12\/01\/cromatico\/\" rel=\"bookmark\"><img decoding=\"async\" src=\"http:\/\/www.eloriente.net\/home\/wp-content\/themes\/city-desk\/timthumb.php?src=http%3A%2F%2Fwww.eloriente.net%2Fhome%2Fwp-content%2Fuploads%2F2013%2F12%2FAmanecer-Atribuci%C3%B3nCompartir-bajo-la-misma-licencia-Algunos-derechos-reservados-por-Dario-Sanches.jpg&amp;q=90&amp;w=160&amp;h=106&amp;zc=1\" alt=\"Crom\u00e1tico\" \/><\/a><\/p>\n<p>eloriente.net 2 de diciembre de 2013 Por: Omar Alejandro \u00c1ngel CROM\u00c1TICO \u00a0i) Dos de ellos son tres. \u00a0 ii) Reyan amor. Luego, ser\u00e1n. \u00a0 iii) M\u00edseros. Hipnotizada costumbre. \u00a0 iv) Falsos pasos lascando orondos no un ma\u00f1ana. \u00a0 v) Sol, acre color, rompes en ella lo que de \u00e9l no conoce. \u00a0 vi) Lapidario ocioso. [&#8230;]<\/p>\n<p>December 1, 2013<\/p>\n<\/div>\n\n\t\t\t  <div \n\t\t\t  \tclass = \"fb-comments\" \n\t\t\t  \tdata-href = \"http:\/\/www.eloriente.net\/home\/2014\/02\/10\/te\/\"\n\t\t\t  \tdata-numposts = \"10\"\n\t\t\t\tdata-colorscheme = \"dark\"\n\t\t\t\tdata-order-by = \"social\"\n\t\t\t\tdata-mobile=true>\n\t\t\t  <\/div>\n\t\t  <style>\n\t\t\t.fb_iframe_widget_fluid_desktop iframe {\n\t\t\t    width: 100% !important;\n\t\t\t}\n\t\t  <\/style>\n\t\t  ","protected":false},"excerpt":{"rendered":"<p>eloriente.net 10 de febrero de 2014 Por:\u00a0Omar Alejandro \u00c1ngel Cort\u00e9s T\u00e9 A Ella Sales. Sales llagan de mi rostro y te vas. Pie. Pienso en aquellas cosas tuyas, ingenuas, de sonrisas capaces, en retener este sutil recuerdo que desfragmenta y se estalla con tu hartante azotar. Jam\u00e1s provino el ruido de palabras lubisneas. Nunca belleza [&hellip;]<\/p>\n","protected":false},"author":14,"featured_media":20721,"comment_status":"open","ping_status":"open","sticky":false,"template":"","format":"standard","meta":{"_jetpack_memberships_contains_paid_content":false,"footnotes":""},"categories":[11,32,10,57],"tags":[],"class_list":["post-20719","post","type-post","status-publish","format-standard","has-post-thumbnail","hentry","category-colaboradores","category-entradas","category-lo-mas-reciente","category-omar-alejandro-angel"],"jetpack_featured_media_url":"http:\/\/www.eloriente.net\/home\/wp-content\/uploads\/2014\/02\/mujer.jpg","jetpack_sharing_enabled":true,"_links":{"self":[{"href":"http:\/\/www.eloriente.net\/home\/wp-json\/wp\/v2\/posts\/20719"}],"collection":[{"href":"http:\/\/www.eloriente.net\/home\/wp-json\/wp\/v2\/posts"}],"about":[{"href":"http:\/\/www.eloriente.net\/home\/wp-json\/wp\/v2\/types\/post"}],"author":[{"embeddable":true,"href":"http:\/\/www.eloriente.net\/home\/wp-json\/wp\/v2\/users\/14"}],"replies":[{"embeddable":true,"href":"http:\/\/www.eloriente.net\/home\/wp-json\/wp\/v2\/comments?post=20719"}],"version-history":[{"count":6,"href":"http:\/\/www.eloriente.net\/home\/wp-json\/wp\/v2\/posts\/20719\/revisions"}],"predecessor-version":[{"id":20724,"href":"http:\/\/www.eloriente.net\/home\/wp-json\/wp\/v2\/posts\/20719\/revisions\/20724"}],"wp:featuredmedia":[{"embeddable":true,"href":"http:\/\/www.eloriente.net\/home\/wp-json\/wp\/v2\/media\/20721"}],"wp:attachment":[{"href":"http:\/\/www.eloriente.net\/home\/wp-json\/wp\/v2\/media?parent=20719"}],"wp:term":[{"taxonomy":"category","embeddable":true,"href":"http:\/\/www.eloriente.net\/home\/wp-json\/wp\/v2\/categories?post=20719"},{"taxonomy":"post_tag","embeddable":true,"href":"http:\/\/www.eloriente.net\/home\/wp-json\/wp\/v2\/tags?post=20719"}],"curies":[{"name":"wp","href":"https:\/\/api.w.org\/{rel}","templated":true}]}}