{"id":20757,"date":"2014-02-10T18:08:47","date_gmt":"2014-02-11T00:08:47","guid":{"rendered":"http:\/\/www.eloriente.net\/home\/?p=20757"},"modified":"2014-02-10T18:08:47","modified_gmt":"2014-02-11T00:08:47","slug":"inician-actividades-academicas-en-instituto-de-ciencias-de-la-educacion","status":"publish","type":"post","link":"http:\/\/www.eloriente.net\/home\/2014\/02\/10\/inician-actividades-academicas-en-instituto-de-ciencias-de-la-educacion\/","title":{"rendered":"Inician actividades acad\u00e9micas en Instituto de Ciencias de la Educaci\u00f3n"},"content":{"rendered":"<p>eloriente.net<\/p>\n<p>10 de febrero de 2014<\/p>\n<p>Estudiantes del Instituto de Ciencias de la Educaci\u00f3n de la Universidad Aut\u00f3noma \u201cBenito Ju\u00e1rez\u201d de Oaxaca (ICE UABJO) iniciaron clases este lunes; la ceremonia inaugural del ciclo escolar 2014-2014 estuvo a cargo la directora del plantel, Magaly Hern\u00e1ndez Arag\u00f3n quien les invit\u00f3 a refrendar su compromiso en la formaci\u00f3n integral.<\/p>\n<p>En ese sentido, la directora se\u00f1al\u00f3 que el instituto les proveer\u00e1 todas las herramientas acad\u00e9micas necesarias para el desarrollo de competencias que les permitan ejercer un desempe\u00f1o \u00f3ptimo durante su etapa profesional, as\u00ed como el ambiente propicio para esta etapa tan importante en sus vidas, lo que dar\u00e1 como resultado, profesionistas forjados con educaci\u00f3n de calidad.<\/p>\n<p>En el marco de este acto, tambi\u00e9n fue inaugurada la biblioteca del instituto, la cual se encuentra lista para dar servicio a cientos de estudiantes, con el prop\u00f3sito de contribuir al fortalecimiento educativo.<\/p>\n<p>Este inmueble cuenta con acervo bibliogr\u00e1fico impreso, digital y revistas cient\u00edficas disponibles para estudiantes, investigadores y docentes a partir de la fecha, con ello, el ICE UABJO cuenta con su propio espacio al fin, ya que anteriormente lo ven\u00eda haciendo a trav\u00e9s de la Biblioteca Central Universitaria \u201cBenito Ju\u00e1rez\u201d.<\/p>\n<p>Al hacer el corte del list\u00f3n inaugural, el rector de la M\u00e1xima Casa de Estudios, Eduardo Mart\u00ednez Helmes, invit\u00f3 a los presentes a hacer buen uso de este inmueble y a aprovechar los instrumentos que se proporcionan por este medio para instruirse como los mejores profesionistas en el \u00e1rea.<\/p>\n<p>En el acto se entregaron reconocimientos a los estudiantes que obtuvieron los promedios m\u00e1s altos del ciclo escolar 2013-2014, dentro de los que destacan Yuridia Ram\u00edrez Reyes, Laura Lucero Tejada Leyva, Roc\u00edo Vel\u00e1squez Cayetano y Jes\u00fas Manuel Rodr\u00edguez Mart\u00ednez con calificaci\u00f3n de diez.<\/p>\n<p>As\u00ed tambi\u00e9n, se entreg\u00f3 reconocimientos a j\u00f3venes que participaron en el proyecto de Tutor\u00edas, as\u00ed como en las jornadas de Difusi\u00f3n de la Lectura y Ecol\u00f3gicas realizadas en los municipios de San Agust\u00edn Atenango, Santa Mar\u00eda Yacochi y Santa Catarina Lachatao.<\/p>\n<p>De igual forma se reconoci\u00f3 a estudiantes que representaron al instituto en el 12\u00b0 Encuentro Nacional de Estudiantes de Pedagog\u00eda y Ciencias de la Educaci\u00f3n, realizado en la Universidad Pedag\u00f3gica Nacional.<\/p>\n<p>&nbsp;<\/p>\n<p><a href=\"http:\/\/www.eloriente.net\/home\/wp-content\/uploads\/2014\/02\/uabjo1.jpg\"><img loading=\"lazy\" decoding=\"async\" class=\"alignnone size-medium wp-image-20758\" title=\"uabjo\" src=\"http:\/\/www.eloriente.net\/home\/wp-content\/uploads\/2014\/02\/uabjo1-300x200.jpg\" alt=\"\" width=\"300\" height=\"200\" srcset=\"http:\/\/www.eloriente.net\/home\/wp-content\/uploads\/2014\/02\/uabjo1-300x200.jpg 300w, http:\/\/www.eloriente.net\/home\/wp-content\/uploads\/2014\/02\/uabjo1-1024x682.jpg 1024w, http:\/\/www.eloriente.net\/home\/wp-content\/uploads\/2014\/02\/uabjo1.jpg 1126w\" sizes=\"(max-width: 300px) 100vw, 300px\" \/><\/a><\/p>\n<p>Foto: UABJO<\/p>\n<p>&nbsp;<\/p>\n<p><strong>Entradas relacionadas:<\/strong><\/p>\n<p><a title=\"Permalink to Guelaguetza de libros beneficia a Santo Domingo Tomaltepec y Bajos de Coyula\" href=\"http:\/\/www.eloriente.net\/home\/2014\/02\/07\/guelaguetza-de-libros-beneficia-a-santo-domingo-tomaltepec-y-bajos-de-coyula\/\" rel=\"bookmark\">Guelaguetza de libros beneficia a Santo Domingo Tomaltepec y Bajos de Coyula<\/a><\/p>\n<p><a href=\"http:\/\/www.eloriente.net\/home\/2014\/02\/07\/guelaguetza-de-libros-beneficia-a-santo-domingo-tomaltepec-y-bajos-de-coyula\/\" rel=\"bookmark\"><img decoding=\"async\" title=\"Guelaguetza de libros beneficia a Santo Domingo Tomaltepec y Bajos de Coyula\" src=\"http:\/\/www.eloriente.net\/home\/wp-content\/themes\/city-desk\/timthumb.php?src=http%3A%2F%2Fwww.eloriente.net%2Fhome%2Fwp-content%2Fuploads%2F2014%2F02%2Firene.jpg&amp;q=90&amp;w=160&amp;h=106&amp;zc=1\" alt=\"Guelaguetza de libros beneficia a Santo Domingo Tomaltepec y Bajos de Coyula\" \/><\/a><\/p>\n<p>eloriente.net\/UABJO 7 de febrero de 2014 El proyecto social de la universidad es reconocido a nivel internacional y puede ser replicado por otros estado del pa\u00eds El rector de la Universidad Aut\u00f3noma \u201cBenito Ju\u00e1rez\u201d de Oaxaca (UABJO), Eduardo Mart\u00ednez Helmes entreg\u00f3 a las autoridades municipales de Santo Domingo Tomaltepec y Bajos de Coyula de Santa [&#8230;]<\/p>\n<p>February 7, 2014<\/p>\n<p><a title=\"Permalink to Facultad de Contadur\u00eda y Administraci\u00f3n ofrece taller sobre nuevas regulaciones fiscales\" href=\"http:\/\/www.eloriente.net\/home\/2014\/02\/03\/facultad-de-contaduria-y-administracion-ofrece-taller-sobre-nuevas-regulaciones-fiscales\/\" rel=\"bookmark\">Facultad de Contadur\u00eda y Administraci\u00f3n ofrece taller sobre nuevas regulaciones fiscales<\/a><\/p>\n<p><a href=\"http:\/\/www.eloriente.net\/home\/2014\/02\/03\/facultad-de-contaduria-y-administracion-ofrece-taller-sobre-nuevas-regulaciones-fiscales\/\" rel=\"bookmark\"><img decoding=\"async\" title=\"Facultad de Contadur\u00eda y Administraci\u00f3n ofrece taller sobre nuevas regulaciones fiscales\" src=\"http:\/\/www.eloriente.net\/home\/wp-content\/themes\/city-desk\/timthumb.php?src=http%3A%2F%2Fwww.eloriente.net%2Fhome%2Fwp-content%2Fuploads%2F2014%2F02%2FFCA.jpg&amp;q=90&amp;w=160&amp;h=106&amp;zc=1\" alt=\"Facultad de Contadur\u00eda y Administraci\u00f3n ofrece taller sobre nuevas regulaciones fiscales\" \/><\/a><\/p>\n<p>eloriente.net\/UABJO 3 de febrero de 2014 Imparten taller de las nuevas disposiciones del R\u00e9gimen de Incorporaci\u00f3n Fiscal Para brindar informaci\u00f3n actualizada acerca de las nuevas disposiciones fiscales del R\u00e9gimen de Incorporaci\u00f3n Fiscal, que reemplazaron al R\u00e9gimen de Peque\u00f1os Contribuyentes (Repecos) a partir este 2014, la Facultad de Contadur\u00eda y Administraci\u00f3n de la Universidad Aut\u00f3noma \u201cBenito [&#8230;]<\/p>\n<p>February 3, 2014<\/p>\n<div id=\"post-20369\">\n<p><a title=\"Permalink to Establecen plan de evaluaci\u00f3n para escuela de Bellas Artes\" href=\"http:\/\/www.eloriente.net\/home\/2014\/02\/03\/establecen-plan-de-evaluacion-para-escuela-de-bellas-artes\/\" rel=\"bookmark\">Establecen plan de evaluaci\u00f3n para escuela de Bellas Artes<\/a><\/p>\n<p><a href=\"http:\/\/www.eloriente.net\/home\/2014\/02\/03\/establecen-plan-de-evaluacion-para-escuela-de-bellas-artes\/\" rel=\"bookmark\"><img decoding=\"async\" title=\"Establecen plan de evaluaci\u00f3n para escuela de Bellas Artes\" src=\"http:\/\/www.eloriente.net\/home\/wp-content\/themes\/city-desk\/timthumb.php?src=http%3A%2F%2Fwww.eloriente.net%2Fhome%2Fwp-content%2Fuploads%2F2014%2F02%2Fuabjo.jpg&amp;q=90&amp;w=160&amp;h=106&amp;zc=1\" alt=\"Establecen plan de evaluaci\u00f3n para escuela de Bellas Artes\" \/><\/a>eloriente.net\/UABJO 3 de febrero de 2014 Con el apoyo del Centro de Evaluaci\u00f3n e Innovaci\u00f3n Educativa (CEVIE) de la Universidad Aut\u00f3noma \u201cBenito Ju\u00e1rez\u201d de Oaxaca (UABJO), la escuela de Bellas Artes inicia el proceso de autoevaluaci\u00f3n en la licenciatura de Artes Pl\u00e1sticas y Visuales. Fidel Torres Gonz\u00e1lez, director de la escuela, explic\u00f3 que este trabajo [&#8230;]<\/p>\n<p>February 3, 2014<\/p>\n<\/div>\n<p>&nbsp;<\/p>\n\n\t\t\t  <div \n\t\t\t  \tclass = \"fb-comments\" \n\t\t\t  \tdata-href = \"http:\/\/www.eloriente.net\/home\/2014\/02\/10\/inician-actividades-academicas-en-instituto-de-ciencias-de-la-educacion\/\"\n\t\t\t  \tdata-numposts = \"10\"\n\t\t\t\tdata-colorscheme = \"dark\"\n\t\t\t\tdata-order-by = \"social\"\n\t\t\t\tdata-mobile=true>\n\t\t\t  <\/div>\n\t\t  <style>\n\t\t\t.fb_iframe_widget_fluid_desktop iframe {\n\t\t\t    width: 100% !important;\n\t\t\t}\n\t\t  <\/style>\n\t\t  ","protected":false},"excerpt":{"rendered":"<p>eloriente.net 10 de febrero de 2014 Estudiantes del Instituto de Ciencias de la Educaci\u00f3n de la Universidad Aut\u00f3noma \u201cBenito Ju\u00e1rez\u201d de Oaxaca (ICE UABJO) iniciaron clases este lunes; la ceremonia inaugural del ciclo escolar 2014-2014 estuvo a cargo la directora del plantel, Magaly Hern\u00e1ndez Arag\u00f3n quien les invit\u00f3 a refrendar su compromiso en la formaci\u00f3n [&hellip;]<\/p>\n","protected":false},"author":26,"featured_media":20758,"comment_status":"open","ping_status":"open","sticky":false,"template":"","format":"standard","meta":{"_jetpack_memberships_contains_paid_content":false,"footnotes":""},"categories":[18,32,10,84],"tags":[],"class_list":["post-20757","post","type-post","status-publish","format-standard","has-post-thumbnail","hentry","category-educacion-y-cultura","category-entradas","category-lo-mas-reciente","category-universidades"],"jetpack_featured_media_url":"http:\/\/www.eloriente.net\/home\/wp-content\/uploads\/2014\/02\/uabjo1.jpg","jetpack_sharing_enabled":true,"_links":{"self":[{"href":"http:\/\/www.eloriente.net\/home\/wp-json\/wp\/v2\/posts\/20757"}],"collection":[{"href":"http:\/\/www.eloriente.net\/home\/wp-json\/wp\/v2\/posts"}],"about":[{"href":"http:\/\/www.eloriente.net\/home\/wp-json\/wp\/v2\/types\/post"}],"author":[{"embeddable":true,"href":"http:\/\/www.eloriente.net\/home\/wp-json\/wp\/v2\/users\/26"}],"replies":[{"embeddable":true,"href":"http:\/\/www.eloriente.net\/home\/wp-json\/wp\/v2\/comments?post=20757"}],"version-history":[{"count":2,"href":"http:\/\/www.eloriente.net\/home\/wp-json\/wp\/v2\/posts\/20757\/revisions"}],"predecessor-version":[{"id":20760,"href":"http:\/\/www.eloriente.net\/home\/wp-json\/wp\/v2\/posts\/20757\/revisions\/20760"}],"wp:featuredmedia":[{"embeddable":true,"href":"http:\/\/www.eloriente.net\/home\/wp-json\/wp\/v2\/media\/20758"}],"wp:attachment":[{"href":"http:\/\/www.eloriente.net\/home\/wp-json\/wp\/v2\/media?parent=20757"}],"wp:term":[{"taxonomy":"category","embeddable":true,"href":"http:\/\/www.eloriente.net\/home\/wp-json\/wp\/v2\/categories?post=20757"},{"taxonomy":"post_tag","embeddable":true,"href":"http:\/\/www.eloriente.net\/home\/wp-json\/wp\/v2\/tags?post=20757"}],"curies":[{"name":"wp","href":"https:\/\/api.w.org\/{rel}","templated":true}]}}