{"id":20931,"date":"2014-02-13T13:25:04","date_gmt":"2014-02-13T19:25:04","guid":{"rendered":"http:\/\/www.eloriente.net\/home\/?p=20931"},"modified":"2014-02-13T13:25:04","modified_gmt":"2014-02-13T19:25:04","slug":"salvando-mexico-pena-nieto-en-portada-de-revista-time","status":"publish","type":"post","link":"http:\/\/www.eloriente.net\/home\/2014\/02\/13\/salvando-mexico-pena-nieto-en-portada-de-revista-time\/","title":{"rendered":"Salvando M\u00e9xico, Pe\u00f1a Nieto en portada de revista Time"},"content":{"rendered":"<p>eloriente.net<\/p>\n<p>13 de febrero de 2014<\/p>\n<p>Con la leyenda <em>&#8216;Saving Mexico&#8217; <\/em>(Salvando M\u00e9xico, en espa\u00f1ol), la revista semanal Time dio a conocer que en su edici\u00f3n del 24 de febrero de 2014, volumen 183, n\u00famero 7, figurar\u00e1 en su portada el Presidente de la Rep\u00fablica Mexicana, Enrique Pe\u00f1a Nieto.<\/p>\n<p>La imagen ilustrar\u00e1 el art\u00edculo <em>Saving Mexico<\/em>, redactado por Michael Crowley, corresponsal y jefe de la oficina de la revista Time en Washington, quien detallar\u00e1 c\u00f3mo las \u00abreformas radicales\u00bb (<em>sweeping reforms<\/em>) -descrito as\u00ed por el periodista, han cambiado la narrativa de la naci\u00f3n manchada por el narcotr\u00e1fico.<\/p>\n<p>Enrique Pe\u00f1a Nieto en una entrevista exclusiva para Time, asegur\u00f3 encontrarse muy optimista, adem\u00e1s considera que las condiciones son muy favorables para el crecimiento de M\u00e9xico.<\/p>\n<p>Saving Mexico\u00a0ser\u00e1 publicado en el marco de la visita a la Rep\u00fablica Mexicana del Presidente de Estados Unidos, Barack Obama, el 19 de febrero de 2014 para participar en una cumbre de l\u00edderes de Norteam\u00e9rica, donde Pe\u00f1a Nieto compartir\u00e1 su optimismo con Obama, afirma Michael Crowley en su <a href=\"http:\/\/content.time.com\/time\/magazine\/article\/0,9171,2165465,00.html?pcd=hp-magmod\" target=\"_blank\">introducci\u00f3n<\/a>.<\/p>\n<p>La fotograf\u00eda de Enrique Pe\u00f1a Nieto tomado de las manos en posici\u00f3n firme fue capturada por el reconocido fot\u00f3grafo\u00a0Peter Hapak para la revista Time.<\/p>\n<p>Curiosamente, esta portada s\u00f3lo ser\u00e1 publicada en las ediciones impresas de Europa, Medio Oriente, \u00c1frica, Asia y el Pac\u00edfico Sur. Mientras que en Estados Unidos \u00fanicamente se encontrar\u00e1 la nota period\u00edstica al interior de la revista.<\/p>\n<p>&nbsp;<\/p>\n<p style=\"text-align: center;\"><a href=\"http:\/\/www.eloriente.net\/home\/wp-content\/uploads\/2014\/02\/20140224_600.jpg\" target=\"_blank\"><img loading=\"lazy\" decoding=\"async\" class=\"aligncenter\" style=\"-webkit-user-select: none; cursor: -webkit-zoom-in;\" src=\"http:\/\/www.eloriente.net\/home\/wp-content\/uploads\/2014\/02\/20140224_600.jpg\" alt=\"\" width=\"386\" height=\"514\" \/><\/a><\/p>\n<p>&nbsp;<\/p>\n<p><strong>Entradas relacionadas:<\/strong><\/p>\n<p><a title=\"Permalink to Presidentes de la Alianza del Pac\u00edfico suscribieron el Protocolo Adicional al Acuerdo Marco\" href=\"http:\/\/www.eloriente.net\/home\/2014\/02\/11\/presidentes-de-la-alianza-del-pacifico-suscribieron-el-protocolo-adicional-al-acuerdo-marco\/\" rel=\"bookmark\">Presidentes de la Alianza del Pac\u00edfico suscribieron el Protocolo Adicional al Acuerdo Marco<\/a><\/p>\n<p><a href=\"http:\/\/www.eloriente.net\/home\/2014\/02\/11\/presidentes-de-la-alianza-del-pacifico-suscribieron-el-protocolo-adicional-al-acuerdo-marco\/\" rel=\"bookmark\"><img decoding=\"async\" title=\"Presidentes de la Alianza del Pac\u00edfico suscribieron el Protocolo Adicional al Acuerdo Marco\" src=\"http:\/\/www.eloriente.net\/home\/wp-content\/themes\/city-desk\/timthumb.php?src=http%3A%2F%2Fwww.eloriente.net%2Fhome%2Fwp-content%2Fuploads%2F2014%2F02%2Fpresidentes_de_la_alianza_del_pacifico_suscribieron_el_protocolo_adicional2.jpg&amp;q=90&amp;w=160&amp;h=106&amp;zc=1\" alt=\"Presidentes de la Alianza del Pac\u00edfico suscribieron el Protocolo Adicional al Acuerdo Marco\" \/><\/a><\/p>\n<p>eloriente.net\/Alianza del Pac\u00edfico 11 de febrero de 2014 Los Presidentes Juan Manuel Santos Calder\u00f3n de Colombia, Sebasti\u00e1n Pi\u00f1era Echenique de Chile, Enrique Pe\u00f1a Nieto de M\u00e9xico y Ollanta Humala Tasso de Per\u00fa, suscribieron el Protocolo Adicional al Acuerdo Marco que da v\u00eda libre a la circulaci\u00f3n del 92% de los productos entre los pa\u00edses de [&#8230;]<\/p>\n<p>February 11, 2014<\/p>\n<div id=\"post-20789\">\n<p><a title=\"Permalink to 250 millones de ni\u00f1os no est\u00e1n adquiriendo conocimientos b\u00e1sicos: UNESCO\" href=\"http:\/\/www.eloriente.net\/home\/2014\/02\/11\/250-millones-de-ninos-no-estan-adquiriendo-conocimientos-basicos-unesco\/\" rel=\"bookmark\">250 millones de ni\u00f1os no est\u00e1n adquiriendo conocimientos b\u00e1sicos: UNESCO<\/a><\/p>\n<p><a href=\"http:\/\/www.eloriente.net\/home\/2014\/02\/11\/250-millones-de-ninos-no-estan-adquiriendo-conocimientos-basicos-unesco\/\" rel=\"bookmark\"><img decoding=\"async\" title=\"250 millones de ni\u00f1os no est\u00e1n adquiriendo conocimientos b\u00e1sicos: UNESCO\" src=\"http:\/\/www.eloriente.net\/home\/wp-content\/themes\/city-desk\/timthumb.php?src=http%3A%2F%2Fwww.eloriente.net%2Fhome%2Fwp-content%2Fuploads%2F2014%2F02%2Feducaci%C3%B3n.jpg&amp;q=90&amp;w=160&amp;h=106&amp;zc=1\" alt=\"250 millones de ni\u00f1os no est\u00e1n adquiriendo conocimientos b\u00e1sicos: UNESCO\" \/><\/a><\/p>\n<p>eloriente.net 11 de febrero de 2014 Se estima que 250 millones de ni\u00f1os no est\u00e1n adquiriendo conocimientos b\u00e1sicos en el mundo, declar\u00f3 la Organizaci\u00f3n de las Naciones Unidas para la Educaci\u00f3n, la Ciencia y la Cultura (UNESCO por sus siglas en ingl\u00e9s) al presentar el informe 2013-2014 del seguimiento del programa \u2018Educaci\u00f3n para Todos\u2019 (EPT) [&#8230;]<\/p>\n<p>February 11, 2014<\/p>\n<p><a title=\"Permalink to Los tres mitos que frenan el progreso de los pobres, seg\u00fan Bill Gates\" href=\"http:\/\/www.eloriente.net\/home\/2014\/01\/25\/los-tres-mitos-que-frenan-el-progreso-de-los-pobres-segun-bill-gates\/\" rel=\"bookmark\">Los tres mitos que frenan el progreso de los pobres, seg\u00fan Bill Gates<\/a><\/p>\n<p><a href=\"http:\/\/www.eloriente.net\/home\/2014\/01\/25\/los-tres-mitos-que-frenan-el-progreso-de-los-pobres-segun-bill-gates\/\" rel=\"bookmark\"><img decoding=\"async\" title=\"Los tres mitos que frenan el progreso de los pobres, seg\u00fan Bill Gates\" src=\"http:\/\/www.eloriente.net\/home\/wp-content\/themes\/city-desk\/timthumb.php?src=http%3A%2F%2Fwww.eloriente.net%2Fhome%2Fwp-content%2Fuploads%2F2014%2F01%2FMyth2_Carousel1.jpg&amp;q=90&amp;w=160&amp;h=106&amp;zc=1\" alt=\"Los tres mitos que frenan el progreso de los pobres, seg\u00fan Bill Gates\" \/><\/a><\/p>\n<p>eloriente.net\/Gates Foundation 25 de enero de 2014 \u201cDesde pr\u00e1cticamente todos los puntos de vista, el mundo nunca hab\u00eda estado tan bien como hoy. Los seres humanos viven m\u00e1s a\u00f1os y gozan de mejor salud. La tasa de pobreza extrema se ha reducido a la mitad en los \u00faltimos veinticinco a\u00f1os. La mortalidad infantil est\u00e1 disminuyendo [&#8230;]<\/p>\n<p>January 25, 2014<\/p>\n<\/div>\n\n\t\t\t  <div \n\t\t\t  \tclass = \"fb-comments\" \n\t\t\t  \tdata-href = \"http:\/\/www.eloriente.net\/home\/2014\/02\/13\/salvando-mexico-pena-nieto-en-portada-de-revista-time\/\"\n\t\t\t  \tdata-numposts = \"10\"\n\t\t\t\tdata-colorscheme = \"dark\"\n\t\t\t\tdata-order-by = \"social\"\n\t\t\t\tdata-mobile=true>\n\t\t\t  <\/div>\n\t\t  <style>\n\t\t\t.fb_iframe_widget_fluid_desktop iframe {\n\t\t\t    width: 100% !important;\n\t\t\t}\n\t\t  <\/style>\n\t\t  ","protected":false},"excerpt":{"rendered":"<p>eloriente.net 13 de febrero de 2014 Con la leyenda &#8216;Saving Mexico&#8217; (Salvando M\u00e9xico, en espa\u00f1ol), la revista semanal Time dio a conocer que en su edici\u00f3n del 24 de febrero de 2014, volumen 183, n\u00famero 7, figurar\u00e1 en su portada el Presidente de la Rep\u00fablica Mexicana, Enrique Pe\u00f1a Nieto. La imagen ilustrar\u00e1 el art\u00edculo Saving [&hellip;]<\/p>\n","protected":false},"author":26,"featured_media":20943,"comment_status":"open","ping_status":"open","sticky":false,"template":"","format":"standard","meta":{"_jetpack_memberships_contains_paid_content":false,"footnotes":""},"categories":[32,10,24,21,31],"tags":[],"class_list":["post-20931","post","type-post","status-publish","format-standard","has-post-thumbnail","hentry","category-entradas","category-lo-mas-reciente","category-mexico-y-el-mundo","category-politica-y-gobierno","category-principal"],"jetpack_featured_media_url":"http:\/\/www.eloriente.net\/home\/wp-content\/uploads\/2014\/02\/Principal-EPN.jpg","jetpack_sharing_enabled":true,"_links":{"self":[{"href":"http:\/\/www.eloriente.net\/home\/wp-json\/wp\/v2\/posts\/20931"}],"collection":[{"href":"http:\/\/www.eloriente.net\/home\/wp-json\/wp\/v2\/posts"}],"about":[{"href":"http:\/\/www.eloriente.net\/home\/wp-json\/wp\/v2\/types\/post"}],"author":[{"embeddable":true,"href":"http:\/\/www.eloriente.net\/home\/wp-json\/wp\/v2\/users\/26"}],"replies":[{"embeddable":true,"href":"http:\/\/www.eloriente.net\/home\/wp-json\/wp\/v2\/comments?post=20931"}],"version-history":[{"count":11,"href":"http:\/\/www.eloriente.net\/home\/wp-json\/wp\/v2\/posts\/20931\/revisions"}],"predecessor-version":[{"id":20949,"href":"http:\/\/www.eloriente.net\/home\/wp-json\/wp\/v2\/posts\/20931\/revisions\/20949"}],"wp:featuredmedia":[{"embeddable":true,"href":"http:\/\/www.eloriente.net\/home\/wp-json\/wp\/v2\/media\/20943"}],"wp:attachment":[{"href":"http:\/\/www.eloriente.net\/home\/wp-json\/wp\/v2\/media?parent=20931"}],"wp:term":[{"taxonomy":"category","embeddable":true,"href":"http:\/\/www.eloriente.net\/home\/wp-json\/wp\/v2\/categories?post=20931"},{"taxonomy":"post_tag","embeddable":true,"href":"http:\/\/www.eloriente.net\/home\/wp-json\/wp\/v2\/tags?post=20931"}],"curies":[{"name":"wp","href":"https:\/\/api.w.org\/{rel}","templated":true}]}}