{"id":20938,"date":"2014-02-13T13:10:25","date_gmt":"2014-02-13T19:10:25","guid":{"rendered":"http:\/\/www.eloriente.net\/home\/?p=20938"},"modified":"2014-02-13T13:10:25","modified_gmt":"2014-02-13T19:10:25","slug":"defensoria-en-oaxaca-dirige-alerta-a-secretaria-general-por-caso-puerto-escondido","status":"publish","type":"post","link":"http:\/\/www.eloriente.net\/home\/2014\/02\/13\/defensoria-en-oaxaca-dirige-alerta-a-secretaria-general-por-caso-puerto-escondido\/","title":{"rendered":"Defensor\u00eda en Oaxaca dirige Alerta a Secretar\u00eda General por caso Puerto Escondido"},"content":{"rendered":"<p>eloriente.net\/DDHPO*<\/p>\n<p>13 de febrero de 2014<\/p>\n<p>La Defensor\u00eda de los Derechos Humanos del Pueblo de Oaxaca emiti\u00f3 una Alerta Temprana \u00a0ante el riesgo de una confrontaci\u00f3n entre \u00a0los municipios de San Pedro Mixtepec, Juquila\u00a0 y Santa Mar\u00eda Colotepec, Pochutla, Oaxaca, que ponga en riesgo la integridad f\u00edsica de los habitantes, as\u00ed como de los visitantes del lugar, debido a la disputa territorial sostenida desde hace varios a\u00f1os por una parte de la Zona Adoquinada de Puerto Escondido.<\/p>\n<p>El Defensor de los Derechos Humanos Arturo Peimbert inform\u00f3 que se inici\u00f3 el expediente de queja n\u00famero DDHPO\/013\/RC\/(11)\/OAX\/2014, debido a que el pasado 10 de febrero del 2014, parte del cabildo municipal\u00a0 acompa\u00f1ado por un grupo de personas armadas con palos, piedras y armas de fuego, penetraron a la Zona Adoquinada de Puerto Escondido, Oaxaca, causando actos de molestia a los prestadores de servicios y comerciantes, pues incluso prendieron fuego en un establecimiento comercial, ya que pretend\u00edan que se les pagaran las licencias a ellos\u00a0 y no al municipio de San Pedro Mixtepec.<\/p>\n<p>El Obmdusperson se\u00f1al\u00f3 que ante la posibilidad de que se presenten \u00a0violaciones a los derechos humanos de imposible reparaci\u00f3n, se emiti\u00f3 esta Alerta Temprana, pues se tiene conocimiento de que tanto el Ayuntamiento de Santa Mar\u00eda Colotepec como el de San Pedro Mixtepec, han convocado a sus habitantes a defender por medio de la fuerza lo que ambos consideran como un territorio que se encuentra dentro de su jurisdicci\u00f3n, provocando gran tensi\u00f3n social.<\/p>\n<p>La Alerta Temprana est\u00e1 dirigida a la Secretar\u00eda General de Gobierno\u00a0 para que coordine mesas de di\u00e1logo tendientes a atender la problem\u00e1tica y garantizar con ello la paz social, as\u00ed como la convivencia arm\u00f3nica entre los habitantes de\u00a0 San Pedro Mixtepec, y Santa Mar\u00eda Colotepec.<\/p>\n<p>As\u00ed tambi\u00e9n se pidi\u00f3 a la Secretar\u00eda de Seguridad P\u00f9blica del Estado y a la Procuradur\u00eda General de Justicia para que dentro del marco de sus atribuciones, coordinen las acciones necesarias tendientes a que la Polic\u00eda Estatal\u00a0 y la Agencia Estatal de Investigaciones\u00a0 brinden seguridad en la Zona Adoquinada de Puerto Escondido, basados en el respeto irrestricto de los derechos \u00a0humanos.<\/p>\n<p>Mientras que a la Coordinaci\u00f3n para la Atenci\u00f3n de los Derechos Humanos del Poder Ejecutivo del Estado, se le solicit\u00f3 que coordine los esfuerzos de las instancias de Gobierno del Estado para la realizaci\u00f3n de las acciones pertinentes y necesarias\u00a0 para \u00a0dar una atenci\u00f3n integral al conflicto.<\/p>\n<p>Este Organismo p\u00fablico, aut\u00f3nomo y ciudadanizado pidi\u00f3 tambi\u00e9n a los Ayuntamientos de San Pedro Mixtepec y Santa Mar\u00eda Colotepec, que participen en las mesas de di\u00e1logo que se implementen, as\u00ed como que\u00a0 propicien\u00a0 y colaboren \u00a0en alternativas de soluci\u00f3n pac\u00edfica \u00a0a la problem\u00e1tica.<\/p>\n<p>*Comunicado<\/p>\n<p><a href=\"http:\/\/www.eloriente.net\/home\/wp-content\/uploads\/2014\/02\/Puerto-Escondido-Atribucio\u0301nCompartir-bajo-la-misma-licencia-Algunos-derechos-reservados-por-nachof.jpg\"><img loading=\"lazy\" decoding=\"async\" class=\"alignnone size-medium wp-image-20940\" title=\"Puerto Escondido      Atribucio\u0301nCompartir bajo la misma licencia Algunos derechos reservados por nachof\" src=\"http:\/\/www.eloriente.net\/home\/wp-content\/uploads\/2014\/02\/Puerto-Escondido-Atribucio\u0301nCompartir-bajo-la-misma-licencia-Algunos-derechos-reservados-por-nachof-300x225.jpg\" alt=\"\" width=\"300\" height=\"225\" srcset=\"http:\/\/www.eloriente.net\/home\/wp-content\/uploads\/2014\/02\/Puerto-Escondido-Atribucio\u0301nCompartir-bajo-la-misma-licencia-Algunos-derechos-reservados-por-nachof-300x225.jpg 300w, http:\/\/www.eloriente.net\/home\/wp-content\/uploads\/2014\/02\/Puerto-Escondido-Atribucio\u0301nCompartir-bajo-la-misma-licencia-Algunos-derechos-reservados-por-nachof.jpg 1024w\" sizes=\"(max-width: 300px) 100vw, 300px\" \/><\/a><\/p>\n<p>Foto:http:\/\/creativecommons.org\/licenses\/by-sa\/2.0\/<\/p>\n<div id=\"post-19525\">\n<p><a title=\"Permalink to Campe\u00f3n mundial de esqu\u00ed, Cary Mullen, visita Oaxaca; es ejemplo: Celestino G\u00f3mez\" href=\"http:\/\/www.eloriente.net\/home\/2014\/01\/13\/medallista-olimpico-cary-mullen-visita-oaxaca\/\" rel=\"bookmark\">Campe\u00f3n mundial de esqu\u00ed, Cary Mullen, visita Oaxaca; es ejemplo: Celestino G\u00f3mez<\/a><\/p>\n<p><a href=\"http:\/\/www.eloriente.net\/home\/2014\/01\/13\/medallista-olimpico-cary-mullen-visita-oaxaca\/\" rel=\"bookmark\"><img decoding=\"async\" title=\"Campe\u00f3n mundial de esqu\u00ed, Cary Mullen, visita Oaxaca; es ejemplo: Celestino G\u00f3mez\" src=\"http:\/\/www.eloriente.net\/home\/wp-content\/themes\/city-desk\/timthumb.php?src=http%3A%2F%2Fwww.eloriente.net%2Fhome%2Fwp-content%2Fuploads%2F2014%2F01%2FCary-Mullen.jpg&amp;q=90&amp;w=160&amp;h=106&amp;zc=1\" alt=\"Campe\u00f3n mundial de esqu\u00ed, Cary Mullen, visita Oaxaca; es ejemplo: Celestino G\u00f3mez\" \/><\/a>eloriente.net 13 de enero de 201 Recientemente, el atleta ol\u00edmpico canadiense y campe\u00f3n mundial de esqu\u00ed extremo, Cary Mullen, visit\u00f3 la Ciudad de Oaxaca con la finalidad de revisar proyectos de negocios en los que tiene planeado invertir. Cary Mullen es adem\u00e1s autor del libro \u2018C\u00f3mo Ganar\u2019 y es un reconocido orador motivacional. En su [&#8230;]<\/p>\n<p>January 13, 2014<\/p>\n<\/div>\n<div id=\"post-19359\">\n<p><a title=\"Permalink to Disponible acervo bibliogr\u00e1fico en historia y arte del MET\" href=\"http:\/\/www.eloriente.net\/home\/2014\/01\/08\/disponible-acervo-bibliografico-en-historia-y-arte-del-met\/\" rel=\"bookmark\">Disponible acervo bibliogr\u00e1fico en historia y arte del MET<\/a><\/p>\n<p><a href=\"http:\/\/www.eloriente.net\/home\/2014\/01\/08\/disponible-acervo-bibliografico-en-historia-y-arte-del-met\/\" rel=\"bookmark\"><img decoding=\"async\" title=\"Disponible acervo bibliogr\u00e1fico en historia y arte del MET\" src=\"http:\/\/www.eloriente.net\/home\/wp-content\/themes\/city-desk\/timthumb.php?src=http%3A%2F%2Fwww.eloriente.net%2Fhome%2Fwp-content%2Fuploads%2F2014%2F01%2FMET2.jpg&amp;q=90&amp;w=160&amp;h=106&amp;zc=1\" alt=\"Disponible acervo bibliogr\u00e1fico en historia y arte del MET\" \/><\/a>eloriente.net 8 de enero de 2014 El Museo Metropolitano de Arte de la ciudad de Nueva York tiene a disposici\u00f3n del p\u00fablico en general publicaciones editoriales en temas de historia y arte que forman parte de un acervo bibliogr\u00e1fico de cinco d\u00e9cadas. ELORIENTE.NET te recomienda los siguientes t\u00edtulos: \u2013 Greek Art From Prehistoric to Classical: [&#8230;]<\/p>\n<p>January 8, 2014<\/p>\n<\/div>\n<p><a title=\"Permalink to Aret\u00e9 Digital publica su reporte mensual enero 2014\" href=\"http:\/\/www.eloriente.net\/home\/2014\/01\/02\/arete-digital-publica-su-reporte-mensual-enero-2014\/\" rel=\"bookmark\">Aret\u00e9 Digital publica su reporte mensual enero 2014<\/a><\/p>\n<p><a href=\"http:\/\/www.eloriente.net\/home\/2014\/01\/02\/arete-digital-publica-su-reporte-mensual-enero-2014\/\" rel=\"bookmark\"><img decoding=\"async\" title=\"Aret\u00e9 Digital publica su reporte mensual enero 2014\" src=\"http:\/\/www.eloriente.net\/home\/wp-content\/themes\/city-desk\/timthumb.php?src=http%3A%2F%2Fwww.eloriente.net%2Fhome%2Fwp-content%2Fuploads%2F2014%2F01%2Fadorno.gif&amp;q=90&amp;w=160&amp;h=106&amp;zc=1\" alt=\"Aret\u00e9 Digital publica su reporte mensual enero 2014\" \/><\/a><\/p>\n<p>eloriente.net 2 de enero de 2014 La Asociaci\u00f3n Espa\u00f1ola de Gestores de Patrimonio Cultural present\u00f3 recientemente su Reporte Mensual Enero 2013 Aret\u00e9 Digital, en el cu\u00e1l muestra una s\u00edntesis sobre las actividades, convocatorias, cursos, jornadas, congresos, seminarios y noticias de la instituci\u00f3n, en las que se destacan la Asamblea General Ordinaria, Convocatoria de Becas de [&#8230;]<\/p>\n<p>January 2, 2014<\/p>\n<p>&nbsp;<\/p>\n\n\t\t\t  <div \n\t\t\t  \tclass = \"fb-comments\" \n\t\t\t  \tdata-href = \"http:\/\/www.eloriente.net\/home\/2014\/02\/13\/defensoria-en-oaxaca-dirige-alerta-a-secretaria-general-por-caso-puerto-escondido\/\"\n\t\t\t  \tdata-numposts = \"10\"\n\t\t\t\tdata-colorscheme = \"dark\"\n\t\t\t\tdata-order-by = \"social\"\n\t\t\t\tdata-mobile=true>\n\t\t\t  <\/div>\n\t\t  <style>\n\t\t\t.fb_iframe_widget_fluid_desktop iframe {\n\t\t\t    width: 100% !important;\n\t\t\t}\n\t\t  <\/style>\n\t\t  ","protected":false},"excerpt":{"rendered":"<p>eloriente.net\/DDHPO* 13 de febrero de 2014 La Defensor\u00eda de los Derechos Humanos del Pueblo de Oaxaca emiti\u00f3 una Alerta Temprana \u00a0ante el riesgo de una confrontaci\u00f3n entre \u00a0los municipios de San Pedro Mixtepec, Juquila\u00a0 y Santa Mar\u00eda Colotepec, Pochutla, Oaxaca, que ponga en riesgo la integridad f\u00edsica de los habitantes, as\u00ed como de los visitantes [&hellip;]<\/p>\n","protected":false},"author":1,"featured_media":20940,"comment_status":"open","ping_status":"open","sticky":false,"template":"","format":"standard","meta":{"_jetpack_memberships_contains_paid_content":false,"footnotes":""},"categories":[22,32,10,23],"tags":[],"class_list":["post-20938","post","type-post","status-publish","format-standard","has-post-thumbnail","hentry","category-derechos-humanos","category-entradas","category-lo-mas-reciente","category-municipios"],"jetpack_featured_media_url":"http:\/\/www.eloriente.net\/home\/wp-content\/uploads\/2014\/02\/Puerto-Escondido-Atribucio\u0301nCompartir-bajo-la-misma-licencia-Algunos-derechos-reservados-por-nachof.jpg","jetpack_sharing_enabled":true,"_links":{"self":[{"href":"http:\/\/www.eloriente.net\/home\/wp-json\/wp\/v2\/posts\/20938"}],"collection":[{"href":"http:\/\/www.eloriente.net\/home\/wp-json\/wp\/v2\/posts"}],"about":[{"href":"http:\/\/www.eloriente.net\/home\/wp-json\/wp\/v2\/types\/post"}],"author":[{"embeddable":true,"href":"http:\/\/www.eloriente.net\/home\/wp-json\/wp\/v2\/users\/1"}],"replies":[{"embeddable":true,"href":"http:\/\/www.eloriente.net\/home\/wp-json\/wp\/v2\/comments?post=20938"}],"version-history":[{"count":2,"href":"http:\/\/www.eloriente.net\/home\/wp-json\/wp\/v2\/posts\/20938\/revisions"}],"predecessor-version":[{"id":20942,"href":"http:\/\/www.eloriente.net\/home\/wp-json\/wp\/v2\/posts\/20938\/revisions\/20942"}],"wp:featuredmedia":[{"embeddable":true,"href":"http:\/\/www.eloriente.net\/home\/wp-json\/wp\/v2\/media\/20940"}],"wp:attachment":[{"href":"http:\/\/www.eloriente.net\/home\/wp-json\/wp\/v2\/media?parent=20938"}],"wp:term":[{"taxonomy":"category","embeddable":true,"href":"http:\/\/www.eloriente.net\/home\/wp-json\/wp\/v2\/categories?post=20938"},{"taxonomy":"post_tag","embeddable":true,"href":"http:\/\/www.eloriente.net\/home\/wp-json\/wp\/v2\/tags?post=20938"}],"curies":[{"name":"wp","href":"https:\/\/api.w.org\/{rel}","templated":true}]}}