{"id":20982,"date":"2014-02-14T09:08:27","date_gmt":"2014-02-14T15:08:27","guid":{"rendered":"http:\/\/www.eloriente.net\/home\/?p=20982"},"modified":"2014-02-14T18:03:10","modified_gmt":"2014-02-15T00:03:10","slug":"por-unanimidad-designan-a-funcionarios-del-congreso-estatal","status":"publish","type":"post","link":"http:\/\/www.eloriente.net\/home\/2014\/02\/14\/por-unanimidad-designan-a-funcionarios-del-congreso-estatal\/","title":{"rendered":"Por unanimidad designan a funcionarios del Congreso Estatal"},"content":{"rendered":"<p>eloriente.net\/<a href=\"http:\/\/www.congresooaxaca.gob.mx\" target=\"_blank\">Congreso del Estado<\/a>*<\/p>\n<p>14 de febrero de 2014<\/p>\n<p>Por unanimidad, el pleno de la LXII Legislatura del Estado design\u00f3 la noche de este jueves a Mauro Alberto S\u00e1nchez Hern\u00e1ndez e Isa\u00edas L\u00f3pez Gil como Tesorero y Contralor; y ratific\u00f3 a Juan Enrique Lira V\u00e1squez como Oficial Mayor del Congreso del Estado, a propuesta de los diputados integrantes de la Junta de Coordinaci\u00f3n Pol\u00edtica (JCP).<\/p>\n<p>Al respecto, los legisladores Alejandro Avil\u00e9s \u00c1lvarez, Anselmo Ortiz Garc\u00eda y Natividad D\u00edaz Jim\u00e9nez, integrantes de la JCP y coordinadores de las fracciones parlamentarias del PRI, PRD y PAN, respectivamente, celebraron que a trav\u00e9s del consenso y el di\u00e1logo se construyeran acuerdos para continuar con el trabajo legislativo.<\/p>\n<p><strong>Posible, el ejercicio de democracia eficaz: Avil\u00e9s \u00c1lvarez<\/strong><\/p>\n<p>En tribuna, en el transcurso de la sesi\u00f3n ordinaria que inici\u00f3 a las 20:08 horas y concluy\u00f3 a las 21:35 horas de este jueves, el diputado presidente de la JCP, Alejandro Avil\u00e9s \u00c1lvarez, sostuvo que el compromiso de hoy en el Poder Legislativo se refrenda con la buena fe, transparencia, legalidad y \u00e9tica p\u00fablica.<\/p>\n<p>\u201cPor ello, conscientes de la pasi\u00f3n que despierta la pol\u00edtica, d\u00e9mosle cauce a la responsabilidad legislativa y no nos distraigamos para trabajar como hasta ahora lo hemos venido haciendo, sin reservas, por la democracia, sin adjetivos\u201d, pidi\u00f3 a sus compa\u00f1eros representantes populares.<\/p>\n<p>El tambi\u00e9n coordinador de la fracci\u00f3n parlamentaria del Partido Revolucionario Institucional resalt\u00f3 que un ejercicio de democracia eficaz es posible cuando existe una sociedad madura, cr\u00edtica y participativa, pero sobre todo donde hay responsabilidad legislativa por parte de todos los partidos pol\u00edticos y tales son los elementos que prevalecen en este nuevo tiempo de Oaxaca.<\/p>\n<p>Avil\u00e9s \u00c1lvarez sostuvo que \u201cpactar no es ceder, es convenir libremente en algo y obligarse a su observancia, es esp\u00edritu de convenir y exige un talante incluyente; es decir, el deseo de procurar la participaci\u00f3n de todos, y ese es justamente el esp\u00edritu de quienes hoy ejercemos la tarea de legislar por nuestro Estado\u201d.<\/p>\n<p>Indic\u00f3 que los consensos se construyen con acuerdos y conceden la oportunidad de aportar m\u00e1s certeza jur\u00eddica para favorecer el clima de civilidad pol\u00edtica; por ello, reconoci\u00f3 la voluntad y el sentido de responsabilidad de todas y todos sus compa\u00f1eros diputados de los partidos pol\u00edticos representados en la LXII Legislatura del Estado.<\/p>\n<p>Insisti\u00f3 en que \u201chay que seguir trabajando sin reservas por la democracia sin adjetivos, pues\u00a0 esa es la que alude la Constituci\u00f3n, en ese sistema de vida fundado en el constante mejoramiento para demostrar la eficacia de la pol\u00edtica en beneficio de Oaxaca, donde se gane sin derrotar a nadie\u201d.<\/p>\n<p>\u201cDonde se cobre la conciencia de la necesidad de sumar todos nuestros esfuerzos, de adherir fuerzas, pero sobre todo de sumar voluntades\u201d, subray\u00f3 y apunt\u00f3 que \u201cel reto es la unidad en lo fundamental para avanzar hacia la meta de perfeccionar el marco legal de la democracia\u201d.<\/p>\n<p><strong>El Congreso, casa de los disenson y el debate: Anselmo Ortiz<\/strong><\/p>\n<p>Por su parte, el coordinador de la bancada del Partido de la Revoluci\u00f3n Democr\u00e1tica, Anselmo Ortiz Garc\u00eda, apunt\u00f3 que el Congreso del Estado es la \u201ccasa de los entendimientos y de los acuerdos, de los disensos y del debate\u201d.<\/p>\n<p>\u201cAqu\u00ed venimos a contrastar nuestras visiones sobre Oaxaca y lo hacemos a diario, a cada momento, a cada instante y lo hacemos con una premisa b\u00e1sica, con una tarea esencial, por encima de la geometr\u00eda, de nosotros mismos los legisladores que es Oaxaca\u201d, se\u00f1al\u00f3.<\/p>\n<p>Finalmente, puntualiz\u00f3 que \u201choy, este Congreso da la certidumbre que requiere y lo hacemos todos en unidad, en fraternidad y con un compromiso que m\u00e1s all\u00e1 de todo sigue estando Oaxaca\u201d.<\/p>\n<p><strong>Di\u00e1logo para avanzar en la agenda legislativa: Natividad D\u00edaz<\/strong><\/p>\n<p>A su vez, la coordinadora de la fracci\u00f3n parlamentaria del Partido Acci\u00f3n Nacional, Natividad D\u00edaz Jim\u00e9nez, celebr\u00f3 el consenso que alcanzaron las fuerzas pol\u00edticas representadas en el Congreso del Estado, pues \u201cla labor parlamentaria requiere de di\u00e1logo para avanzar en la agenda legislativa\u201d.<\/p>\n<p>Asegur\u00f3 que a partir de esta sesi\u00f3n ordinaria, los diputados y diputada integrantes de la JCP se comprometieron a continuar trabajando en ese esquema donde se pondere el di\u00e1logo.<\/p>\n<p>Por su parte, \u00a0el diputado Sergio L\u00f3pez V\u00e1squez, del PRD, reconoci\u00f3 la madurez pol\u00edtica de los integrantes de la JCP para alcanzar acuerdos en un marco de pluralidad para dar continuidad al trabajo legislativo.<\/p>\n<p>El tambi\u00e9n presidente de la Comisi\u00f3n Permanente de Presupuesto y Programaci\u00f3n, hizo un llamado a la unidad para alcanzar grandes pactos para que prevalezca la civilidad pol\u00edtica que garantice la armon\u00eda entre los oaxaque\u00f1os.<\/p>\n<p>En relaci\u00f3n con los nombramientos del Tesorero y el Contralor, as\u00ed como la ratificaci\u00f3n del Oficial Mayor, el diputado presidente de la Mesa Directiva, Jes\u00fas L\u00f3pez Rodr\u00edguez, del PRD, dijo que las designaciones se hicieron de acuerdo con la fracci\u00f3n XI del Art\u00edculo 40 y fracci\u00f3n V del Art\u00edculo 40 Bis de la Ley Org\u00e1nica del Poder Legislativo, cumpliendo con los requisitos que marca la ley.<\/p>\n<p>As\u00ed, los tres funcionarios rindieron la protesta de ley ante el pleno legislativo, se las tom\u00f3 el diputado L\u00f3pez Rodr\u00edguez, para dar cumplimiento al Reglamento Interior del Congreso del Estado, luego de que en la votaci\u00f3n por unanimidad se confirm\u00f3 su designaci\u00f3n.<\/p>\n<p>*Comunicado<\/p>\n<p><a href=\"http:\/\/www.eloriente.net\/home\/wp-content\/uploads\/2014\/02\/Congreso1.jpg\"><img loading=\"lazy\" decoding=\"async\" class=\"alignnone size-medium wp-image-20983\" title=\"Congreso\" src=\"http:\/\/www.eloriente.net\/home\/wp-content\/uploads\/2014\/02\/Congreso1-300x180.jpg\" alt=\"\" width=\"300\" height=\"180\" srcset=\"http:\/\/www.eloriente.net\/home\/wp-content\/uploads\/2014\/02\/Congreso1-300x180.jpg 300w, http:\/\/www.eloriente.net\/home\/wp-content\/uploads\/2014\/02\/Congreso1-1024x615.jpg 1024w, http:\/\/www.eloriente.net\/home\/wp-content\/uploads\/2014\/02\/Congreso1.jpg 1194w\" sizes=\"(max-width: 300px) 100vw, 300px\" \/><\/a><\/p>\n<p>Foto: Congreso del Estado<\/p>\n<p>&nbsp;<\/p>\n<p><strong>Entradas relacionadas:<\/strong><\/p>\n<p><a title=\"Permalink to Video: Auditor\u00eda Superior del Estado analiza evaluaci\u00f3n de gobiernos municipales\" href=\"http:\/\/www.eloriente.net\/home\/2014\/02\/13\/analizan-mecanismos-de-evaluacion-de-programas-por-gobiernos-municipales\/\" rel=\"bookmark\">Video: Auditor\u00eda Superior del Estado analiza evaluaci\u00f3n de gobiernos municipales<\/a><\/p>\n<p><a href=\"http:\/\/www.eloriente.net\/home\/2014\/02\/13\/analizan-mecanismos-de-evaluacion-de-programas-por-gobiernos-municipales\/\" rel=\"bookmark\"><img decoding=\"async\" title=\"Video: Auditor\u00eda Superior del Estado analiza evaluaci\u00f3n de gobiernos municipales\" src=\"http:\/\/www.eloriente.net\/home\/wp-content\/themes\/city-desk\/timthumb.php?src=http%3A%2F%2Fwww.eloriente.net%2Fhome%2Fwp-content%2Fuploads%2F2014%2F02%2FAltamirano-Toledo.png&amp;q=90&amp;w=160&amp;h=106&amp;zc=1\" alt=\"Video: Auditor\u00eda Superior del Estado analiza evaluaci\u00f3n de gobiernos municipales\" \/><\/a><\/p>\n<p>eloriente.net 13 de febrero de 2014 ELORIENTE.NET pone a tu disposici\u00f3n un video con el resumen del\u00a0Primer Seminario \u201cPerspectivas de la Evaluaci\u00f3n y la Auditor\u00eda al Desempe\u00f1o en los Gobiernos Municipales\u201d, organizado por la Auditor\u00eda Superior del Estado de Oaxaca: \u00a0 \u00a0 eloriente.net 3 de febrero de 2014 Con el objetivo de intercambiar experiencias y [&#8230;]<\/p>\n<p>February 13, 2014<\/p>\n<p><a title=\"Permalink to El Congreso, mayor garante de la opacidad\" href=\"http:\/\/www.eloriente.net\/home\/2014\/02\/13\/el-congreso-mayor-garante-de-la-opacidad\/\" rel=\"bookmark\">El Congreso, mayor garante de la opacidad<\/a><\/p>\n<p><a href=\"http:\/\/www.eloriente.net\/home\/2014\/02\/13\/el-congreso-mayor-garante-de-la-opacidad\/\" rel=\"bookmark\"><img decoding=\"async\" title=\"El Congreso, mayor garante de la opacidad\" src=\"http:\/\/www.eloriente.net\/home\/wp-content\/themes\/city-desk\/timthumb.php?src=http%3A%2F%2Fwww.eloriente.net%2Fhome%2Fwp-content%2Fuploads%2F2014%2F02%2FCongreso.jpg&amp;q=90&amp;w=160&amp;h=106&amp;zc=1\" alt=\"El Congreso, mayor garante de la opacidad\" \/><\/a><\/p>\n<p>eloriente.net 13 de febrero de 2014 Por: Adri\u00e1n Ortiz Romero Impunidad para mun\u00edcipes y para s\u00ed mismos \u00bfQu\u00e9 se puede decir de una Legislatura que, al mismo tiempo, inhibi\u00f3 toda acci\u00f3n en contra de presidentes municipales a los que se acusaba de escandalosa corrupci\u00f3n y enriquecimiento, y se procur\u00f3 la m\u00e1s completa opacidad y discrecionalidad [&#8230;]<\/p>\n<p>February 13, 2014<\/p>\n<p><a title=\"Permalink to Solicita diputado Garc\u00eda Henestrosa premio al periodismo cultural en Oaxaca\" href=\"http:\/\/www.eloriente.net\/home\/2014\/02\/06\/diputado-garcia-henestrosa-busca-reconocer-periodismo-cultural-en-oaxaca\/\" rel=\"bookmark\">Solicita diputado Garc\u00eda Henestrosa premio al periodismo cultural en Oaxaca<\/a><\/p>\n<p><a href=\"http:\/\/www.eloriente.net\/home\/2014\/02\/06\/diputado-garcia-henestrosa-busca-reconocer-periodismo-cultural-en-oaxaca\/\" rel=\"bookmark\"><img decoding=\"async\" title=\"Solicita diputado Garc\u00eda Henestrosa premio al periodismo cultural en Oaxaca\" src=\"http:\/\/www.eloriente.net\/home\/wp-content\/themes\/city-desk\/timthumb.php?src=http%3A%2F%2Fwww.eloriente.net%2Fhome%2Fwp-content%2Fuploads%2F2014%2F02%2Fhenestroza.jpg&amp;q=90&amp;w=160&amp;h=106&amp;zc=1\" alt=\"Solicita diputado Garc\u00eda Henestrosa premio al periodismo cultural en Oaxaca\" \/><\/a><\/p>\n<p>eloriente.net\/Congreso del Estado 6 de febrero de 2014 El premio de periodismo cultural \u201cAndr\u00e9s Henestrosa\u201d busca reconocer el trabajo de quienes se dedican a las actividades acad\u00e9micas, de investigaci\u00f3n o literarias, que tengan como prop\u00f3sito reivindicar, ensalzar, fomentar o difundir los valores de la cultura aut\u00f3ctona estatal. El diputado Gerardo Garc\u00eda Henestroza solicit\u00f3 a la [&#8230;]<\/p>\n<p>February 6, 2014<\/p>\n\n\t\t\t  <div \n\t\t\t  \tclass = \"fb-comments\" \n\t\t\t  \tdata-href = \"http:\/\/www.eloriente.net\/home\/2014\/02\/14\/por-unanimidad-designan-a-funcionarios-del-congreso-estatal\/\"\n\t\t\t  \tdata-numposts = \"10\"\n\t\t\t\tdata-colorscheme = \"dark\"\n\t\t\t\tdata-order-by = \"social\"\n\t\t\t\tdata-mobile=true>\n\t\t\t  <\/div>\n\t\t  <style>\n\t\t\t.fb_iframe_widget_fluid_desktop iframe {\n\t\t\t    width: 100% !important;\n\t\t\t}\n\t\t  <\/style>\n\t\t  ","protected":false},"excerpt":{"rendered":"<p>eloriente.net\/Congreso del Estado* 14 de febrero de 2014 Por unanimidad, el pleno de la LXII Legislatura del Estado design\u00f3 la noche de este jueves a Mauro Alberto S\u00e1nchez Hern\u00e1ndez e Isa\u00edas L\u00f3pez Gil como Tesorero y Contralor; y ratific\u00f3 a Juan Enrique Lira V\u00e1squez como Oficial Mayor del Congreso del Estado, a propuesta de los [&hellip;]<\/p>\n","protected":false},"author":26,"featured_media":20983,"comment_status":"open","ping_status":"open","sticky":false,"template":"","format":"standard","meta":{"_jetpack_memberships_contains_paid_content":false,"footnotes":""},"categories":[91,32,21],"tags":[],"class_list":["post-20982","post","type-post","status-publish","format-standard","has-post-thumbnail","hentry","category-congreso-y-justicia","category-entradas","category-politica-y-gobierno"],"jetpack_featured_media_url":"http:\/\/www.eloriente.net\/home\/wp-content\/uploads\/2014\/02\/Congreso1.jpg","jetpack_sharing_enabled":true,"_links":{"self":[{"href":"http:\/\/www.eloriente.net\/home\/wp-json\/wp\/v2\/posts\/20982"}],"collection":[{"href":"http:\/\/www.eloriente.net\/home\/wp-json\/wp\/v2\/posts"}],"about":[{"href":"http:\/\/www.eloriente.net\/home\/wp-json\/wp\/v2\/types\/post"}],"author":[{"embeddable":true,"href":"http:\/\/www.eloriente.net\/home\/wp-json\/wp\/v2\/users\/26"}],"replies":[{"embeddable":true,"href":"http:\/\/www.eloriente.net\/home\/wp-json\/wp\/v2\/comments?post=20982"}],"version-history":[{"count":4,"href":"http:\/\/www.eloriente.net\/home\/wp-json\/wp\/v2\/posts\/20982\/revisions"}],"predecessor-version":[{"id":21015,"href":"http:\/\/www.eloriente.net\/home\/wp-json\/wp\/v2\/posts\/20982\/revisions\/21015"}],"wp:featuredmedia":[{"embeddable":true,"href":"http:\/\/www.eloriente.net\/home\/wp-json\/wp\/v2\/media\/20983"}],"wp:attachment":[{"href":"http:\/\/www.eloriente.net\/home\/wp-json\/wp\/v2\/media?parent=20982"}],"wp:term":[{"taxonomy":"category","embeddable":true,"href":"http:\/\/www.eloriente.net\/home\/wp-json\/wp\/v2\/categories?post=20982"},{"taxonomy":"post_tag","embeddable":true,"href":"http:\/\/www.eloriente.net\/home\/wp-json\/wp\/v2\/tags?post=20982"}],"curies":[{"name":"wp","href":"https:\/\/api.w.org\/{rel}","templated":true}]}}