{"id":21034,"date":"2014-02-16T08:30:52","date_gmt":"2014-02-16T14:30:52","guid":{"rendered":"http:\/\/www.eloriente.net\/home\/?p=21034"},"modified":"2014-03-18T19:38:00","modified_gmt":"2014-03-19T01:38:00","slug":"que-tanto-le-ayuda-la-tecnologia-a-la-musica-un-articulo-de-fernando-escarcega","status":"publish","type":"post","link":"http:\/\/www.eloriente.net\/home\/2014\/02\/16\/que-tanto-le-ayuda-la-tecnologia-a-la-musica-un-articulo-de-fernando-escarcega\/","title":{"rendered":"\u00bfQu\u00e9 tanto le ayuda la tecnolog\u00eda a la m\u00fasica? Un art\u00edculo de Fernando Esc\u00e1rcega"},"content":{"rendered":"<p>eloriente.net\/<a href=\"http:\/\/escarcega.wordpress.com\/\" target=\"_blank\">Escarcega&#8217;s Blog<\/a><\/p>\n<p>16 de febrero de 2014<\/p>\n<p style=\"text-align: right;\">Por: Fernando Esc\u00e1rcega V\u00e9lez*<\/p>\n<p><strong>La magia de la m\u00fasica<\/strong><\/p>\n<p>A menudo me pregunto: \u00bfQu\u00e9 tanto le ha ayudado la tecnolog\u00eda a la m\u00fasica, a los m\u00fasicos y a las audiencias? Note usted que son tres esquemas totalmente distintos, de los cuales, el representado por la m\u00fasica es el m\u00e1s abstracto de todos ellos.<\/p>\n<p>Los posibles da\u00f1os o beneficios causados por la tecnolog\u00eda a la m\u00fasica son meramente el producto de un desarrollo evolutivo que no tiene un objetivo determinado, es decir, camina en busca de lo in\u00e9dito exclusivamente, pero no sabe a d\u00f3nde quiere llegar.<\/p>\n<p>La exploraci\u00f3n en los terrenos de la m\u00fasica promete sorpresas pues no se ha llegado a descubrir todo el potencial que tiene, pero a pesar de eso, muchos creadores insisten en repetir formas musicales escuchadas hasta el cansancio, lo cual es problema de los m\u00fasicos y no de la m\u00fasica.<\/p>\n<p>Altamente beneficiados por la tecnolog\u00eda, muchos m\u00fasicos contempor\u00e1neos creen que lo son, cuando en realidad la parte atractiva del sonido que generan es producto de la tecnolog\u00eda. A pesar de eso, existe una diferencia entre un m\u00fasico que conoce la teor\u00eda musical y utiliza la tecnolog\u00eda y uno que simplemente se atiene a sus aparatos sin exigirles nada en particular.<\/p>\n<p>Las audiencias deben de ser las m\u00e1s agradecidas con la tecnolog\u00eda, pues se ha posibilitado la reproducci\u00f3n de m\u00fasica a voluntad propia, de una manera inimaginable hasta hace muy pocos a\u00f1os atr\u00e1s.<\/p>\n<p>El beneficio que reciben las audiencias de la tecnolog\u00eda impacta a la m\u00fasica en la medida que \u00e9sta deja de ejecutarse en vivo. Por una parte la m\u00fasica adquiere altos valores cuantitativos cuando se puede escuchar de manera grabada, pero baja en sus valores cualitativos al perder su significado de origen.<\/p>\n<p>Sin duda alguna es un tema pol\u00e9mico, pues implica colocar en cada uno de los platos de la balanza valores que aparentemente son compatibles, pero que en realidad son pr\u00e1cticamente opuestos.<\/p>\n<p>La magia de la m\u00fasica existe, pero no puede ser confundida con la sensaci\u00f3n gratificante que proporciona escucharla en sonido estereof\u00f3nico a trav\u00e9s de unos buenos aud\u00edfonos.<\/p>\n<p>La magia de la m\u00fasica est\u00e1 en los materiales con que se construye un instrumento. Esa magia empieza a funcionar cuando las manos, h\u00e1biles o no, de un m\u00fasico tocan ese instrumento. Pero la magia est\u00e1 completa s\u00f3lo cuando la m\u00fasica llega a los o\u00eddos de las audiencias, sin necesidad de intermediarios de car\u00e1cter tecnol\u00f3gico.<\/p>\n<p>Todo eso se nos est\u00e1 olvidando y de alguna manera modela un nuevo tipo de m\u00fasica, m\u00fasicos y audiencias.<\/p>\n<p>C\u00edclicamente veremos el resurgimiento de tendencias musicales fundamentadas en la retrospecci\u00f3n, pero no dejar\u00e1n de ser modas, y la tendencia ser\u00e1 regresar al estatus de una modernidad musical poco convincente.<\/p>\n<p>La m\u00fasica se puede salvar de los efectos nocivos de la tecnolog\u00eda si se implementa como materia de formaci\u00f3n en los programas educativos. Es necesario que las nuevas generaciones conozcan a la m\u00fasica en su estado m\u00e1s puro posible. Es necesario que los criterios de evaluaci\u00f3n de la m\u00fasica no est\u00e9n atados a conceptos como volumen o efectos psicol\u00f3gicos secuenciales.<\/p>\n<p>La m\u00fasica corre el riesgo de convertirse en una droga si de ella depende la autoestima y estabilidad emocional de las personas.<\/p>\n<p>La m\u00fasica es un asunto serio, requiere criterio, conocimiento y, sobretodo, mucho respeto.<\/p>\n<p>&nbsp;<\/p>\n<p><a href=\"http:\/\/www.eloriente.net\/home\/wp-content\/uploads\/2014\/02\/mc3basico-primitivo.jpg\"><img loading=\"lazy\" decoding=\"async\" class=\"alignnone size-medium wp-image-21036\" title=\"mc3basico-primitivo\" src=\"http:\/\/www.eloriente.net\/home\/wp-content\/uploads\/2014\/02\/mc3basico-primitivo-300x178.jpg\" alt=\"\" width=\"300\" height=\"178\" srcset=\"http:\/\/www.eloriente.net\/home\/wp-content\/uploads\/2014\/02\/mc3basico-primitivo-300x178.jpg 300w, http:\/\/www.eloriente.net\/home\/wp-content\/uploads\/2014\/02\/mc3basico-primitivo.jpg 920w\" sizes=\"(max-width: 300px) 100vw, 300px\" \/><\/a><\/p>\n<p>&nbsp;<\/p>\n<hr align=\"left\" size=\"1\" width=\"33%\" \/>\n<div>\n<p><em>*\u00a0M\u00fasico bajo el seud\u00f3nimo de F. Steel, escritor, locutor, promotor cultural y acuarelista. Naci\u00f3, creci\u00f3 y se reprodujo, todo esto en un tiempo r\u00e9cord de 60 a\u00f1os. Escribe la columna Comunidad y Cultura en el peri\u00f3dico Gente del Balsas, de L\u00e1zaro C\u00e1rdenas, Michoac\u00e1n. Ha trabajado para estaciones de radio culturales del IMER y el Sistema Chiapaneco de Radio y Televisi\u00f3n. Ostenta la nacionalidad chiapaneca por propia convicci\u00f3n.<\/em><\/p>\n<p>&nbsp;<\/p>\n<p><strong>Entradas relacionadas:<\/strong><\/p>\n<p><a title=\"Permalink to Ciencia y conocimiento en la Sierra Mixe, por Gallardo V\u00e1squez\" href=\"http:\/\/www.eloriente.net\/home\/2014\/02\/15\/ciencia-y-conocimiento-en-la-sierra-mixe-por-gallardo-vasquez\/\" rel=\"bookmark\">Ciencia y conocimiento en la Sierra Mixe, por Gallardo V\u00e1squez<\/a><\/p>\n<p><a href=\"http:\/\/www.eloriente.net\/home\/2014\/02\/15\/ciencia-y-conocimiento-en-la-sierra-mixe-por-gallardo-vasquez\/\" rel=\"bookmark\"><img decoding=\"async\" title=\"Ciencia y conocimiento en la Sierra Mixe, por Gallardo V\u00e1squez\" src=\"http:\/\/www.eloriente.net\/home\/wp-content\/themes\/city-desk\/timthumb.php?src=http%3A%2F%2Fwww.eloriente.net%2Fhome%2Fwp-content%2Fuploads%2F2014%2F02%2Fimg1.jpg&amp;q=90&amp;w=160&amp;h=106&amp;zc=1\" alt=\"Ciencia y conocimiento en la Sierra Mixe, por Gallardo V\u00e1squez\" \/><\/a><\/p>\n<p>eloriente.net\/Revista Digital Universitaria 15 de febrero de 2014 Por: Julio C\u00e9sar Gallardo V\u00e1squez* \u00a0 \u00a0 Los pueblos de la sierra En el estado de Oaxaca hay una regi\u00f3n que se conoce como Sierra Norte, por ubicarse en esa orientaci\u00f3n respecto de la capital. Debido a que esta monta\u00f1osa regi\u00f3n es grande y est\u00e1 habitada por [&#8230;]<\/p>\n<p>February 15, 2014<\/p>\n<p><a title=\"Permalink to Oaxaca, patrimonio mundial en riesgo\" href=\"http:\/\/www.eloriente.net\/home\/2014\/02\/06\/oaxaca-patrimonio-mundial-en-riesgo\/\" rel=\"bookmark\">Oaxaca, patrimonio mundial en riesgo<\/a><\/p>\n<p><a href=\"http:\/\/www.eloriente.net\/home\/2014\/02\/06\/oaxaca-patrimonio-mundial-en-riesgo\/\" rel=\"bookmark\"><img decoding=\"async\" title=\"Oaxaca, patrimonio mundial en riesgo\" src=\"http:\/\/www.eloriente.net\/home\/wp-content\/themes\/city-desk\/timthumb.php?src=http%3A%2F%2Fwww.eloriente.net%2Fhome%2Fwp-content%2Fuploads%2F2014%2F01%2FCentral-de-abasto_41_baja-Ariadna-Rojas1.jpg&amp;q=90&amp;w=160&amp;h=106&amp;zc=1\" alt=\"Oaxaca, patrimonio mundial en riesgo\" \/><\/a><\/p>\n<p>eloriente.net 6 de febrero de 2014 Foto: Ariadna Rojas Por: Juan Pablo Ruiz N\u00fa\u00f1ez @JuanPablornz I A fines de noviembre del a\u00f1o pasado se celebr\u00f3 en la ciudad de Oaxaca el XII Congreso Mundial de la Organizaci\u00f3n de Ciudades Patrimonio\u00a0[1], una ONG internacional que re\u00fane a los m\u00e1s de 250 sitios nombrados por la UNESCO [&#8230;]<\/p>\n<p>February 6, 2014<\/p>\n<p><a title=\"Permalink to De un p\u00e1jaro las dos alas, un art\u00edculo de Samael Hern\u00e1ndez\" href=\"http:\/\/www.eloriente.net\/home\/2014\/01\/31\/de-un-pajaro-las-dos-alas-un-articulo-de-samael-hernandez\/\" rel=\"bookmark\">De un p\u00e1jaro las dos alas, un art\u00edculo de Samael Hern\u00e1ndez<\/a><\/p>\n<p><a href=\"http:\/\/www.eloriente.net\/home\/2014\/01\/31\/de-un-pajaro-las-dos-alas-un-articulo-de-samael-hernandez\/\" rel=\"bookmark\"><img decoding=\"async\" title=\"De un p\u00e1jaro las dos alas, un art\u00edculo de Samael Hern\u00e1ndez\" src=\"http:\/\/www.eloriente.net\/home\/wp-content\/themes\/city-desk\/timthumb.php?src=http%3A%2F%2Fwww.eloriente.net%2Fhome%2Fwp-content%2Fuploads%2F2014%2F01%2FEstacion-Marte-Coahuila-Atribucio%CC%81n-Algunos-derechos-reservados-por-amantedar-.jpg&amp;q=90&amp;w=160&amp;h=106&amp;zc=1\" alt=\"De un p\u00e1jaro las dos alas, un art\u00edculo de Samael Hern\u00e1ndez\" \/><\/a><\/p>\n<p>eloriente.net 31 de enero de 2014 Por: Samael Hern\u00e1ndez Ruiz La prensa nacional dio la nota sobre la inconformidad de los trabajadores de la educaci\u00f3n de Coahuila por el descuento que sufrieron a causa de la aplicaci\u00f3n del Impuesto Sobre la Renta (ISR).[1] Algunos lectores se mostrar\u00e1n sorprendidos de que los maestros coahuilenses protesten por [&#8230;]<\/p>\n<p>January 31, 2014<\/p>\n<\/div>\n\n\t\t\t  <div \n\t\t\t  \tclass = \"fb-comments\" \n\t\t\t  \tdata-href = \"http:\/\/www.eloriente.net\/home\/2014\/02\/16\/que-tanto-le-ayuda-la-tecnologia-a-la-musica-un-articulo-de-fernando-escarcega\/\"\n\t\t\t  \tdata-numposts = \"10\"\n\t\t\t\tdata-colorscheme = \"dark\"\n\t\t\t\tdata-order-by = \"social\"\n\t\t\t\tdata-mobile=true>\n\t\t\t  <\/div>\n\t\t  <style>\n\t\t\t.fb_iframe_widget_fluid_desktop iframe {\n\t\t\t    width: 100% !important;\n\t\t\t}\n\t\t  <\/style>\n\t\t  ","protected":false},"excerpt":{"rendered":"<p>eloriente.net\/Escarcega&#8217;s Blog 16 de febrero de 2014 Por: Fernando Esc\u00e1rcega V\u00e9lez* La magia de la m\u00fasica A menudo me pregunto: \u00bfQu\u00e9 tanto le ha ayudado la tecnolog\u00eda a la m\u00fasica, a los m\u00fasicos y a las audiencias? Note usted que son tres esquemas totalmente distintos, de los cuales, el representado por la m\u00fasica es el [&hellip;]<\/p>\n","protected":false},"author":26,"featured_media":21036,"comment_status":"open","ping_status":"open","sticky":false,"template":"","format":"standard","meta":{"_jetpack_memberships_contains_paid_content":false,"footnotes":""},"categories":[624,18,32,13,629,23,83],"tags":[],"class_list":["post-21034","post","type-post","status-publish","format-standard","has-post-thumbnail","hentry","category-articulistas","category-educacion-y-cultura","category-entradas","category-especiales","category-fernando-escarcega","category-municipios","category-musica-de-oaxaca"],"jetpack_featured_media_url":"http:\/\/www.eloriente.net\/home\/wp-content\/uploads\/2014\/02\/mc3basico-primitivo.jpg","jetpack_sharing_enabled":true,"_links":{"self":[{"href":"http:\/\/www.eloriente.net\/home\/wp-json\/wp\/v2\/posts\/21034"}],"collection":[{"href":"http:\/\/www.eloriente.net\/home\/wp-json\/wp\/v2\/posts"}],"about":[{"href":"http:\/\/www.eloriente.net\/home\/wp-json\/wp\/v2\/types\/post"}],"author":[{"embeddable":true,"href":"http:\/\/www.eloriente.net\/home\/wp-json\/wp\/v2\/users\/26"}],"replies":[{"embeddable":true,"href":"http:\/\/www.eloriente.net\/home\/wp-json\/wp\/v2\/comments?post=21034"}],"version-history":[{"count":6,"href":"http:\/\/www.eloriente.net\/home\/wp-json\/wp\/v2\/posts\/21034\/revisions"}],"predecessor-version":[{"id":22777,"href":"http:\/\/www.eloriente.net\/home\/wp-json\/wp\/v2\/posts\/21034\/revisions\/22777"}],"wp:featuredmedia":[{"embeddable":true,"href":"http:\/\/www.eloriente.net\/home\/wp-json\/wp\/v2\/media\/21036"}],"wp:attachment":[{"href":"http:\/\/www.eloriente.net\/home\/wp-json\/wp\/v2\/media?parent=21034"}],"wp:term":[{"taxonomy":"category","embeddable":true,"href":"http:\/\/www.eloriente.net\/home\/wp-json\/wp\/v2\/categories?post=21034"},{"taxonomy":"post_tag","embeddable":true,"href":"http:\/\/www.eloriente.net\/home\/wp-json\/wp\/v2\/tags?post=21034"}],"curies":[{"name":"wp","href":"https:\/\/api.w.org\/{rel}","templated":true}]}}