{"id":21040,"date":"2014-02-16T09:30:30","date_gmt":"2014-02-16T15:30:30","guid":{"rendered":"http:\/\/www.eloriente.net\/home\/?p=21040"},"modified":"2014-02-17T17:13:14","modified_gmt":"2014-02-17T23:13:14","slug":"video-metodos-para-escribir-una-biografia-por-el-inehrm","status":"publish","type":"post","link":"http:\/\/www.eloriente.net\/home\/2014\/02\/16\/video-metodos-para-escribir-una-biografia-por-el-inehrm\/","title":{"rendered":"Video-Curso: M\u00e9todos para escribir una biograf\u00eda: INEHRM"},"content":{"rendered":"<p>eloriente.net\/<a href=\"http:\/\/www.inehrm.gob.mx\/\" target=\"_blank\">INEHRM<\/a><\/p>\n<p>16 de febrero de 2014<\/p>\n<p>En d\u00edas pasados, el\u00a0Instituto Nacional de Estudios Hist\u00f3ricos de las Revoluciones de M\u00e9xico\u00a0(<wbr>INEHRM) organiz\u00f3 el curso \u00abM\u00e9todos para escribir una biograf\u00eda hist\u00f3rica\u00bb, en su primer sesi\u00f3n se present\u00f3 la historiadora, investigadora hist\u00f3rica y especialista en elaboraci\u00f3n de biograf\u00edas,\u00a0Ana Rosa Su\u00e1rez Arg\u00fcello, qui\u00e9n expuso sobre el \u00abPanorama hist\u00f3rico de la biograf\u00eda\u00bb.\u00a0<\/wbr><\/p>\n<p>ELORIENTE.NET pone a tu disposici\u00f3n la grabaci\u00f3n de la sesi\u00f3n \u00a1disfr\u00fatalo!<\/p>\n<p>&nbsp;<\/p>\n<p><iframe loading=\"lazy\" src=\"\/\/www.youtube.com\/embed\/b4dzE1P4aNs\" frameborder=\"0\" width=\"560\" height=\"315\"><\/iframe><\/p>\n<p>Video:\u00a0<a dir=\"ltr\" href=\"http:\/\/www.youtube.com\/user\/INEHRM2013?feature=watch\" data-sessionlink=\"feature=watch&amp;ei=Saz_UuC8CsLikQLHrYCICw\" data-ytid=\"UCqhrVgL7_SumSLwmStIFQhw\" data-name=\"watch\">Canal INEHRM<\/a><\/p>\n<p>&nbsp;<\/p>\n<p><a href=\"http:\/\/www.eloriente.net\/home\/wp-content\/uploads\/2014\/02\/maxresdefault.jpg\"><img loading=\"lazy\" decoding=\"async\" class=\"alignnone size-medium wp-image-21042\" title=\"maxresdefault\" src=\"http:\/\/www.eloriente.net\/home\/wp-content\/uploads\/2014\/02\/maxresdefault-300x168.jpg\" alt=\"\" width=\"300\" height=\"168\" srcset=\"http:\/\/www.eloriente.net\/home\/wp-content\/uploads\/2014\/02\/maxresdefault-300x168.jpg 300w, http:\/\/www.eloriente.net\/home\/wp-content\/uploads\/2014\/02\/maxresdefault-1024x576.jpg 1024w, http:\/\/www.eloriente.net\/home\/wp-content\/uploads\/2014\/02\/maxresdefault.jpg 1280w\" sizes=\"(max-width: 300px) 100vw, 300px\" \/><\/a><\/p>\n<p>Imagen tomada de youtube.<\/p>\n<p>&nbsp;<\/p>\n<p><strong>Entradas relacionadas:<\/strong><\/p>\n<p><a title=\"Permalink to Video: Conferencia \u201cLos jesuitas, actores pol\u00edticos de su tiempo\u201d, por Rub\u00e9n Aguilar\" href=\"http:\/\/www.eloriente.net\/home\/2014\/02\/13\/video-conferencia-los-jesuitas-actores-politicos-de-su-tiempo-por-ruben-aguilar\/\" rel=\"bookmark\">Video: Conferencia \u201cLos jesuitas, actores pol\u00edticos de su tiempo\u201d, por Rub\u00e9n Aguilar<\/a><\/p>\n<p><a href=\"http:\/\/www.eloriente.net\/home\/2014\/02\/13\/video-conferencia-los-jesuitas-actores-politicos-de-su-tiempo-por-ruben-aguilar\/\" rel=\"bookmark\"><img decoding=\"async\" title=\"Video: Conferencia \u201cLos jesuitas, actores pol\u00edticos de su tiempo\u201d, por Rub\u00e9n Aguilar\" src=\"http:\/\/www.eloriente.net\/home\/wp-content\/themes\/city-desk\/timthumb.php?src=http%3A%2F%2Fwww.eloriente.net%2Fhome%2Fwp-content%2Fuploads%2F2014%2F02%2Fruben-aguilar.jpg&amp;q=90&amp;w=160&amp;h=106&amp;zc=1\" alt=\"Video: Conferencia \u201cLos jesuitas, actores pol\u00edticos de su tiempo\u201d, por Rub\u00e9n Aguilar\" \/><\/a><\/p>\n<p>eloriente.net 13 de febrero de 2014 El licenciado en filosof\u00eda, maestro en sociolog\u00eda y doctor en ciencias sociales, Rub\u00e9n Aguilar Valenzuela, present\u00f3 ayer ante la comunidad de la Universidad Iberoamericana su conferencia \u201cLos jesuitas, actores pol\u00edticos de su tiempo\u201d. ELORIENTE.NET pone a tu disposici\u00f3n la grabaci\u00f3n del evento, con el compromiso de formar en nuestros [&#8230;]<\/p>\n<p>February 13, 2014<\/p>\n<div id=\"post-20545\">\n<p><a title=\"Permalink to Video: Conferencia \u201cImpacto econ\u00f3mico, tributario y legal de reformas fiscales\u201d, en ITAM\" href=\"http:\/\/www.eloriente.net\/home\/2014\/02\/06\/conferencia-impacto-economico-tributario-y-legal-de-las-reformas-fiscales-2014-en-itam\/\" rel=\"bookmark\">Video: Conferencia \u201cImpacto econ\u00f3mico, tributario y legal de reformas fiscales\u201d, en ITAM<\/a><\/p>\n<p><a href=\"http:\/\/www.eloriente.net\/home\/2014\/02\/06\/conferencia-impacto-economico-tributario-y-legal-de-las-reformas-fiscales-2014-en-itam\/\" rel=\"bookmark\"><img decoding=\"async\" title=\"Video: Conferencia \u201cImpacto econ\u00f3mico, tributario y legal de reformas fiscales\u201d, en ITAM\" src=\"http:\/\/www.eloriente.net\/home\/wp-content\/themes\/city-desk\/timthumb.php?src=http%3A%2F%2Fwww.eloriente.net%2Fhome%2Fwp-content%2Fuploads%2F2014%2F02%2FITAM.png&amp;q=90&amp;w=160&amp;h=106&amp;zc=1\" alt=\"Video: Conferencia \u201cImpacto econ\u00f3mico, tributario y legal de reformas fiscales\u201d, en ITAM\" \/><\/a><\/p>\n<p>eloriente.net\/ITAM 6 de febrero de 2014 En semanas pasadas, el Departamento Acad\u00e9mico de Contabilidad del\u00a0Instituto Tecnol\u00f3gico Aut\u00f3nomo de M\u00e9xico (ITAM) y\u00a0la consultora Chevez Ru\u00edz Zamarripa y C\u00eda. S.C.\u00a0realizaron la conferencia \u201cImpacto econ\u00f3mico, tributario y legal de las reformas fiscales 2014\u2033. El evento dio cita al Dr. Arturo Fern\u00e1ndez, Rector del ITAM, y el Dr. Carlos [&#8230;]<\/p>\n<p>February 6, 2014<\/p>\n<\/div>\n<div id=\"post-20241\">\n<p><a title=\"Permalink to Para entender la violencia en Michoac\u00e1n, por Sergio Aguayo\" href=\"http:\/\/www.eloriente.net\/home\/2014\/01\/28\/para-entender-la-violencia-en-michoacan-por-sergio-aguayo\/\" rel=\"bookmark\">Para entender la violencia en Michoac\u00e1n, por Sergio Aguayo<\/a><\/p>\n<p><a href=\"http:\/\/www.eloriente.net\/home\/2014\/01\/28\/para-entender-la-violencia-en-michoacan-por-sergio-aguayo\/\" rel=\"bookmark\"><img decoding=\"async\" title=\"Para entender la violencia en Michoac\u00e1n, por Sergio Aguayo\" src=\"http:\/\/www.eloriente.net\/home\/wp-content\/themes\/city-desk\/timthumb.php?src=http%3A%2F%2Fwww.eloriente.net%2Fhome%2Fwp-content%2Fuploads%2F2014%2F01%2FSergio-Aguayo.png&amp;q=90&amp;w=160&amp;h=106&amp;zc=1\" alt=\"Para entender la violencia en Michoac\u00e1n, por Sergio Aguayo\" \/><\/a><\/p>\n<p>eloriente.net 28 de enero de 2014 Recientemente, el Colegio M\u00e9xico public\u00f3 la opini\u00f3n del Dr. Sergio Aguayo, profesor-investigador del Centro de Estudios Internacionales, sobre lo que sucede en Michoac\u00e1n en materia de autodefensas y narcotr\u00e1fico. ELORIENTE.NET pone el video a tu disposici\u00f3n, con el compromiso de formar en nuestros lectores un an\u00e1lisis cr\u00edtico sobre los [&#8230;]<\/p>\n<p>January 28, 2014<\/p>\n<\/div>\n\n\t\t\t  <div \n\t\t\t  \tclass = \"fb-comments\" \n\t\t\t  \tdata-href = \"http:\/\/www.eloriente.net\/home\/2014\/02\/16\/video-metodos-para-escribir-una-biografia-por-el-inehrm\/\"\n\t\t\t  \tdata-numposts = \"10\"\n\t\t\t\tdata-colorscheme = \"dark\"\n\t\t\t\tdata-order-by = \"social\"\n\t\t\t\tdata-mobile=true>\n\t\t\t  <\/div>\n\t\t  <style>\n\t\t\t.fb_iframe_widget_fluid_desktop iframe {\n\t\t\t    width: 100% !important;\n\t\t\t}\n\t\t  <\/style>\n\t\t  ","protected":false},"excerpt":{"rendered":"<p>eloriente.net\/INEHRM 16 de febrero de 2014 En d\u00edas pasados, el\u00a0Instituto Nacional de Estudios Hist\u00f3ricos de las Revoluciones de M\u00e9xico\u00a0(INEHRM) organiz\u00f3 el curso \u00abM\u00e9todos para escribir una biograf\u00eda hist\u00f3rica\u00bb, en su primer sesi\u00f3n se present\u00f3 la historiadora, investigadora hist\u00f3rica y especialista en elaboraci\u00f3n de biograf\u00edas,\u00a0Ana Rosa Su\u00e1rez Arg\u00fcello, qui\u00e9n expuso sobre el \u00abPanorama hist\u00f3rico de la [&hellip;]<\/p>\n","protected":false},"author":26,"featured_media":21042,"comment_status":"open","ping_status":"open","sticky":false,"template":"","format":"standard","meta":{"_jetpack_memberships_contains_paid_content":false,"footnotes":""},"categories":[3,18,32,10],"tags":[],"class_list":["post-21040","post","type-post","status-publish","format-standard","has-post-thumbnail","hentry","category-canal-1-tu-aula","category-educacion-y-cultura","category-entradas","category-lo-mas-reciente"],"jetpack_featured_media_url":"http:\/\/www.eloriente.net\/home\/wp-content\/uploads\/2014\/02\/maxresdefault.jpg","jetpack_sharing_enabled":true,"_links":{"self":[{"href":"http:\/\/www.eloriente.net\/home\/wp-json\/wp\/v2\/posts\/21040"}],"collection":[{"href":"http:\/\/www.eloriente.net\/home\/wp-json\/wp\/v2\/posts"}],"about":[{"href":"http:\/\/www.eloriente.net\/home\/wp-json\/wp\/v2\/types\/post"}],"author":[{"embeddable":true,"href":"http:\/\/www.eloriente.net\/home\/wp-json\/wp\/v2\/users\/26"}],"replies":[{"embeddable":true,"href":"http:\/\/www.eloriente.net\/home\/wp-json\/wp\/v2\/comments?post=21040"}],"version-history":[{"count":7,"href":"http:\/\/www.eloriente.net\/home\/wp-json\/wp\/v2\/posts\/21040\/revisions"}],"predecessor-version":[{"id":21084,"href":"http:\/\/www.eloriente.net\/home\/wp-json\/wp\/v2\/posts\/21040\/revisions\/21084"}],"wp:featuredmedia":[{"embeddable":true,"href":"http:\/\/www.eloriente.net\/home\/wp-json\/wp\/v2\/media\/21042"}],"wp:attachment":[{"href":"http:\/\/www.eloriente.net\/home\/wp-json\/wp\/v2\/media?parent=21040"}],"wp:term":[{"taxonomy":"category","embeddable":true,"href":"http:\/\/www.eloriente.net\/home\/wp-json\/wp\/v2\/categories?post=21040"},{"taxonomy":"post_tag","embeddable":true,"href":"http:\/\/www.eloriente.net\/home\/wp-json\/wp\/v2\/tags?post=21040"}],"curies":[{"name":"wp","href":"https:\/\/api.w.org\/{rel}","templated":true}]}}