{"id":21048,"date":"2014-02-17T08:08:18","date_gmt":"2014-02-17T14:08:18","guid":{"rendered":"http:\/\/www.eloriente.net\/home\/?p=21048"},"modified":"2014-02-19T07:53:17","modified_gmt":"2014-02-19T13:53:17","slug":"17-21feb13-en-vivo-social-media-week-desde-barcelona-por-canal-2-el_oriente","status":"publish","type":"post","link":"http:\/\/www.eloriente.net\/home\/2014\/02\/17\/17-21feb13-en-vivo-social-media-week-desde-barcelona-por-canal-2-el_oriente\/","title":{"rendered":"17-21\/Feb\/13 En Vivo: Social Media Week desde Barcelona, por Canal 2 @El_Oriente"},"content":{"rendered":"<p>eloriente.net\/<a href=\"http:\/\/socialmediaweek.org\/barcelona\/\" target=\"_blank\">socialmediaweek.org<\/a><\/p>\n<p>17 de febrero de 2014<\/p>\n<p>\u00abEl futuro del ahora: siempre en marcha, siempre conectados\u00bb, es el t\u00edtulo que invita a conocer y profundizar cada vez m\u00e1s por el mundo de las redes sociales y sus repercusiones sociales, culturales y econ\u00f3micas.<\/p>\n<p>La sede es Barcelona, Espa\u00f1a y el evento se denomina Social Media Week, a realizar entre el 17 al 21 de febrero de 2014, con ponentes de car\u00e1cter internacional. All\u00ed se reflexionar\u00e1 sobre <a href=\"http:\/\/socialmediaweek.org\/barcelona\/blog\/\" target=\"_blank\">\u00ablas \u00faltimas ideas, tendencias y mejores pr\u00e1cticas<\/a> y c\u00f3mo el futuro de las comunicaciones en tiempo real impactar\u00e1n nuestra relaciones a trav\u00e9s de los negocios, la sociedad y la cultura\u00bb.<\/p>\n<p>Algunas de las ponencias son: \u00abLas claves del \u00e9xito en social media este 2014\u00bb; \u00ab10 a\u00f1os de @scannerFM y otras aventuras digitales\u00bb; \u00abImplementando el Social CRM\u00bb; \u00abReputation Managment: \u00bfExiste realmente la reputaci\u00f3n online?\u00bb, entre muchas m\u00e1s.<\/p>\n<p>Es buena idea seguir algunas o todas las ponencias programadas. Por eso, ELORIENTE.NET te acerca el canal en vivo de la semana, para que no te pierdas ning\u00fan detalle, aprendamos juntos y conozcamos otras experiencias en el mundo.<\/p>\n<p>Abajo, puedes encontrar el enlace al programa completo, teniendo en cuenta que entre M\u00e9xico y Barcelona hay 7 horas de diferencia. Es decir, si en M\u00e9xico son, por ejemplo, las 7 de la ma\u00f1ana, en Barcelona ser\u00e1n las 14 horas.<\/p>\n<p><iframe loading=\"lazy\" src=\"http:\/\/new.livestream.com\/accounts\/7015087\/events\/2758752\/feed_embed?width=480&#038;height=900\" width=\"480\" height=\"900\" frameborder=\"0\" id=\"feed-embed-stand-alone\" scrolling=\"auto\"><\/iframe><\/p>\n<p><iframe loading=\"lazy\" src=\"http:\/\/new.livestream.com\/accounts\/7015087\/events\/2758735\/feed_embed?width=480&#038;height=900\" width=\"480\" height=\"900\" frameborder=\"0\" id=\"feed-embed-stand-alone\" scrolling=\"auto\"><\/iframe><\/p>\n<p><iframe loading=\"lazy\" src=\"http:\/\/new.livestream.com\/accounts\/7015087\/events\/2758728\/feed_embed?width=480&#038;height=900\" width=\"480\" height=\"900\" frameborder=\"0\" id=\"feed-embed-stand-alone\" scrolling=\"auto\"><\/iframe><\/p>\n<p>&nbsp;<\/p>\n<p>Consulta el programa completo <a href=\"http:\/\/socialmediaweek.org\/barcelona\/schedule\/\" target=\"_blank\">AQU\u00cd<\/a>.<\/p>\n<p><a href=\"http:\/\/www.eloriente.net\/home\/wp-content\/uploads\/2014\/02\/Barcelona-Algunos-derechos-reservados-por-Bert-Kaufmann.jpg\"><img loading=\"lazy\" decoding=\"async\" class=\"alignnone size-medium wp-image-21049\" title=\"Barcelona     Algunos derechos reservados por Bert Kaufmann\" src=\"http:\/\/www.eloriente.net\/home\/wp-content\/uploads\/2014\/02\/Barcelona-Algunos-derechos-reservados-por-Bert-Kaufmann-300x198.jpg\" alt=\"\" width=\"300\" height=\"198\" srcset=\"http:\/\/www.eloriente.net\/home\/wp-content\/uploads\/2014\/02\/Barcelona-Algunos-derechos-reservados-por-Bert-Kaufmann-300x198.jpg 300w, http:\/\/www.eloriente.net\/home\/wp-content\/uploads\/2014\/02\/Barcelona-Algunos-derechos-reservados-por-Bert-Kaufmann.jpg 1024w\" sizes=\"(max-width: 300px) 100vw, 300px\" \/><\/a><\/p>\n<p>Foto:<\/p>\n<dl id=\"yui_3_11_0_3_1392645664151_316\">\n<dd><a title=\"Attribution License\" href=\"http:\/\/creativecommons.org\/licenses\/by\/2.0\/\">Algunos derechos reservados<\/a> por <a href=\"http:\/\/www.flickr.com\/photos\/22746515@N02\/\">Bert Kaufmann<\/a><\/dd>\n<dd><\/dd>\n<dd><strong>Otras Entradas:<\/strong><\/dd>\n<dd><\/dd>\n<dd>\n<div id=\"post-20347\">\n<p><a title=\"Permalink to Oaxaca, patrimonio mundial en riesgo\" href=\"http:\/\/www.eloriente.net\/home\/2014\/02\/06\/oaxaca-patrimonio-mundial-en-riesgo\/\" rel=\"bookmark\">Oaxaca, patrimonio mundial en riesgo<\/a><\/p>\n<p><a href=\"http:\/\/www.eloriente.net\/home\/2014\/02\/06\/oaxaca-patrimonio-mundial-en-riesgo\/\" rel=\"bookmark\"><img decoding=\"async\" title=\"Oaxaca, patrimonio mundial en riesgo\" src=\"http:\/\/www.eloriente.net\/home\/wp-content\/themes\/city-desk\/timthumb.php?src=http%3A%2F%2Fwww.eloriente.net%2Fhome%2Fwp-content%2Fuploads%2F2014%2F01%2FCentral-de-abasto_41_baja-Ariadna-Rojas1.jpg&amp;q=90&amp;w=160&amp;h=106&amp;zc=1\" alt=\"Oaxaca, patrimonio mundial en riesgo\" \/><\/a>eloriente.net 6 de febrero de 2014 Foto: Ariadna Rojas Por: Juan Pablo Ruiz N\u00fa\u00f1ez @JuanPablornz I A fines de noviembre del a\u00f1o pasado se celebr\u00f3 en la ciudad de Oaxaca el XII Congreso Mundial de la Organizaci\u00f3n de Ciudades Patrimonio\u00a0[1], una ONG internacional que re\u00fane a los m\u00e1s de 250 sitios nombrados por la UNESCO [&#8230;]<\/p>\n<p>February 6, 2014<\/p>\n<\/div>\n<div id=\"post-20285\">\n<p><a title=\"Permalink to V\u00ednculo entre internet y democracia cambia paradigmas: Mar\u00eda Meneses\" href=\"http:\/\/www.eloriente.net\/home\/2014\/01\/29\/vinculo-entre-internet-y-democracia-cambia-paradigmas-maria-meneses\/\" rel=\"bookmark\">V\u00ednculo entre internet y democracia cambia paradigmas: Mar\u00eda Meneses<\/a><\/p>\n<p><a href=\"http:\/\/www.eloriente.net\/home\/2014\/01\/29\/vinculo-entre-internet-y-democracia-cambia-paradigmas-maria-meneses\/\" rel=\"bookmark\"><img decoding=\"async\" title=\"V\u00ednculo entre internet y democracia cambia paradigmas: Mar\u00eda Meneses\" src=\"http:\/\/www.eloriente.net\/home\/wp-content\/themes\/city-desk\/timthumb.php?src=http%3A%2F%2Fwww.eloriente.net%2Fhome%2Fwp-content%2Fuploads%2F2014%2F01%2FUABJO1.jpg&amp;q=90&amp;w=160&amp;h=106&amp;zc=1\" alt=\"V\u00ednculo entre internet y democracia cambia paradigmas: Mar\u00eda Meneses\" \/><\/a>eloriente.net\/UABJO 29 de enero de 2014 Si no hay cultura c\u00edvica ni educaci\u00f3n, no haremos del entorno virtual algo significativo: Mar\u00eda Elena Meneses. El Instituto de Investigaciones Sociol\u00f3gicas de la Universidad Aut\u00f3noma \u201cBenito Ju\u00e1rez\u201d de Oaxaca (IISUABJO) inici\u00f3 el a\u00f1o con la destacada participaci\u00f3n de la doctora Mar\u00eda Elena Meneses dentro del Ciclo de Conferencias [&#8230;]<\/p>\n<p>January 29, 2014<\/p>\n<\/div>\n<div id=\"post-19244\">\n<p><a title=\"Permalink to Nadia Yvonne anuncia noveno \u00e1lbum para 2014\" href=\"http:\/\/www.eloriente.net\/home\/2014\/01\/04\/nadia-yvonne-anuncia-noveno-album-para-2014\/\" rel=\"bookmark\">Nadia Yvonne anuncia noveno \u00e1lbum para 2014<\/a><\/p>\n<p><a href=\"http:\/\/www.eloriente.net\/home\/2014\/01\/04\/nadia-yvonne-anuncia-noveno-album-para-2014\/\" rel=\"bookmark\"><img decoding=\"async\" title=\"Nadia Yvonne anuncia noveno \u00e1lbum para 2014\" src=\"http:\/\/www.eloriente.net\/home\/wp-content\/themes\/city-desk\/timthumb.php?src=http%3A%2F%2Fwww.eloriente.net%2Fhome%2Fwp-content%2Fuploads%2F2014%2F01%2FNadia-Yvonne-Disco.jpg&amp;q=90&amp;w=160&amp;h=106&amp;zc=1\" alt=\"Nadia Yvonne anuncia noveno \u00e1lbum para 2014\" \/><\/a>eloriente.net 4 de enero de 2014 La cantante oaxaque\u00f1a Nadia Yvonne dio a conocer que 2014 ser\u00e1 un a\u00f1o importante en su carrera profesional, ya que planea la grabaci\u00f3n de su noveno \u00e1lbum con Warner Music, la realizaci\u00f3n de una comedia musical y la presentaci\u00f3n de su \u00faltimo disco con m\u00fasicos en vivo; asegura concretar [&#8230;]<\/p>\n<p>January 4, 2014<\/p>\n<\/div>\n<\/dd>\n<\/dl>\n\n\t\t\t  <div \n\t\t\t  \tclass = \"fb-comments\" \n\t\t\t  \tdata-href = \"http:\/\/www.eloriente.net\/home\/2014\/02\/17\/17-21feb13-en-vivo-social-media-week-desde-barcelona-por-canal-2-el_oriente\/\"\n\t\t\t  \tdata-numposts = \"10\"\n\t\t\t\tdata-colorscheme = \"dark\"\n\t\t\t\tdata-order-by = \"social\"\n\t\t\t\tdata-mobile=true>\n\t\t\t  <\/div>\n\t\t  <style>\n\t\t\t.fb_iframe_widget_fluid_desktop iframe {\n\t\t\t    width: 100% !important;\n\t\t\t}\n\t\t  <\/style>\n\t\t  ","protected":false},"excerpt":{"rendered":"<p>eloriente.net\/socialmediaweek.org 17 de febrero de 2014 \u00abEl futuro del ahora: siempre en marcha, siempre conectados\u00bb, es el t\u00edtulo que invita a conocer y profundizar cada vez m\u00e1s por el mundo de las redes sociales y sus repercusiones sociales, culturales y econ\u00f3micas. La sede es Barcelona, Espa\u00f1a y el evento se denomina Social Media Week, a [&hellip;]<\/p>\n","protected":false},"author":1,"featured_media":21049,"comment_status":"open","ping_status":"open","sticky":false,"template":"","format":"standard","meta":{"_jetpack_memberships_contains_paid_content":false,"footnotes":""},"categories":[4,32,13,24,31,17],"tags":[],"class_list":["post-21048","post","type-post","status-publish","format-standard","has-post-thumbnail","hentry","category-canal-2-en-vivo","category-entradas","category-especiales","category-mexico-y-el-mundo","category-principal","category-tecnologia"],"jetpack_featured_media_url":"http:\/\/www.eloriente.net\/home\/wp-content\/uploads\/2014\/02\/Barcelona-Algunos-derechos-reservados-por-Bert-Kaufmann.jpg","jetpack_sharing_enabled":true,"_links":{"self":[{"href":"http:\/\/www.eloriente.net\/home\/wp-json\/wp\/v2\/posts\/21048"}],"collection":[{"href":"http:\/\/www.eloriente.net\/home\/wp-json\/wp\/v2\/posts"}],"about":[{"href":"http:\/\/www.eloriente.net\/home\/wp-json\/wp\/v2\/types\/post"}],"author":[{"embeddable":true,"href":"http:\/\/www.eloriente.net\/home\/wp-json\/wp\/v2\/users\/1"}],"replies":[{"embeddable":true,"href":"http:\/\/www.eloriente.net\/home\/wp-json\/wp\/v2\/comments?post=21048"}],"version-history":[{"count":5,"href":"http:\/\/www.eloriente.net\/home\/wp-json\/wp\/v2\/posts\/21048\/revisions"}],"predecessor-version":[{"id":21191,"href":"http:\/\/www.eloriente.net\/home\/wp-json\/wp\/v2\/posts\/21048\/revisions\/21191"}],"wp:featuredmedia":[{"embeddable":true,"href":"http:\/\/www.eloriente.net\/home\/wp-json\/wp\/v2\/media\/21049"}],"wp:attachment":[{"href":"http:\/\/www.eloriente.net\/home\/wp-json\/wp\/v2\/media?parent=21048"}],"wp:term":[{"taxonomy":"category","embeddable":true,"href":"http:\/\/www.eloriente.net\/home\/wp-json\/wp\/v2\/categories?post=21048"},{"taxonomy":"post_tag","embeddable":true,"href":"http:\/\/www.eloriente.net\/home\/wp-json\/wp\/v2\/tags?post=21048"}],"curies":[{"name":"wp","href":"https:\/\/api.w.org\/{rel}","templated":true}]}}