{"id":21052,"date":"2014-02-17T09:28:26","date_gmt":"2014-02-17T15:28:26","guid":{"rendered":"http:\/\/www.eloriente.net\/home\/?p=21052"},"modified":"2014-02-17T10:51:38","modified_gmt":"2014-02-17T16:51:38","slug":"realizan-compilacion-cronologica-de-reformas-constitucionales-desde-1917","status":"publish","type":"post","link":"http:\/\/www.eloriente.net\/home\/2014\/02\/17\/realizan-compilacion-cronologica-de-reformas-constitucionales-desde-1917\/","title":{"rendered":"Consulta compilaci\u00f3n cronol\u00f3gica de reformas constitucionales desde 1917 por SCJN"},"content":{"rendered":"<p>eloriente.net<\/p>\n<p>17 de febrero de 2014<\/p>\n<p>La Suprema Corte de Justicia de la Naci\u00f3n (SCJN), en su rol de Tribunal Constitucional de M\u00e9xico, present\u00f3 recientemente a trav\u00e9s de su p\u00e1gina de internet una compilaci\u00f3n cronol\u00f3gica de los decretos de reformas que han realizado a la Constituci\u00f3n Pol\u00edtica de los Estados Unidos Mexicanos de 1917, que modific\u00f3 la de 5 de febrero de 1857..<\/p>\n<p>En su carta de presentaci\u00f3n, la SCJN afirma que la Constituci\u00f3n debe ser comprendida como el eje central de la vida jur\u00eddica de la Naci\u00f3n, raz\u00f3n por la cual se encuentra en constante cambio, de acuerdo a las necesidades que surgen en torno a la sociedad y a su propia realidad. Adem\u00e1s, que es un instrumento primordial en el cual la SCJN se fundamenta en su quehacer diario para la impartici\u00f3n de justicia.<\/p>\n<p>Por lo anterior, dicha compilaci\u00f3n cronol\u00f3gica presenta todas las modificaciones de que ha sido objeto la Carta Magna desde 1917 hasta el d\u00eda de hoy, art\u00edculo por art\u00edculo organizados por sus nueves t\u00edtulos y en su modalidad de transitorios.<\/p>\n<p>La SCJN declar\u00f3 que de esta manera los ciudadanos podr\u00e1n consultar de una manera r\u00e1pida y efectiva las reformas constitucionales, podr\u00e1n localizar cu\u00e1les han sido los cambios que conforman el actual texto fundamental e inclusive se cuenta con la opci\u00f3n de consultar en l\u00ednea las reformas en su texto original en su versi\u00f3n digitalizada.<\/p>\n<p>La SCJN considera necesario poner al alcance de los expertos en la materia y del p\u00fablico en general una versi\u00f3n actualizada de la Carta Magna, con la finalidad de difundir de una cultura jur\u00eddica en el pa\u00eds. Finalmente, asever\u00f3 que esto\u00a0contribuye a una mejor comprensi\u00f3n de nuestro ordenamiento jur\u00eddico y\u00a0\u00a0brinda a los usuarios una visi\u00f3n global de lo que fue y es la Constituci\u00f3n.<\/p>\n<p>Consulta las reformas constitucionales por art\u00edculo, dando click a la siguiente <a href=\"https:\/\/www.scjn.gob.mx\/normativa\/analisis_reformas\/Paginas\/titulo_primero.aspx\" target=\"_blank\">liga de enlace<\/a>.<\/p>\n<p>&nbsp;<\/p>\n<p><a href=\"http:\/\/www.eloriente.net\/home\/wp-content\/uploads\/2014\/02\/Congreso_Constituyente_de_1917.jpg\"><img loading=\"lazy\" decoding=\"async\" class=\"alignnone size-medium wp-image-21056\" title=\"Congreso_Constituyente_de_1917\" src=\"http:\/\/www.eloriente.net\/home\/wp-content\/uploads\/2014\/02\/Congreso_Constituyente_de_1917-300x212.jpg\" alt=\"\" width=\"300\" height=\"212\" srcset=\"http:\/\/www.eloriente.net\/home\/wp-content\/uploads\/2014\/02\/Congreso_Constituyente_de_1917-300x212.jpg 300w, http:\/\/www.eloriente.net\/home\/wp-content\/uploads\/2014\/02\/Congreso_Constituyente_de_1917.jpg 682w\" sizes=\"(max-width: 300px) 100vw, 300px\" \/><\/a><\/p>\n<p>Congreso Constituyente de 1917. Foto: Wikimedia.<\/p>\n<p>&nbsp;<\/p>\n<p><strong>Entradas relacionadas:<\/strong><\/p>\n<p><a title=\"Permalink to Inicia etapa de transici\u00f3n de PGR e IFE, tras reforma pol\u00edtico-electoral\" href=\"http:\/\/www.eloriente.net\/home\/2014\/02\/12\/inicia-etapa-de-transicion-de-pgr-e-ife-tras-reforma-politico-electoral\/\" rel=\"bookmark\">Inicia etapa de transici\u00f3n de PGR e IFE, tras reforma pol\u00edtico-electoral<\/a><\/p>\n<p><a href=\"http:\/\/www.eloriente.net\/home\/2014\/02\/12\/inicia-etapa-de-transicion-de-pgr-e-ife-tras-reforma-politico-electoral\/\" rel=\"bookmark\"><img decoding=\"async\" title=\"Inicia etapa de transici\u00f3n de PGR e IFE, tras reforma pol\u00edtico-electoral\" src=\"http:\/\/www.eloriente.net\/home\/wp-content\/themes\/city-desk\/timthumb.php?src=http%3A%2F%2Fwww.eloriente.net%2Fhome%2Fwp-content%2Fuploads%2F2014%2F02%2F04-presidencia-GUSTAVO-CAMACHO-OLIVARES-GCO_6452-1024x408.jpg&amp;q=90&amp;w=160&amp;h=106&amp;zc=1\" alt=\"Inicia etapa de transici\u00f3n de PGR e IFE, tras reforma pol\u00edtico-electoral\" \/><\/a><\/p>\n<p>eloriente.net 12 de febrero de 2014 Tras la publicaci\u00f3n del decreto de las reformas constitucionales en materia pol\u00edtico-electoral en el Diario Oficial de la Federaci\u00f3n\u00a0del pasado lunes 10 de febrero de 2014, la Procuradur\u00eda General de la Rep\u00fablica (PGR) dio paso a la\u00a0Fiscal\u00eda General de la Rep\u00fablica y el Instituto Federal Electoral (IFE) inici\u00f3 su [&#8230;]<\/p>\n<p>February 12, 2014<\/p>\n<div id=\"post-20858\">\n<p><a title=\"Permalink to Constituci\u00f3n y utop\u00eda\" href=\"http:\/\/www.eloriente.net\/home\/2014\/02\/12\/constitucion-y-utopia-3\/\" rel=\"bookmark\">Constituci\u00f3n y utop\u00eda<\/a><\/p>\n<p><a href=\"http:\/\/www.eloriente.net\/home\/2014\/02\/12\/constitucion-y-utopia-3\/\" rel=\"bookmark\"><img decoding=\"async\" title=\"Constituci\u00f3n y utop\u00eda\" src=\"http:\/\/www.eloriente.net\/home\/wp-content\/themes\/city-desk\/timthumb.php?src=http%3A%2F%2Fwww.eloriente.net%2Fhome%2Fwp-content%2Fuploads%2F2014%2F02%2Fconstituci%C3%B3n.jpg&amp;q=90&amp;w=160&amp;h=106&amp;zc=1\" alt=\"Constituci\u00f3n y utop\u00eda\" \/><\/a><\/p>\n<p>eloriente.net 12 de febrero de 2014 Por: Miguel Carbonell Aunque una visi\u00f3n moderna del Estado constitucional sostiene que la Constituci\u00f3n debe ser concebida como una norma aplicable\u00a0aqu\u00ed\u00a0y\u00a0ahora, y no como una recomendaci\u00f3n solamente dirigida a regular un futuro que puede no hacerse nunca presente, hay que considerar que los textos constitucionales contienen, en alguna medida, [&#8230;]<\/p>\n<p>February 12, 2014<\/p>\n<p><a title=\"Permalink to Video: Gobierno Federal promulga reforma en materia de transparencia\" href=\"http:\/\/www.eloriente.net\/home\/2014\/02\/07\/gobierno-federal-promulga-reforma-en-materia-de-transparencia\/\" rel=\"bookmark\">Video: Gobierno Federal promulga reforma en materia de transparencia<\/a><\/p>\n<p><a href=\"http:\/\/www.eloriente.net\/home\/2014\/02\/07\/gobierno-federal-promulga-reforma-en-materia-de-transparencia\/\" rel=\"bookmark\"><img decoding=\"async\" title=\"Video: Gobierno Federal promulga reforma en materia de transparencia\" src=\"http:\/\/www.eloriente.net\/home\/wp-content\/themes\/city-desk\/timthumb.php?src=http%3A%2F%2Fwww.eloriente.net%2Fhome%2Fwp-content%2Fuploads%2F2014%2F02%2Ftransparencia.jpg&amp;q=90&amp;w=160&amp;h=106&amp;zc=1\" alt=\"Video: Gobierno Federal promulga reforma en materia de transparencia\" \/><\/a><\/p>\n<p>eloriente.net 7 de febrero de 2014 En el transcurso de esta ma\u00f1ana, el Gobierno Federal encabezado por el Presidente de la Rep\u00fablica, Enrique Pe\u00f1a Nieto, realiz\u00f3 el acto protocolario de la promulgaci\u00f3n de la reforma constitucional en materia de transparencia, con el objetivo de buscar una mayor rendici\u00f3n de cuentas en todos los organismos gubernamentales [&#8230;]<\/p>\n<p>February 7, 2014<\/p>\n<\/div>\n\n\t\t\t  <div \n\t\t\t  \tclass = \"fb-comments\" \n\t\t\t  \tdata-href = \"http:\/\/www.eloriente.net\/home\/2014\/02\/17\/realizan-compilacion-cronologica-de-reformas-constitucionales-desde-1917\/\"\n\t\t\t  \tdata-numposts = \"10\"\n\t\t\t\tdata-colorscheme = \"dark\"\n\t\t\t\tdata-order-by = \"social\"\n\t\t\t\tdata-mobile=true>\n\t\t\t  <\/div>\n\t\t  <style>\n\t\t\t.fb_iframe_widget_fluid_desktop iframe {\n\t\t\t    width: 100% !important;\n\t\t\t}\n\t\t  <\/style>\n\t\t  ","protected":false},"excerpt":{"rendered":"<p>eloriente.net 17 de febrero de 2014 La Suprema Corte de Justicia de la Naci\u00f3n (SCJN), en su rol de Tribunal Constitucional de M\u00e9xico, present\u00f3 recientemente a trav\u00e9s de su p\u00e1gina de internet una compilaci\u00f3n cronol\u00f3gica de los decretos de reformas que han realizado a la Constituci\u00f3n Pol\u00edtica de los Estados Unidos Mexicanos de 1917, que [&hellip;]<\/p>\n","protected":false},"author":26,"featured_media":21056,"comment_status":"open","ping_status":"open","sticky":false,"template":"","format":"standard","meta":{"_jetpack_memberships_contains_paid_content":false,"footnotes":""},"categories":[49,18,32,13,23,21],"tags":[],"class_list":["post-21052","post","type-post","status-publish","format-standard","has-post-thumbnail","hentry","category-destacadas","category-educacion-y-cultura","category-entradas","category-especiales","category-municipios","category-politica-y-gobierno"],"jetpack_featured_media_url":"http:\/\/www.eloriente.net\/home\/wp-content\/uploads\/2014\/02\/Congreso_Constituyente_de_1917.jpg","jetpack_sharing_enabled":true,"_links":{"self":[{"href":"http:\/\/www.eloriente.net\/home\/wp-json\/wp\/v2\/posts\/21052"}],"collection":[{"href":"http:\/\/www.eloriente.net\/home\/wp-json\/wp\/v2\/posts"}],"about":[{"href":"http:\/\/www.eloriente.net\/home\/wp-json\/wp\/v2\/types\/post"}],"author":[{"embeddable":true,"href":"http:\/\/www.eloriente.net\/home\/wp-json\/wp\/v2\/users\/26"}],"replies":[{"embeddable":true,"href":"http:\/\/www.eloriente.net\/home\/wp-json\/wp\/v2\/comments?post=21052"}],"version-history":[{"count":8,"href":"http:\/\/www.eloriente.net\/home\/wp-json\/wp\/v2\/posts\/21052\/revisions"}],"predecessor-version":[{"id":21079,"href":"http:\/\/www.eloriente.net\/home\/wp-json\/wp\/v2\/posts\/21052\/revisions\/21079"}],"wp:featuredmedia":[{"embeddable":true,"href":"http:\/\/www.eloriente.net\/home\/wp-json\/wp\/v2\/media\/21056"}],"wp:attachment":[{"href":"http:\/\/www.eloriente.net\/home\/wp-json\/wp\/v2\/media?parent=21052"}],"wp:term":[{"taxonomy":"category","embeddable":true,"href":"http:\/\/www.eloriente.net\/home\/wp-json\/wp\/v2\/categories?post=21052"},{"taxonomy":"post_tag","embeddable":true,"href":"http:\/\/www.eloriente.net\/home\/wp-json\/wp\/v2\/tags?post=21052"}],"curies":[{"name":"wp","href":"https:\/\/api.w.org\/{rel}","templated":true}]}}