{"id":21099,"date":"2014-02-17T18:19:28","date_gmt":"2014-02-18T00:19:28","guid":{"rendered":"http:\/\/www.eloriente.net\/home\/?p=21099"},"modified":"2014-02-17T18:19:28","modified_gmt":"2014-02-18T00:19:28","slug":"analiza-congreso-iniciativa-de-ley-de-mejora-regulatoria-en-el-estado","status":"publish","type":"post","link":"http:\/\/www.eloriente.net\/home\/2014\/02\/17\/analiza-congreso-iniciativa-de-ley-de-mejora-regulatoria-en-el-estado\/","title":{"rendered":"Analiza Congreso iniciativa de Ley de Mejora Regulatoria en el Estado"},"content":{"rendered":"<p>eloriente.net\/<a href=\"http:\/\/www.congresooaxaca.gob.mx\" target=\"_blank\">Congreso del Estado<\/a><\/p>\n<p>17 de febrero de 2014<\/p>\n<p><strong>\u00abEs indispensable promover la gobernabilidad, seguridad jur\u00eddica y la competitividad de la entidad\u00bb, resalta la propuesta de ley enviada al pleno de la LXII Legislatura del Estado por el titular del Poder Ejecutivo Estatal.<\/strong><\/p>\n<p>La Comisi\u00f3n Permanente de Administraci\u00f3n de Justicia de la LXII Legislatura del Estado, analiza una iniciativa con proyecto de decreto enviada por el Gobernador Gabino Cu\u00e9 Monteagudo, y sometida a consideraci\u00f3n del pleno en la sesi\u00f3n ordinaria efectuada el 13 del presente, para crear la Ley de Mejora Regulatoria del Estado y Municipios de Oaxaca.<\/p>\n<p>En su exposici\u00f3n de motivos, el titular del Poder Ejecutivo estatal, resalta que de ser aprobada, la ley tiene por objeto contribuir a la competitividad del Estado, a trav\u00e9s de la simplificaci\u00f3n administrativa de los actos, procedimientos y resoluciones emanadas de las dependencias y entidades de la Administraci\u00f3n P\u00fablica Estatal y Municipal, que llevan a cabo tr\u00e1mites y servicios de atenci\u00f3n a los particulares.<\/p>\n<p>Se\u00f1ala que Oaxaca hist\u00f3ricamente es una de los estados del pa\u00eds que se encuentra entre los m\u00e1s pobres y ello se debe a diversos factores, dentro los que destaca la falta de inversi\u00f3n privada.<\/p>\n<p>Tambi\u00e9n lo costoso y tedioso que resultan los tr\u00e1mites para los emprendedores que desean abrir una empresa o un negocio; y penosamente la corrupci\u00f3n de algunos servidores p\u00fablicos o mediadores.<\/p>\n<p>Indica que para apoyar los procesos de simplificaci\u00f3n se deben tomar en cuenta las ventajas de la tecnolog\u00eda informativa y de comunicaci\u00f3n, las cuales contribuir\u00e1n a incorporar procedimientos sencillos, tecnificados y automatizados en la distribuci\u00f3n, acceso y calidad de los bienes, tr\u00e1mites y servicios que proporciona la Administraci\u00f3n P\u00fablica Estatal y Municipal.<\/p>\n<p>\u00abPor ello, la mejora regulatoria es indispensable para promover la gobernabilidad, seguridad jur\u00eddica y la competitividad de la entidad\u00bb, subraya la iniciativa de ley.<\/p>\n<p>Menciona que la mejora regulatoria es una pol\u00edtica p\u00fablica que consiste en la generaci\u00f3n de normas claras, tr\u00e1mites y servicios simplificados, que permiten promover la inversi\u00f3n en el Estado, mejorar la eficiencia productiva de las empresas y establecer m\u00e9todos que conllevan a disminuir y erradicar los actos de corrupci\u00f3n de los servidores p\u00fablicos o de terceros.<\/p>\n<p>La iniciativa de ley plantea la creaci\u00f3n de la Comisi\u00f3n Estatal de Mejora Regulatoria de Oaxaca como un \u00f3rgano interinstitucional, conformado por el titular del Poder Ejecutivo estatal y la Secretar\u00eda de Turismo y Desarrollo Econ\u00f3mico.<\/p>\n<p>Ambos, en estrecha relaci\u00f3n con la Direcci\u00f3n de Tecnolog\u00edas de la Informaci\u00f3n de la Secretar\u00eda de Administraci\u00f3n, implementar\u00e1n mecanismos tecnol\u00f3gicos que permitan recibir por medios de comunicaci\u00f3n electr\u00f3nica y aquellos que considere pertinentes, las promociones o solicitudes que formulan los particulares para llevar a cabo los tr\u00e1mites y servicios administrativos vigentes en el Estado.<\/p>\n<p>La Comisi\u00f3n Estatal de Mejora Regulatoria de Oaxaca, tendr\u00e1 un director general que ser\u00e1 designado por el titular del Poder Ejecutivo del Estado, a propuesta del Secretario de Turismo y Desarrollo Econ\u00f3mico.<\/p>\n<p>La iniciativa de ley establece tambi\u00e9n la creaci\u00f3n del Sistema de Apertura R\u00e1pida de Empresas, con el objeto de coordinar las acciones de la Administraci\u00f3n P\u00fablica Estatal y Municipal, en el \u00e1mbito de sus atribuciones, para que las empresas de bajo riesgo para la salud, seguridad y el medio ambiente puedan iniciar sus operaciones en un m\u00e1ximo de tres d\u00edas h\u00e1biles, a partir del ingreso de la solicitud debidamente integrada.<\/p>\n<p>Asimismo, se crea el Registro Estatal de Tr\u00e1mites y Servicios como una plataforma de acceso p\u00fablico en el que estar\u00e1 inscrito el cat\u00e1logo de tr\u00e1mites, servicios, requisitos, plazos y cargas tributarias de las dependencias estatales.<\/p>\n<p>De igual manera, se establece la competencia de los Ayuntamientos en materia regulatoria, tambi\u00e9n las infracciones administrativas que se generen por el incumplimiento de la ley, de conformidad con lo previsto en la Ley de Responsabilidades de los Servidores P\u00fablicos del Estado y Municipios de Oaxaca.<\/p>\n<p>La iniciativa fue turnada a la Comisi\u00f3n Permanente de Administraci\u00f3n de Justicia que preside el diputado Gerardo Garc\u00eda Henestroza, integrante de la fracci\u00f3n parlamentaria del PAN.<\/p>\n<p>&nbsp;<\/p>\n<p><a href=\"http:\/\/www.eloriente.net\/home\/wp-content\/uploads\/2014\/02\/diputados.jpg\"><img loading=\"lazy\" decoding=\"async\" class=\"alignnone size-medium wp-image-21100\" title=\"diputados\" src=\"http:\/\/www.eloriente.net\/home\/wp-content\/uploads\/2014\/02\/diputados-300x172.jpg\" alt=\"\" width=\"300\" height=\"172\" srcset=\"http:\/\/www.eloriente.net\/home\/wp-content\/uploads\/2014\/02\/diputados-300x172.jpg 300w, http:\/\/www.eloriente.net\/home\/wp-content\/uploads\/2014\/02\/diputados-1024x588.jpg 1024w, http:\/\/www.eloriente.net\/home\/wp-content\/uploads\/2014\/02\/diputados.jpg 1307w\" sizes=\"(max-width: 300px) 100vw, 300px\" \/><\/a><\/p>\n<p>Foto: Congreso del Estado<\/p>\n<p>&nbsp;<\/p>\n<p><strong>Entradas relacionadas:<\/strong><\/p>\n<p><a title=\"Permalink to Consulta compilaci\u00f3n cronol\u00f3gica de reformas constitucionales desde 1917 por SCJN\" href=\"http:\/\/www.eloriente.net\/home\/2014\/02\/17\/realizan-compilacion-cronologica-de-reformas-constitucionales-desde-1917\/\" rel=\"bookmark\">Consulta compilaci\u00f3n cronol\u00f3gica de reformas constitucionales desde 1917 por SCJN<\/a><\/p>\n<p><a href=\"http:\/\/www.eloriente.net\/home\/2014\/02\/17\/realizan-compilacion-cronologica-de-reformas-constitucionales-desde-1917\/\" rel=\"bookmark\"><img decoding=\"async\" title=\"Consulta compilaci\u00f3n cronol\u00f3gica de reformas constitucionales desde 1917 por SCJN\" src=\"http:\/\/www.eloriente.net\/home\/wp-content\/themes\/city-desk\/timthumb.php?src=http%3A%2F%2Fwww.eloriente.net%2Fhome%2Fwp-content%2Fuploads%2F2014%2F02%2FCongreso_Constituyente_de_1917.jpg&amp;q=90&amp;w=160&amp;h=106&amp;zc=1\" alt=\"Consulta compilaci\u00f3n cronol\u00f3gica de reformas constitucionales desde 1917 por SCJN\" \/><\/a><\/p>\n<p>eloriente.net 17 de febrero de 2014 La Suprema Corte de Justicia de la Naci\u00f3n (SCJN), en su rol de Tribunal Constitucional de M\u00e9xico, present\u00f3 recientemente a trav\u00e9s de su p\u00e1gina de internet una compilaci\u00f3n cronol\u00f3gica de los decretos de reformas que han realizado a la Constituci\u00f3n Pol\u00edtica de los Estados Unidos Mexicanos de 1917, que [&#8230;]<\/p>\n<p>February 17, 2014<\/p>\n<p><a title=\"Permalink to Por unanimidad designan a funcionarios del Congreso Estatal\" href=\"http:\/\/www.eloriente.net\/home\/2014\/02\/14\/por-unanimidad-designan-a-funcionarios-del-congreso-estatal\/\" rel=\"bookmark\">Por unanimidad designan a funcionarios del Congreso Estatal<\/a><\/p>\n<p><a href=\"http:\/\/www.eloriente.net\/home\/2014\/02\/14\/por-unanimidad-designan-a-funcionarios-del-congreso-estatal\/\" rel=\"bookmark\"><img decoding=\"async\" title=\"Por unanimidad designan a funcionarios del Congreso Estatal\" src=\"http:\/\/www.eloriente.net\/home\/wp-content\/themes\/city-desk\/timthumb.php?src=http%3A%2F%2Fwww.eloriente.net%2Fhome%2Fwp-content%2Fuploads%2F2014%2F02%2FCongreso1.jpg&amp;q=90&amp;w=160&amp;h=106&amp;zc=1\" alt=\"Por unanimidad designan a funcionarios del Congreso Estatal\" \/><\/a><\/p>\n<p>eloriente.net\/Congreso del Estado* 14 de febrero de 2014 Por unanimidad, el pleno de la LXII Legislatura del Estado design\u00f3 la noche de este jueves a Mauro Alberto S\u00e1nchez Hern\u00e1ndez e Isa\u00edas L\u00f3pez Gil como Tesorero y Contralor; y ratific\u00f3 a Juan Enrique Lira V\u00e1squez como Oficial Mayor del Congreso del Estado, a propuesta de los [&#8230;]<\/p>\n<p>February 14, 2014<\/p>\n<p><a title=\"Permalink to El Congreso, mayor garante de la opacidad\" href=\"http:\/\/www.eloriente.net\/home\/2014\/02\/13\/el-congreso-mayor-garante-de-la-opacidad\/\" rel=\"bookmark\">El Congreso, mayor garante de la opacidad<\/a><\/p>\n<p><a href=\"http:\/\/www.eloriente.net\/home\/2014\/02\/13\/el-congreso-mayor-garante-de-la-opacidad\/\" rel=\"bookmark\"><img decoding=\"async\" title=\"El Congreso, mayor garante de la opacidad\" src=\"http:\/\/www.eloriente.net\/home\/wp-content\/themes\/city-desk\/timthumb.php?src=http%3A%2F%2Fwww.eloriente.net%2Fhome%2Fwp-content%2Fuploads%2F2014%2F02%2FCongreso.jpg&amp;q=90&amp;w=160&amp;h=106&amp;zc=1\" alt=\"El Congreso, mayor garante de la opacidad\" \/><\/a><\/p>\n<p>eloriente.net 13 de febrero de 2014 Por: Adri\u00e1n Ortiz Romero Impunidad para mun\u00edcipes y para s\u00ed mismos \u00bfQu\u00e9 se puede decir de una Legislatura que, al mismo tiempo, inhibi\u00f3 toda acci\u00f3n en contra de presidentes municipales a los que se acusaba de escandalosa corrupci\u00f3n y enriquecimiento, y se procur\u00f3 la m\u00e1s completa opacidad y discrecionalidad [&#8230;]<\/p>\n<p>February 13, 2014<\/p>\n\n\t\t\t  <div \n\t\t\t  \tclass = \"fb-comments\" \n\t\t\t  \tdata-href = \"http:\/\/www.eloriente.net\/home\/2014\/02\/17\/analiza-congreso-iniciativa-de-ley-de-mejora-regulatoria-en-el-estado\/\"\n\t\t\t  \tdata-numposts = \"10\"\n\t\t\t\tdata-colorscheme = \"dark\"\n\t\t\t\tdata-order-by = \"social\"\n\t\t\t\tdata-mobile=true>\n\t\t\t  <\/div>\n\t\t  <style>\n\t\t\t.fb_iframe_widget_fluid_desktop iframe {\n\t\t\t    width: 100% !important;\n\t\t\t}\n\t\t  <\/style>\n\t\t  ","protected":false},"excerpt":{"rendered":"<p>eloriente.net\/Congreso del Estado 17 de febrero de 2014 \u00abEs indispensable promover la gobernabilidad, seguridad jur\u00eddica y la competitividad de la entidad\u00bb, resalta la propuesta de ley enviada al pleno de la LXII Legislatura del Estado por el titular del Poder Ejecutivo Estatal. La Comisi\u00f3n Permanente de Administraci\u00f3n de Justicia de la LXII Legislatura del Estado, [&hellip;]<\/p>\n","protected":false},"author":26,"featured_media":21100,"comment_status":"open","ping_status":"open","sticky":false,"template":"","format":"standard","meta":{"_jetpack_memberships_contains_paid_content":false,"footnotes":""},"categories":[91,32],"tags":[],"class_list":["post-21099","post","type-post","status-publish","format-standard","has-post-thumbnail","hentry","category-congreso-y-justicia","category-entradas"],"jetpack_featured_media_url":"http:\/\/www.eloriente.net\/home\/wp-content\/uploads\/2014\/02\/diputados.jpg","jetpack_sharing_enabled":true,"_links":{"self":[{"href":"http:\/\/www.eloriente.net\/home\/wp-json\/wp\/v2\/posts\/21099"}],"collection":[{"href":"http:\/\/www.eloriente.net\/home\/wp-json\/wp\/v2\/posts"}],"about":[{"href":"http:\/\/www.eloriente.net\/home\/wp-json\/wp\/v2\/types\/post"}],"author":[{"embeddable":true,"href":"http:\/\/www.eloriente.net\/home\/wp-json\/wp\/v2\/users\/26"}],"replies":[{"embeddable":true,"href":"http:\/\/www.eloriente.net\/home\/wp-json\/wp\/v2\/comments?post=21099"}],"version-history":[{"count":3,"href":"http:\/\/www.eloriente.net\/home\/wp-json\/wp\/v2\/posts\/21099\/revisions"}],"predecessor-version":[{"id":21103,"href":"http:\/\/www.eloriente.net\/home\/wp-json\/wp\/v2\/posts\/21099\/revisions\/21103"}],"wp:featuredmedia":[{"embeddable":true,"href":"http:\/\/www.eloriente.net\/home\/wp-json\/wp\/v2\/media\/21100"}],"wp:attachment":[{"href":"http:\/\/www.eloriente.net\/home\/wp-json\/wp\/v2\/media?parent=21099"}],"wp:term":[{"taxonomy":"category","embeddable":true,"href":"http:\/\/www.eloriente.net\/home\/wp-json\/wp\/v2\/categories?post=21099"},{"taxonomy":"post_tag","embeddable":true,"href":"http:\/\/www.eloriente.net\/home\/wp-json\/wp\/v2\/tags?post=21099"}],"curies":[{"name":"wp","href":"https:\/\/api.w.org\/{rel}","templated":true}]}}