{"id":21139,"date":"2014-02-18T10:22:40","date_gmt":"2014-02-18T16:22:40","guid":{"rendered":"http:\/\/www.eloriente.net\/home\/?p=21139"},"modified":"2014-02-18T12:24:25","modified_gmt":"2014-02-18T18:24:25","slug":"defecto-en-camara-digital","status":"publish","type":"post","link":"http:\/\/www.eloriente.net\/home\/2014\/02\/18\/defecto-en-camara-digital\/","title":{"rendered":"Inicia campa\u00f1a de servicio al cliente por defecto en c\u00e1mara digital Canon"},"content":{"rendered":"<p>eloriente.net<\/p>\n<p>18 de febrero de 2014<\/p>\n<p>En d\u00edas pasados, la Procuradur\u00eda Federal del Consumidor (PROFECO) y la empresa especializada en fotograf\u00eda, Canon Mexicana\u00a0S. de R.L. de C.V, dieron inicio a una campa\u00f1a de servicio, luego de que Canon en su sede en Estados Unidos anunciara que algunas\u00a0c\u00e1maras digitales, modelo PowerShot SX50 HS, presentaron un problema en el material de caucho del visor.<\/p>\n<p>Espec\u00edficamente las c\u00e1maras digitales que presentaron esta falla son aquellas cuyo n\u00famero de serie en sus primeros d\u00edgitos sean \u201c69\u201d, \u201c70\u201d o \u201c71\u201d y el sexto d\u00edgito sea \u201c1\u201d y que fueron producidas entre el 01 de septiembre y el 15 de noviembre de 2013.<\/p>\n<p style=\"text-align: center;\"><img loading=\"lazy\" decoding=\"async\" class=\"aligncenter\" style=\"-webkit-user-select: none;\" src=\"http:\/\/www.eloriente.net\/home\/wp-content\/uploads\/2014\/02\/serie.png\" alt=\"\" width=\"262\" height=\"154\" \/><\/p>\n<p>Esto se deriva de un producto qu\u00edmico utilizado en el recubrimiento de la goma de la c\u00e1mara: sustancia bis de Zinc N. N\u00b4-Dimeltilditiocarbamato, la cual puede producir reacciones al\u00e9rgicas como erupciones cut\u00e1neas en pieles sensibles, solo en caso de que la goma\u00a0cambie de color negro a blanco, despu\u00e9s de un periodo corto de uso.<\/p>\n<p style=\"text-align: center;\"><img loading=\"lazy\" decoding=\"async\" class=\"aligncenter\" style=\"-webkit-user-select: none;\" src=\"http:\/\/www.eloriente.net\/home\/wp-content\/uploads\/2014\/02\/visor.png\" alt=\"\" width=\"209\" height=\"198\" \/><\/p>\n<p>Asimismo, Canon declar\u00f3 que el bis de Zinc no se usa en la producci\u00f3n de este producto. La raz\u00f3n por la que esta ocasi\u00f3n se deposit\u00f3 este material en peque\u00f1as cantidades de las partes de caucho del visor fue por el uso de un acelerador de vulcanizaci\u00f3n, como parte de una prueba realizada por el fabricante. Adem\u00e1s, afirm\u00f3 que la reacci\u00f3n qu\u00edmica se debe a una combinaci\u00f3n entre el acelerador de caucho y otras sustancias, aunado a una alta temperatura y humedad.<\/p>\n<p>Por lo anterior, la empresa Canon Mexicana, S. de R.L. de C.V. est\u00e1 brindando\u00a0servicio para los equipos que presentaron este problema; es necesario comunicarse con el soporte t\u00e9cnico a trav\u00e9s de su n\u00famero gratuito 01 800 710 71 68, al correo electr\u00f3nico canonmx_soporte@cusa.canon.com o a trav\u00e9s de su <a href=\"http:\/\/www.canon.canon.com.mx\" target=\"_blank\">p\u00e1gina web<\/a>.<\/p>\n<p>&nbsp;<\/p>\n<p><a href=\"http:\/\/www.eloriente.net\/home\/wp-content\/uploads\/2014\/02\/foto.jpg\"><img loading=\"lazy\" decoding=\"async\" class=\"alignnone size-medium wp-image-21149\" title=\"foto\" src=\"http:\/\/www.eloriente.net\/home\/wp-content\/uploads\/2014\/02\/foto-300x215.jpg\" alt=\"\" width=\"300\" height=\"215\" srcset=\"http:\/\/www.eloriente.net\/home\/wp-content\/uploads\/2014\/02\/foto-300x215.jpg 300w, http:\/\/www.eloriente.net\/home\/wp-content\/uploads\/2014\/02\/foto-1024x736.jpg 1024w\" sizes=\"(max-width: 300px) 100vw, 300px\" \/><\/a><\/p>\n<p>Foto: Daniel Jaramillo<\/p>\n<p>&nbsp;<\/p>\n<p><strong>Entradas relacionadas:<\/strong><\/p>\n<p><a title=\"Permalink to Mercados globales en miras hacia la sostenibilidad: 2degrees\" href=\"http:\/\/www.eloriente.net\/home\/2014\/02\/17\/mercados-globales-en-miras-hacia-la-sostenibilidad-2degrees\/\" rel=\"bookmark\">Mercados globales en miras hacia la sostenibilidad: 2degrees<\/a><\/p>\n<p><a href=\"http:\/\/www.eloriente.net\/home\/2014\/02\/17\/mercados-globales-en-miras-hacia-la-sostenibilidad-2degrees\/\" rel=\"bookmark\"><img decoding=\"async\" title=\"Mercados globales en miras hacia la sostenibilidad: 2degrees\" src=\"http:\/\/www.eloriente.net\/home\/wp-content\/themes\/city-desk\/timthumb.php?src=http%3A%2F%2Fwww.eloriente.net%2Fhome%2Fwp-content%2Fuploads%2F2014%2F02%2Farboles.jpg&amp;q=90&amp;w=160&amp;h=106&amp;zc=1\" alt=\"Mercados globales en miras hacia la sostenibilidad: 2degrees\" \/><\/a><\/p>\n<p>eloriente.net 17 de febrero de 2014 La comunidad internacional especializada en negocios sustentables, 2degrees, dio a conocer recientemente que las nuevas tendencias del comportamiento del consumidor en los mercados globales est\u00e1n tomando cada vez m\u00e1s conciencia de la importancia de\u00a0sostenibilidad en los productos y servicios. 2degrees asever\u00f3 que los consumidores se encuentran en una constante [&#8230;]<\/p>\n<p>February 17, 2014<\/p>\n<p><a title=\"Permalink to Fortalece IFE infraestructura tecnol\u00f3gica en m\u00f3dulos de credecializaci\u00f3n\" href=\"http:\/\/www.eloriente.net\/home\/2014\/02\/12\/fortalece-ife-infraestructura-tecnologica-en-modulos-de-credecializacion\/\" rel=\"bookmark\">Fortalece IFE infraestructura tecnol\u00f3gica en m\u00f3dulos de credecializaci\u00f3n<\/a><\/p>\n<p><a href=\"http:\/\/www.eloriente.net\/home\/2014\/02\/12\/fortalece-ife-infraestructura-tecnologica-en-modulos-de-credecializacion\/\" rel=\"bookmark\"><img decoding=\"async\" title=\"Fortalece IFE infraestructura tecnol\u00f3gica en m\u00f3dulos de credecializaci\u00f3n\" src=\"http:\/\/www.eloriente.net\/home\/wp-content\/themes\/city-desk\/timthumb.php?src=http%3A%2F%2Fwww.eloriente.net%2Fhome%2Fwp-content%2Fuploads%2F2014%2F02%2FIFE.jpg&amp;q=90&amp;w=160&amp;h=106&amp;zc=1\" alt=\"Fortalece IFE infraestructura tecnol\u00f3gica en m\u00f3dulos de credecializaci\u00f3n\" \/><\/a><\/p>\n<p>eloriente.net\/IFE 12 de febrero de 2014 El objetivo es mejorar la experiencias de los ciudadanos en su visita a los m\u00f3dulos y al obtener su credencial: Roberto Heycher Cardiel Soto. El Instituto Federal Electoral de Oaxaca present\u00f3 este martes el nuevo equipo tecnol\u00f3gico con el que operar\u00e1n los m\u00f3dulos de credencializaci\u00f3n. Estos consisten en 52 [&#8230;]<\/p>\n<p>February 12, 2014<\/p>\n<p><a title=\"Permalink to IFT presenta medici\u00f3n de la calidad del servicio de telefon\u00eda m\u00f3vil en Oaxaca\" href=\"http:\/\/www.eloriente.net\/home\/2013\/12\/23\/ift-presenta-medicion-de-la-calidad-del-servicio-de-telefonia-movil-a-nivel-local\/\" rel=\"bookmark\">IFT presenta medici\u00f3n de la calidad del servicio de telefon\u00eda m\u00f3vil en Oaxaca<\/a><\/p>\n<p><a href=\"http:\/\/www.eloriente.net\/home\/2013\/12\/23\/ift-presenta-medicion-de-la-calidad-del-servicio-de-telefonia-movil-a-nivel-local\/\" rel=\"bookmark\"><img decoding=\"async\" title=\"IFT presenta medici\u00f3n de la calidad del servicio de telefon\u00eda m\u00f3vil en Oaxaca\" src=\"http:\/\/www.eloriente.net\/home\/wp-content\/themes\/city-desk\/timthumb.php?src=http%3A%2F%2Fwww.eloriente.net%2Fhome%2Fwp-content%2Fuploads%2F2013%2F12%2Fusing-smartphone-low.jpg&amp;q=90&amp;w=160&amp;h=106&amp;zc=1\" alt=\"IFT presenta medici\u00f3n de la calidad del servicio de telefon\u00eda m\u00f3vil en Oaxaca\" \/><\/a><\/p>\n<p>eloriente.net 23 de diciembre de 2013 El Instituto Federal de Telecomunicaciones (IFT) a trav\u00e9s de su p\u00e1gina web public\u00f3 recientemente la Medici\u00f3n de la Calidad del Servicio Local M\u00f3vil, en la que se presenta una evaluaci\u00f3n al servicio de telefon\u00eda celular, con el objetivo de que los usuarios cuenten con mejores servicios de telefon\u00eda, SMS [&#8230;]<\/p>\n<p>December 23, 2013<\/p>\n<p>&nbsp;<\/p>\n\n\t\t\t  <div \n\t\t\t  \tclass = \"fb-comments\" \n\t\t\t  \tdata-href = \"http:\/\/www.eloriente.net\/home\/2014\/02\/18\/defecto-en-camara-digital\/\"\n\t\t\t  \tdata-numposts = \"10\"\n\t\t\t\tdata-colorscheme = \"dark\"\n\t\t\t\tdata-order-by = \"social\"\n\t\t\t\tdata-mobile=true>\n\t\t\t  <\/div>\n\t\t  <style>\n\t\t\t.fb_iframe_widget_fluid_desktop iframe {\n\t\t\t    width: 100% !important;\n\t\t\t}\n\t\t  <\/style>\n\t\t  ","protected":false},"excerpt":{"rendered":"<p>eloriente.net 18 de febrero de 2014 En d\u00edas pasados, la Procuradur\u00eda Federal del Consumidor (PROFECO) y la empresa especializada en fotograf\u00eda, Canon Mexicana\u00a0S. de R.L. de C.V, dieron inicio a una campa\u00f1a de servicio, luego de que Canon en su sede en Estados Unidos anunciara que algunas\u00a0c\u00e1maras digitales, modelo PowerShot SX50 HS, presentaron un problema [&hellip;]<\/p>\n","protected":false},"author":26,"featured_media":21149,"comment_status":"open","ping_status":"open","sticky":false,"template":"","format":"standard","meta":{"_jetpack_memberships_contains_paid_content":false,"footnotes":""},"categories":[32,10,17,19],"tags":[],"class_list":["post-21139","post","type-post","status-publish","format-standard","has-post-thumbnail","hentry","category-entradas","category-lo-mas-reciente","category-tecnologia","category-turismo-y-negocios"],"jetpack_featured_media_url":"http:\/\/www.eloriente.net\/home\/wp-content\/uploads\/2014\/02\/foto.jpg","jetpack_sharing_enabled":true,"_links":{"self":[{"href":"http:\/\/www.eloriente.net\/home\/wp-json\/wp\/v2\/posts\/21139"}],"collection":[{"href":"http:\/\/www.eloriente.net\/home\/wp-json\/wp\/v2\/posts"}],"about":[{"href":"http:\/\/www.eloriente.net\/home\/wp-json\/wp\/v2\/types\/post"}],"author":[{"embeddable":true,"href":"http:\/\/www.eloriente.net\/home\/wp-json\/wp\/v2\/users\/26"}],"replies":[{"embeddable":true,"href":"http:\/\/www.eloriente.net\/home\/wp-json\/wp\/v2\/comments?post=21139"}],"version-history":[{"count":17,"href":"http:\/\/www.eloriente.net\/home\/wp-json\/wp\/v2\/posts\/21139\/revisions"}],"predecessor-version":[{"id":21152,"href":"http:\/\/www.eloriente.net\/home\/wp-json\/wp\/v2\/posts\/21139\/revisions\/21152"}],"wp:featuredmedia":[{"embeddable":true,"href":"http:\/\/www.eloriente.net\/home\/wp-json\/wp\/v2\/media\/21149"}],"wp:attachment":[{"href":"http:\/\/www.eloriente.net\/home\/wp-json\/wp\/v2\/media?parent=21139"}],"wp:term":[{"taxonomy":"category","embeddable":true,"href":"http:\/\/www.eloriente.net\/home\/wp-json\/wp\/v2\/categories?post=21139"},{"taxonomy":"post_tag","embeddable":true,"href":"http:\/\/www.eloriente.net\/home\/wp-json\/wp\/v2\/tags?post=21139"}],"curies":[{"name":"wp","href":"https:\/\/api.w.org\/{rel}","templated":true}]}}