{"id":21179,"date":"2014-02-18T15:35:34","date_gmt":"2014-02-18T21:35:34","guid":{"rendered":"http:\/\/www.eloriente.net\/home\/?p=21179"},"modified":"2014-02-19T10:14:57","modified_gmt":"2014-02-19T16:14:57","slug":"productores-oaxaquenos-de-mezcal-accederan-a-mercados-internacionales","status":"publish","type":"post","link":"http:\/\/www.eloriente.net\/home\/2014\/02\/18\/productores-oaxaquenos-de-mezcal-accederan-a-mercados-internacionales\/","title":{"rendered":"30 empresas mezcaleras de Oaxaca exportan a Europa; buscan registro internacional"},"content":{"rendered":"<p>eloriente.net<\/p>\n<p>18 de febrero de 2014<\/p>\n<p>eloriente.net (Oaxaca, M\u00e9xico a 18 de febrero de 2014).- Con la finalidad de posicionar el mezcal en los mercados extranjeros, el Consejo Regulador del Mezcal, ProM\u00e9xico y el Instituto Mexicano de la Propiedad Industrial (IMPI), anunciaron en d\u00edas pasados un proyecto de colaboraci\u00f3n en conjunto para la obtenci\u00f3n de un registro internacional de las marcas oaxaque\u00f1as de mezcal.<\/p>\n<p>Por tal motivo, especialistas del IMPI ofrecer\u00e1n a los productores de mezcal un taller en el cual los orientar\u00e1n para\u00a0la obtenci\u00f3n del registro de marca a trav\u00e9s del\u00a0<a href=\"http:\/\/www.wipo.int\/madrid\/en\/\" target=\"_blank\">Protocolo de Madrid<\/a>, sistema regulatorio de marcas que ofrece reconocimiento y protecci\u00f3n a nivel internacional, respaldada por la\u00a0<a href=\"http:\/\/www.wipo.int\/portal\/en\/index.html\" target=\"_blank\">Organizaci\u00f3n Mundial de la Propiedad Intelectual<\/a>.<\/p>\n<p>Eliseo Montiel Cuevas, Director Divisional de Marcas del IMPI, <a href=\"http:\/\/www.impi.gob.mx\/QuienesSomos\/Noticias\/NI_2014_008.pdf\" target=\"_blank\">indic\u00f3 que se capacitar\u00e1 a los\u00a0mezcaleros para que utilicen el Sistema Internacional de Registro de Marcas<\/a>, a trav\u00e9s de\u00a0cinco sesiones de manera virtual, las cuales dieron inicio ayer 17 de febrero y concluir\u00e1n el 24 de marzo pr\u00f3ximo.<\/p>\n<p>Por su parte, <a href=\"http:\/\/www.promexico.gob.mx\/es_mx\/promexico\/home\" target=\"_blank\">ProM\u00e9xico<\/a>, organismo dependiente de la Secretar\u00eda de Econom\u00eda a nivel federal que impulsa el comercio en el exterior, brindar\u00e1 el respaldo econ\u00f3mico a los empresarios para realizar el tr\u00e1mite correspondiente, hasta por un monto de 50 mil pesos.<\/p>\n<p>Hip\u00f3crates Nolasco Cancino, presidente del <a href=\"http:\/\/www.crm.org.mx\/\" target=\"_blank\">Consejo Mexicano Regulador de la Calidad del Mezcal<\/a> (COMERCAM), afirm\u00f3 que\u00a0en M\u00e9xico alrededor de 33 empresas mezcaleras exportan actualmente a Europa, de las cuales 30\u00a0son de Oaxaca, por lo que confi\u00f3 en que esta ser\u00e1 una nueva oportunidad para los oaxaque\u00f1os en el\u00a0mercado internacional, en espec\u00edfico el europeo.<\/p>\n<p>&nbsp;<\/p>\n<p><a href=\"http:\/\/www.eloriente.net\/home\/wp-content\/uploads\/2014\/02\/mezcal.jpg\"><img loading=\"lazy\" decoding=\"async\" class=\"alignnone size-medium wp-image-21184\" title=\"mezcal\" src=\"http:\/\/www.eloriente.net\/home\/wp-content\/uploads\/2014\/02\/mezcal-300x191.jpg\" alt=\"\" width=\"300\" height=\"191\" srcset=\"http:\/\/www.eloriente.net\/home\/wp-content\/uploads\/2014\/02\/mezcal-300x191.jpg 300w, http:\/\/www.eloriente.net\/home\/wp-content\/uploads\/2014\/02\/mezcal-1024x653.jpg 1024w, http:\/\/www.eloriente.net\/home\/wp-content\/uploads\/2014\/02\/mezcal.jpg 1191w\" sizes=\"(max-width: 300px) 100vw, 300px\" \/><\/a><\/p>\n<p>Foto: Mezcal de Oaxaca<\/p>\n<p>&nbsp;<\/p>\n<p><strong>Entradas relacionadas:<\/strong><\/p>\n<p><a title=\"Permalink to Productores de caf\u00e9 exigen a Gabino Cu\u00e9 recurso econ\u00f3mico pendiente\" href=\"http:\/\/www.eloriente.net\/home\/2014\/02\/10\/productores-de-cafe-exigen-a-gabino-cue-recurso-economico-pendiente\/\" rel=\"bookmark\">Productores de caf\u00e9 exigen a Gabino Cu\u00e9 recurso econ\u00f3mico pendiente<\/a><\/p>\n<p><a href=\"http:\/\/www.eloriente.net\/home\/2014\/02\/10\/productores-de-cafe-exigen-a-gabino-cue-recurso-economico-pendiente\/\" rel=\"bookmark\"><img decoding=\"async\" title=\"Productores de caf\u00e9 exigen a Gabino Cu\u00e9 recurso econ\u00f3mico pendiente\" src=\"http:\/\/www.eloriente.net\/home\/wp-content\/themes\/city-desk\/timthumb.php?src=http%3A%2F%2Fwww.eloriente.net%2Fhome%2Fwp-content%2Fuploads%2F2014%2F02%2FCaf%C3%A9.jpg&amp;q=90&amp;w=160&amp;h=106&amp;zc=1\" alt=\"Productores de caf\u00e9 exigen a Gabino Cu\u00e9 recurso econ\u00f3mico pendiente\" \/><\/a><\/p>\n<p>eloriente.net 10 de febrero de 2014 Miembros del Sistema de producto Caf\u00e9 de Oaxaca publicaron ayer domingo 9 de febrero de 2014, en diversos medios de comunicaci\u00f3n, una carta\u00a0dirigida al gobernador del Estado de Oaxaca, Gabino Cu\u00e9 Monteagudo, exigiendo el pago inmediato de 12 millones de pesos, en beneficio de los productores cafetaleros. Dicho recurso [&#8230;]<\/p>\n<p>February 10, 2014<\/p>\n<div id=\"post-20653\">\n<p><a title=\"Permalink to Oaxaca entre los destinos que los amantes de la comida visitar\u00e1n en 2014\" href=\"http:\/\/www.eloriente.net\/home\/2014\/02\/08\/oaxaca-entre-los-destinos-que-los-amantes-de-la-comida-visitaran-en-2014\/\" rel=\"bookmark\">Oaxaca entre los destinos que los amantes de la comida visitar\u00e1n en 2014<\/a><\/p>\n<p><a href=\"http:\/\/www.eloriente.net\/home\/2014\/02\/08\/oaxaca-entre-los-destinos-que-los-amantes-de-la-comida-visitaran-en-2014\/\" rel=\"bookmark\"><img decoding=\"async\" title=\"Oaxaca entre los destinos que los amantes de la comida visitar\u00e1n en 2014\" src=\"http:\/\/www.eloriente.net\/home\/wp-content\/themes\/city-desk\/timthumb.php?src=http%3A%2F%2Fwww.eloriente.net%2Fhome%2Fwp-content%2Fuploads%2F2014%2F02%2Foaxaqueno.jpg&amp;q=90&amp;w=160&amp;h=106&amp;zc=1\" alt=\"Oaxaca entre los destinos que los amantes de la comida visitar\u00e1n en 2014\" \/><\/a><\/p>\n<p>eloriente.net 8 de febrero de 2014 El mezcal es el esp\u00edritu de Oaxaca: The Independent\u00a0 El portal brit\u00e1nico de noticias The Independent ubic\u00f3 a Oaxaca como uno de los ochos destinos que los amantes de la comida en el mundo visitar\u00e1n en 2014, destacando al estado como una capital culinaria en M\u00e9xico, por su historia [&#8230;]<\/p>\n<p>February 8, 2014<\/p>\n<p><a title=\"Permalink to Del vino, el mezcal y el caf\u00e9, por Tom\u00e1s Alejandro Gonz\u00e1lez\" href=\"http:\/\/www.eloriente.net\/home\/2013\/11\/15\/del-vino-el-mezcal-y-el-cafe-por-tomas-alejandro-gonzalez\/\" rel=\"bookmark\">Del vino, el mezcal y el caf\u00e9, por Tom\u00e1s Alejandro Gonz\u00e1lez<\/a><\/p>\n<p><a href=\"http:\/\/www.eloriente.net\/home\/2013\/11\/15\/del-vino-el-mezcal-y-el-cafe-por-tomas-alejandro-gonzalez\/\" rel=\"bookmark\"><img decoding=\"async\" title=\"Del vino, el mezcal y el caf\u00e9, por Tom\u00e1s Alejandro Gonz\u00e1lez\" src=\"http:\/\/www.eloriente.net\/home\/wp-content\/themes\/city-desk\/timthumb.php?src=http%3A%2F%2Fwww.eloriente.net%2Fhome%2Fwp-content%2Fuploads%2F2013%2F09%2FPalenque%2B%C3%A6iza-Tay-MezcalPierdeAlmas-DanielRobles.jpg&amp;q=90&amp;w=160&amp;h=106&amp;zc=1\" alt=\"Del vino, el mezcal y el caf\u00e9, por Tom\u00e1s Alejandro Gonz\u00e1lez\" \/><\/a><\/p>\n<p>eloriente.net 15 de noviembre de 2013 Por: Tom\u00e1s Alejandro Gonz\u00e1lez Cada cultura, cada civilizaci\u00f3n en el mundo tiene caracter\u00edsticas especialmente peculiares dada su ubicaci\u00f3n, clima, altitud, recursos naturales, etc.; sin duda, la cultura y las civilizaciones son tan diversas como diverso es el mundo. Hist\u00f3ricamente dentro de toda esa diversidad, hubo alg\u00fan momento en el [&#8230;]<\/p>\n<p>November 15, 2013<\/p>\n<\/div>\n\n\t\t\t  <div \n\t\t\t  \tclass = \"fb-comments\" \n\t\t\t  \tdata-href = \"http:\/\/www.eloriente.net\/home\/2014\/02\/18\/productores-oaxaquenos-de-mezcal-accederan-a-mercados-internacionales\/\"\n\t\t\t  \tdata-numposts = \"10\"\n\t\t\t\tdata-colorscheme = \"dark\"\n\t\t\t\tdata-order-by = \"social\"\n\t\t\t\tdata-mobile=true>\n\t\t\t  <\/div>\n\t\t  <style>\n\t\t\t.fb_iframe_widget_fluid_desktop iframe {\n\t\t\t    width: 100% !important;\n\t\t\t}\n\t\t  <\/style>\n\t\t  ","protected":false},"excerpt":{"rendered":"<p>eloriente.net 18 de febrero de 2014 eloriente.net (Oaxaca, M\u00e9xico a 18 de febrero de 2014).- Con la finalidad de posicionar el mezcal en los mercados extranjeros, el Consejo Regulador del Mezcal, ProM\u00e9xico y el Instituto Mexicano de la Propiedad Industrial (IMPI), anunciaron en d\u00edas pasados un proyecto de colaboraci\u00f3n en conjunto para la obtenci\u00f3n de [&hellip;]<\/p>\n","protected":false},"author":26,"featured_media":21184,"comment_status":"open","ping_status":"open","sticky":false,"template":"","format":"standard","meta":{"_jetpack_memberships_contains_paid_content":false,"footnotes":""},"categories":[32,10,24,19],"tags":[],"class_list":["post-21179","post","type-post","status-publish","format-standard","has-post-thumbnail","hentry","category-entradas","category-lo-mas-reciente","category-mexico-y-el-mundo","category-turismo-y-negocios"],"jetpack_featured_media_url":"http:\/\/www.eloriente.net\/home\/wp-content\/uploads\/2014\/02\/mezcal.jpg","jetpack_sharing_enabled":true,"_links":{"self":[{"href":"http:\/\/www.eloriente.net\/home\/wp-json\/wp\/v2\/posts\/21179"}],"collection":[{"href":"http:\/\/www.eloriente.net\/home\/wp-json\/wp\/v2\/posts"}],"about":[{"href":"http:\/\/www.eloriente.net\/home\/wp-json\/wp\/v2\/types\/post"}],"author":[{"embeddable":true,"href":"http:\/\/www.eloriente.net\/home\/wp-json\/wp\/v2\/users\/26"}],"replies":[{"embeddable":true,"href":"http:\/\/www.eloriente.net\/home\/wp-json\/wp\/v2\/comments?post=21179"}],"version-history":[{"count":9,"href":"http:\/\/www.eloriente.net\/home\/wp-json\/wp\/v2\/posts\/21179\/revisions"}],"predecessor-version":[{"id":21188,"href":"http:\/\/www.eloriente.net\/home\/wp-json\/wp\/v2\/posts\/21179\/revisions\/21188"}],"wp:featuredmedia":[{"embeddable":true,"href":"http:\/\/www.eloriente.net\/home\/wp-json\/wp\/v2\/media\/21184"}],"wp:attachment":[{"href":"http:\/\/www.eloriente.net\/home\/wp-json\/wp\/v2\/media?parent=21179"}],"wp:term":[{"taxonomy":"category","embeddable":true,"href":"http:\/\/www.eloriente.net\/home\/wp-json\/wp\/v2\/categories?post=21179"},{"taxonomy":"post_tag","embeddable":true,"href":"http:\/\/www.eloriente.net\/home\/wp-json\/wp\/v2\/tags?post=21179"}],"curies":[{"name":"wp","href":"https:\/\/api.w.org\/{rel}","templated":true}]}}