{"id":21192,"date":"2014-02-19T14:50:54","date_gmt":"2014-02-19T20:50:54","guid":{"rendered":"http:\/\/www.eloriente.net\/home\/?p=21192"},"modified":"2014-02-20T10:12:53","modified_gmt":"2014-02-20T16:12:53","slug":"video-si-estan-viendo-este-video-es-porque-ya-estoy-detenido-leopoldo-lopez-en-venezuela","status":"publish","type":"post","link":"http:\/\/www.eloriente.net\/home\/2014\/02\/19\/video-si-estan-viendo-este-video-es-porque-ya-estoy-detenido-leopoldo-lopez-en-venezuela\/","title":{"rendered":"Video: \u00abSi est\u00e1n viendo este video es porque ya estoy detenido\u00bb: Leopoldo L\u00f3pez en Venezuela"},"content":{"rendered":"<p>eloriente.net<\/p>\n<p>19 de febrero de 2014<\/p>\n<p>Ayer, el l\u00edder opositor Leopoldo L\u00f3pez se entreg\u00f3 a las autoridades venezolanas, luego de asistir a una manifestaci\u00f3n masiva en Caracas, donde dirigi\u00f3 un mensaje para comunicarles su decisi\u00f3n de presentarse ante la autoridad, que le acusa de <a href=\"http:\/\/www.rtve.es\/noticias\/20140218\/opositor-leopoldo-lopez-se-entrega-policia-venezolana-nueva-jornada-marchas\/881621.shtml\" target=\"_blank\">homicidio y terrorismo<\/a>.<\/p>\n<p>En la jornada destaca, sin embargo, un mensaje que L\u00f3pez grab\u00f3 antes de su detenci\u00f3n y que fue publicado cuando este hecho se hab\u00eda consumado. All\u00ed, el l\u00edder explica su visi\u00f3n de la dif\u00edcil situaci\u00f3n en Venezuela y, dirigi\u00e9ndose directamente por este medio a j\u00f3venes y trabajadores principalmente, les dijo: \u00abcuando no hay futuro para los j\u00f3venes&#8230; cuando no hay respuesta para ning\u00fan problema, yo los invito a que entendamos que el cambio est\u00e1 en ti\u00bb.<\/p>\n<p>As\u00ed, con mensajes de car\u00e1cter emotivo y movilizador y acompa\u00f1ado de su esposa, Leopoldo L\u00f3pez ya adelantaba su detenci\u00f3n y su decisi\u00f3n de \u00abseguir luchando. Estoy seguro que vamos a ganar pues estamos en el lado correcto\u00bb, finaliz\u00f3.<\/p>\n<p>Aqu\u00ed el mensaje \u00edntegro:<\/p>\n<p><iframe loading=\"lazy\" src=\"\/\/www.youtube.com\/embed\/QmxsCtrKYPg\" frameborder=\"0\" width=\"420\" height=\"315\"><\/iframe><\/p>\n<p>&nbsp;<\/p>\n<p><a href=\"http:\/\/www.eloriente.net\/home\/wp-content\/uploads\/2014\/02\/Video-Gregorio-L\u00f3pez.jpg\"><img loading=\"lazy\" decoding=\"async\" class=\"alignnone size-medium wp-image-21241\" title=\"Video Leopoldo L\u00f3pez\" src=\"http:\/\/www.eloriente.net\/home\/wp-content\/uploads\/2014\/02\/Video-Gregorio-L\u00f3pez-300x164.jpg\" alt=\"\" width=\"300\" height=\"164\" srcset=\"http:\/\/www.eloriente.net\/home\/wp-content\/uploads\/2014\/02\/Video-Gregorio-L\u00f3pez-300x164.jpg 300w, http:\/\/www.eloriente.net\/home\/wp-content\/uploads\/2014\/02\/Video-Gregorio-L\u00f3pez.jpg 854w\" sizes=\"(max-width: 300px) 100vw, 300px\" \/><\/a><\/p>\n<p>&nbsp;<\/p>\n<p><strong>Entradas relacionadas:<\/strong><\/p>\n<p><a title=\"Permalink to Resultados de elecciones municipales 2013 en Venezuela\" href=\"http:\/\/www.eloriente.net\/home\/2013\/12\/09\/elecciones-municipales-2013-en-venezuela\/\" rel=\"bookmark\">Resultados de elecciones municipales 2013 en Venezuela<\/a><\/p>\n<p><a href=\"http:\/\/www.eloriente.net\/home\/2013\/12\/09\/elecciones-municipales-2013-en-venezuela\/\" rel=\"bookmark\"><img decoding=\"async\" title=\"Resultados de elecciones municipales 2013 en Venezuela\" src=\"http:\/\/www.eloriente.net\/home\/wp-content\/themes\/city-desk\/timthumb.php?src=http%3A%2F%2Fwww.eloriente.net%2Fhome%2Fwp-content%2Fuploads%2F2013%2F12%2Felecciones-en-venezuela.jpg&amp;q=90&amp;w=160&amp;h=106&amp;zc=1\" alt=\"Resultados de elecciones municipales 2013 en Venezuela\" \/><\/a><\/p>\n<p>eloriente.net 9 de diciembre de 2013 Ayer 8 de diciembre se celebraron comicios electorales en Venezuela, donde millones de ciudadanos de la Rep\u00fablica Bolivariana salieron a las urnas a elegir a sus representantes a nivel municipal. Estas votaciones fueron trascendentales para el pa\u00eds, ya que representa un tanteo para conocer la participaci\u00f3n del chavismo y [&#8230;]<\/p>\n<p>December 9, 2013<\/p>\n<div id=\"post-17645\">\n<p><a title=\"Permalink to Prevalace la presunci\u00f3n de inocencia en el nuevo Sistema Acusatorio Adversarial\" href=\"http:\/\/www.eloriente.net\/home\/2013\/11\/25\/prevalace-la-presuncion-de-inocencia-en-el-nuevo-sistema-acusatorio-adversarial\/\" rel=\"bookmark\">Prevalace la presunci\u00f3n de inocencia en el nuevo Sistema Acusatorio Adversarial<\/a><\/p>\n<p><a href=\"http:\/\/www.eloriente.net\/home\/2013\/11\/25\/prevalace-la-presuncion-de-inocencia-en-el-nuevo-sistema-acusatorio-adversarial\/\" rel=\"bookmark\"><img decoding=\"async\" title=\"Prevalace la presunci\u00f3n de inocencia en el nuevo Sistema Acusatorio Adversarial\" src=\"http:\/\/www.eloriente.net\/home\/wp-content\/themes\/city-desk\/timthumb.php?src=http%3A%2F%2Fwww.eloriente.net%2Fhome%2Fwp-content%2Fuploads%2F2013%2F11%2FSe-informa-a-los-ciudadanos-sobre-el-Sistema-Acusatorio-Adversarial.jpg&amp;q=90&amp;w=160&amp;h=106&amp;zc=1\" alt=\"Prevalace la presunci\u00f3n de inocencia en el nuevo Sistema Acusatorio Adversarial\" \/><\/a><\/p>\n<p>eloriente.net\/NSJP 25 de noviembre de 2013 La implementaci\u00f3n del Sistema Acusatorio Adversarial busca brindar certeza jur\u00eddica en el marco de la legalidad. En los \u00faltimos a\u00f1os M\u00e9xico ha sufrido diversas transformaciones en el \u00e1mbito jur\u00eddico, la m\u00e1s importante el 18 de junio de 2008, con la Reforma Constitucional al Sistema Jur\u00eddico Mexicano, la cual adopta [&#8230;]<\/p>\n<p>November 25, 2013<\/p>\n<\/div>\n<div id=\"post-17596\">\n<p><a title=\"Permalink to Oaxaca es el estado m\u00e1s comprometido con la procuraci\u00f3n de justicia: F\u00e9lix C\u00e1rdenas\" href=\"http:\/\/www.eloriente.net\/home\/2013\/11\/22\/oaxaca-es-el-estado-mas-comprometido-con-la-procuracion-de-justicia-felix-cardenas\/\" rel=\"bookmark\">Oaxaca es el estado m\u00e1s comprometido con la procuraci\u00f3n de justicia: F\u00e9lix C\u00e1rdenas<\/a><\/p>\n<p><a href=\"http:\/\/www.eloriente.net\/home\/2013\/11\/22\/oaxaca-es-el-estado-mas-comprometido-con-la-procuracion-de-justicia-felix-cardenas\/\" rel=\"bookmark\"><img decoding=\"async\" title=\"Oaxaca es el estado m\u00e1s comprometido con la procuraci\u00f3n de justicia: F\u00e9lix C\u00e1rdenas\" src=\"http:\/\/www.eloriente.net\/home\/wp-content\/themes\/city-desk\/timthumb.php?src=http%3A%2F%2Fwww.eloriente.net%2Fhome%2Fwp-content%2Fuploads%2F2013%2F11%2FEncuentro-operadores-02.jpg&amp;q=90&amp;w=160&amp;h=106&amp;zc=1\" alt=\"Oaxaca es el estado m\u00e1s comprometido con la procuraci\u00f3n de justicia: F\u00e9lix C\u00e1rdenas\" \/><\/a><\/p>\n<p>eloriente.net\/TSJEO 22 de noviembre de 2013 Se re\u00fanen en el Poder Judicial especialistas de diferentes pa\u00edses de Am\u00e9rica Latina con servidores p\u00fablicos que aplican el Sistema acusatorio Adversarial Expertos en juicios orales\u00a0de Argentina, Colombia, Chile, Estados Unidos, Venezuela y M\u00e9xico compartieron experiencias con funcionarios del Sistema Penal en la entidad como parte del \u00a0Encuentro de [&#8230;]<\/p>\n<p>November 22, 2013<\/p>\n<\/div>\n\n\t\t\t  <div \n\t\t\t  \tclass = \"fb-comments\" \n\t\t\t  \tdata-href = \"http:\/\/www.eloriente.net\/home\/2014\/02\/19\/video-si-estan-viendo-este-video-es-porque-ya-estoy-detenido-leopoldo-lopez-en-venezuela\/\"\n\t\t\t  \tdata-numposts = \"10\"\n\t\t\t\tdata-colorscheme = \"dark\"\n\t\t\t\tdata-order-by = \"social\"\n\t\t\t\tdata-mobile=true>\n\t\t\t  <\/div>\n\t\t  <style>\n\t\t\t.fb_iframe_widget_fluid_desktop iframe {\n\t\t\t    width: 100% !important;\n\t\t\t}\n\t\t  <\/style>\n\t\t  ","protected":false},"excerpt":{"rendered":"<p>eloriente.net 19 de febrero de 2014 Ayer, el l\u00edder opositor Leopoldo L\u00f3pez se entreg\u00f3 a las autoridades venezolanas, luego de asistir a una manifestaci\u00f3n masiva en Caracas, donde dirigi\u00f3 un mensaje para comunicarles su decisi\u00f3n de presentarse ante la autoridad, que le acusa de homicidio y terrorismo. En la jornada destaca, sin embargo, un mensaje [&hellip;]<\/p>\n","protected":false},"author":1,"featured_media":21241,"comment_status":"open","ping_status":"open","sticky":false,"template":"","format":"standard","meta":{"_jetpack_memberships_contains_paid_content":false,"footnotes":""},"categories":[6,22,32,10,24],"tags":[],"class_list":["post-21192","post","type-post","status-publish","format-standard","has-post-thumbnail","hentry","category-canal-4-especiales","category-derechos-humanos","category-entradas","category-lo-mas-reciente","category-mexico-y-el-mundo"],"jetpack_featured_media_url":"http:\/\/www.eloriente.net\/home\/wp-content\/uploads\/2014\/02\/Video-Gregorio-L\u00f3pez.jpg","jetpack_sharing_enabled":true,"_links":{"self":[{"href":"http:\/\/www.eloriente.net\/home\/wp-json\/wp\/v2\/posts\/21192"}],"collection":[{"href":"http:\/\/www.eloriente.net\/home\/wp-json\/wp\/v2\/posts"}],"about":[{"href":"http:\/\/www.eloriente.net\/home\/wp-json\/wp\/v2\/types\/post"}],"author":[{"embeddable":true,"href":"http:\/\/www.eloriente.net\/home\/wp-json\/wp\/v2\/users\/1"}],"replies":[{"embeddable":true,"href":"http:\/\/www.eloriente.net\/home\/wp-json\/wp\/v2\/comments?post=21192"}],"version-history":[{"count":6,"href":"http:\/\/www.eloriente.net\/home\/wp-json\/wp\/v2\/posts\/21192\/revisions"}],"predecessor-version":[{"id":21289,"href":"http:\/\/www.eloriente.net\/home\/wp-json\/wp\/v2\/posts\/21192\/revisions\/21289"}],"wp:featuredmedia":[{"embeddable":true,"href":"http:\/\/www.eloriente.net\/home\/wp-json\/wp\/v2\/media\/21241"}],"wp:attachment":[{"href":"http:\/\/www.eloriente.net\/home\/wp-json\/wp\/v2\/media?parent=21192"}],"wp:term":[{"taxonomy":"category","embeddable":true,"href":"http:\/\/www.eloriente.net\/home\/wp-json\/wp\/v2\/categories?post=21192"},{"taxonomy":"post_tag","embeddable":true,"href":"http:\/\/www.eloriente.net\/home\/wp-json\/wp\/v2\/tags?post=21192"}],"curies":[{"name":"wp","href":"https:\/\/api.w.org\/{rel}","templated":true}]}}