{"id":21193,"date":"2014-02-19T09:01:03","date_gmt":"2014-02-19T15:01:03","guid":{"rendered":"http:\/\/www.eloriente.net\/home\/?p=21193"},"modified":"2014-02-19T09:07:50","modified_gmt":"2014-02-19T15:07:50","slug":"continuar-con-cobertura-de-programas-sociales-solicita-villacana-a-sedesol","status":"publish","type":"post","link":"http:\/\/www.eloriente.net\/home\/2014\/02\/19\/continuar-con-cobertura-de-programas-sociales-solicita-villacana-a-sedesol\/","title":{"rendered":"Continuar con cobertura de programas sociales, solicita Villaca\u00f1a a SEDESOL"},"content":{"rendered":"<p>eloriente.net\/<a href=\"http:\/\/www.municipiodeoaxaca.gob.mx\/\" target=\"_blank\">Ayuntamiento de Oaxaca de Ju\u00e1rez<\/a><\/p>\n<p>19 de febrero de 2014<\/p>\n<p>En el marco de la reuni\u00f3n estatal con responsables afiliadas al programa de estancias infantiles para apoyar a madres trabajadoras, el Presidente Municipal de Oaxaca de Ju\u00e1rez, Javier Villaca\u00f1a Jim\u00e9nez, solicit\u00f3 a la directora general de Programas Sociales de SEDESOL, Flora Martha Ang\u00f3n Paz, contin\u00fae ampliando la cobertura de beneficios de los programas de asistencia social en apoyo de familias capitalinas de colonias populares y agencias municipales.<\/p>\n<p>Al participar en la reuni\u00f3n de trabajo con la representante personal de la Secretar\u00eda de Desarrollo Social, Rosario Robles, el mun\u00edcipe de la capital del Estado pidi\u00f3 incluir a todos aquellos hogares capitalinos con carencias sociales en los beneficios de programas como seguro de vida para jefas de familia, pensi\u00f3n para adultos mayores y acceso a las diferentes opciones productivas.<\/p>\n<p>Esta respetuosa exigencia, dijo, la hacemos convencidos de la estrategia presidencial de inclusi\u00f3n y bienestar social, que se ejecuta a partir de un proceso participativo y de amplio alcance, sumando esfuerzos y recursos federales, estatales y municipales, adem\u00e1s de los sectores p\u00fablico, social y privado, para el cumplimiento de los objetivos de la Cruzada Nacional contra el Hambre.<\/p>\n<p>En relaci\u00f3n con las estancias infantiles, el edil de la ciudad manifest\u00f3 que en coordinaci\u00f3n con el Instituto Estatal de Protecci\u00f3n Civil est\u00e1 garantizada su operaci\u00f3n en \u00f3ptimas condiciones de seguridad, para asegurar el desarrollo de los ni\u00f1os que asisten a ese cuidado y\u00a0que contribuya a mejorar las condiciones de acceso y permanencia en el mercado laboral de las mujeres que trabajan.<\/p>\n<p>Finalmente, el primer concejal capitalino reiter\u00f3 el respaldo de la administraci\u00f3n municipal en las gestiones necesarias que fortalezcan la presencia del programa en colonias populares de la ciudad de Oaxaca de Ju\u00e1rez.<\/p>\n<p>&nbsp;<\/p>\n<p><a href=\"http:\/\/www.eloriente.net\/home\/wp-content\/uploads\/2014\/02\/sedesol.jpg\"><img loading=\"lazy\" decoding=\"async\" class=\"alignnone size-medium wp-image-21194\" title=\"sedesol\" src=\"http:\/\/www.eloriente.net\/home\/wp-content\/uploads\/2014\/02\/sedesol-300x200.jpg\" alt=\"\" width=\"300\" height=\"200\" srcset=\"http:\/\/www.eloriente.net\/home\/wp-content\/uploads\/2014\/02\/sedesol-300x200.jpg 300w, http:\/\/www.eloriente.net\/home\/wp-content\/uploads\/2014\/02\/sedesol-1024x682.jpg 1024w, http:\/\/www.eloriente.net\/home\/wp-content\/uploads\/2014\/02\/sedesol.jpg 1126w\" sizes=\"(max-width: 300px) 100vw, 300px\" \/><\/a><\/p>\n<p>Foto: Ayuntamiento de Oaxaca de Ju\u00e1rez<\/p>\n<p>&nbsp;<\/p>\n<p><strong>Entradas relacionadas:<\/strong><\/p>\n<p><a title=\"Permalink to Analiza Congreso iniciativa de Ley de Mejora Regulatoria en el Estado\" href=\"http:\/\/www.eloriente.net\/home\/2014\/02\/17\/analiza-congreso-iniciativa-de-ley-de-mejora-regulatoria-en-el-estado\/\" rel=\"bookmark\">Analiza Congreso iniciativa de Ley de Mejora Regulatoria en el Estado<\/a><\/p>\n<p><a href=\"http:\/\/www.eloriente.net\/home\/2014\/02\/17\/analiza-congreso-iniciativa-de-ley-de-mejora-regulatoria-en-el-estado\/\" rel=\"bookmark\"><img decoding=\"async\" title=\"Analiza Congreso iniciativa de Ley de Mejora Regulatoria en el Estado\" src=\"http:\/\/www.eloriente.net\/home\/wp-content\/themes\/city-desk\/timthumb.php?src=http%3A%2F%2Fwww.eloriente.net%2Fhome%2Fwp-content%2Fuploads%2F2014%2F02%2Fdiputados.jpg&amp;q=90&amp;w=160&amp;h=106&amp;zc=1\" alt=\"Analiza Congreso iniciativa de Ley de Mejora Regulatoria en el Estado\" \/><\/a><\/p>\n<p>eloriente.net\/Congreso del Estado 17 de febrero de 2014 \u201cEs indispensable promover la gobernabilidad, seguridad jur\u00eddica y la competitividad de la entidad\u201d, resalta la propuesta de ley enviada al pleno de la LXII Legislatura del Estado por el titular del Poder Ejecutivo Estatal. La Comisi\u00f3n Permanente de Administraci\u00f3n de Justicia de la LXII Legislatura del Estado, [&#8230;]<\/p>\n<p>February 17, 2014<\/p>\n<p><a title=\"Permalink to Realizan trabajos de restauraci\u00f3n en Museo del Ferrocarril\" href=\"http:\/\/www.eloriente.net\/home\/2014\/02\/13\/realizan-trabajos-de-restauracion-en-museo-del-ferrocarril\/\" rel=\"bookmark\">Realizan trabajos de restauraci\u00f3n en Museo del Ferrocarril<\/a><\/p>\n<p><a href=\"http:\/\/www.eloriente.net\/home\/2014\/02\/13\/realizan-trabajos-de-restauracion-en-museo-del-ferrocarril\/\" rel=\"bookmark\"><img decoding=\"async\" title=\"Realizan trabajos de restauraci\u00f3n en Museo del Ferrocarril\" src=\"http:\/\/www.eloriente.net\/home\/wp-content\/themes\/city-desk\/timthumb.php?src=http%3A%2F%2Fwww.eloriente.net%2Fhome%2Fwp-content%2Fuploads%2F2014%2F02%2Fferrocarril1.jpg&amp;q=90&amp;w=160&amp;h=106&amp;zc=1\" alt=\"Realizan trabajos de restauraci\u00f3n en Museo del Ferrocarril\" \/><\/a><\/p>\n<p>eloriente.net\/Ayuntamiento de Oaxaca de Ju\u00e1rez 13 de febrero de 2014 Luego de reiterar su respeto a las expresiones culturales, el Presidente Municipal de Oaxaca de Ju\u00e1rez, Javier Villaca\u00f1a Jim\u00e9nez, inform\u00f3 de los trabajos de restauraci\u00f3n y rescate del inmueble que alberga al Museo del Ferrocarril como parte de las acciones de mejoramiento de la imagen [&#8230;]<\/p>\n<p>February 13, 2014<\/p>\n<div id=\"post-20938\">\n<p><a title=\"Permalink to Defensor\u00eda en Oaxaca dirige Alerta a Secretar\u00eda General por caso Puerto Escondido\" href=\"http:\/\/www.eloriente.net\/home\/2014\/02\/13\/defensoria-en-oaxaca-dirige-alerta-a-secretaria-general-por-caso-puerto-escondido\/\" rel=\"bookmark\">Defensor\u00eda en Oaxaca dirige Alerta a Secretar\u00eda General por caso Puerto Escondido<\/a><\/p>\n<p><a href=\"http:\/\/www.eloriente.net\/home\/2014\/02\/13\/defensoria-en-oaxaca-dirige-alerta-a-secretaria-general-por-caso-puerto-escondido\/\" rel=\"bookmark\"><img decoding=\"async\" title=\"Defensor\u00eda en Oaxaca dirige Alerta a Secretar\u00eda General por caso Puerto Escondido\" src=\"http:\/\/www.eloriente.net\/home\/wp-content\/themes\/city-desk\/timthumb.php?src=http%3A%2F%2Fwww.eloriente.net%2Fhome%2Fwp-content%2Fuploads%2F2014%2F02%2FPuerto-Escondido-Atribucio%CC%81nCompartir-bajo-la-misma-licencia-Algunos-derechos-reservados-por-nachof.jpg&amp;q=90&amp;w=160&amp;h=106&amp;zc=1\" alt=\"Defensor\u00eda en Oaxaca dirige Alerta a Secretar\u00eda General por caso Puerto Escondido\" \/><\/a><\/p>\n<p>eloriente.net\/DDHPO* 13 de febrero de 2014 La Defensor\u00eda de los Derechos Humanos del Pueblo de Oaxaca emiti\u00f3 una Alerta Temprana \u00a0ante el riesgo de una confrontaci\u00f3n entre \u00a0los municipios de San Pedro Mixtepec, Juquila\u00a0 y Santa Mar\u00eda Colotepec, Pochutla, Oaxaca, que ponga en riesgo la integridad f\u00edsica de los habitantes, as\u00ed como de los visitantes [&#8230;]<\/p>\n<p>February 13, 2014<\/p>\n<\/div>\n\n\t\t\t  <div \n\t\t\t  \tclass = \"fb-comments\" \n\t\t\t  \tdata-href = \"http:\/\/www.eloriente.net\/home\/2014\/02\/19\/continuar-con-cobertura-de-programas-sociales-solicita-villacana-a-sedesol\/\"\n\t\t\t  \tdata-numposts = \"10\"\n\t\t\t\tdata-colorscheme = \"dark\"\n\t\t\t\tdata-order-by = \"social\"\n\t\t\t\tdata-mobile=true>\n\t\t\t  <\/div>\n\t\t  <style>\n\t\t\t.fb_iframe_widget_fluid_desktop iframe {\n\t\t\t    width: 100% !important;\n\t\t\t}\n\t\t  <\/style>\n\t\t  ","protected":false},"excerpt":{"rendered":"<p>eloriente.net\/Ayuntamiento de Oaxaca de Ju\u00e1rez 19 de febrero de 2014 En el marco de la reuni\u00f3n estatal con responsables afiliadas al programa de estancias infantiles para apoyar a madres trabajadoras, el Presidente Municipal de Oaxaca de Ju\u00e1rez, Javier Villaca\u00f1a Jim\u00e9nez, solicit\u00f3 a la directora general de Programas Sociales de SEDESOL, Flora Martha Ang\u00f3n Paz, contin\u00fae [&hellip;]<\/p>\n","protected":false},"author":26,"featured_media":21194,"comment_status":"open","ping_status":"open","sticky":false,"template":"","format":"standard","meta":{"_jetpack_memberships_contains_paid_content":false,"footnotes":""},"categories":[32,10,23,21],"tags":[],"class_list":["post-21193","post","type-post","status-publish","format-standard","has-post-thumbnail","hentry","category-entradas","category-lo-mas-reciente","category-municipios","category-politica-y-gobierno"],"jetpack_featured_media_url":"http:\/\/www.eloriente.net\/home\/wp-content\/uploads\/2014\/02\/sedesol.jpg","jetpack_sharing_enabled":true,"_links":{"self":[{"href":"http:\/\/www.eloriente.net\/home\/wp-json\/wp\/v2\/posts\/21193"}],"collection":[{"href":"http:\/\/www.eloriente.net\/home\/wp-json\/wp\/v2\/posts"}],"about":[{"href":"http:\/\/www.eloriente.net\/home\/wp-json\/wp\/v2\/types\/post"}],"author":[{"embeddable":true,"href":"http:\/\/www.eloriente.net\/home\/wp-json\/wp\/v2\/users\/26"}],"replies":[{"embeddable":true,"href":"http:\/\/www.eloriente.net\/home\/wp-json\/wp\/v2\/comments?post=21193"}],"version-history":[{"count":7,"href":"http:\/\/www.eloriente.net\/home\/wp-json\/wp\/v2\/posts\/21193\/revisions"}],"predecessor-version":[{"id":21200,"href":"http:\/\/www.eloriente.net\/home\/wp-json\/wp\/v2\/posts\/21193\/revisions\/21200"}],"wp:featuredmedia":[{"embeddable":true,"href":"http:\/\/www.eloriente.net\/home\/wp-json\/wp\/v2\/media\/21194"}],"wp:attachment":[{"href":"http:\/\/www.eloriente.net\/home\/wp-json\/wp\/v2\/media?parent=21193"}],"wp:term":[{"taxonomy":"category","embeddable":true,"href":"http:\/\/www.eloriente.net\/home\/wp-json\/wp\/v2\/categories?post=21193"},{"taxonomy":"post_tag","embeddable":true,"href":"http:\/\/www.eloriente.net\/home\/wp-json\/wp\/v2\/tags?post=21193"}],"curies":[{"name":"wp","href":"https:\/\/api.w.org\/{rel}","templated":true}]}}